{"id":1390,"date":"2020-04-01T05:32:54","date_gmt":"2020-04-01T05:32:54","guid":{"rendered":"https:\/\/www.affinite.fr\/index.php\/2020\/04\/01\/des-bras-pour-ton-assiette-le-site-qui-aide-les-agriculteurs-a-trouver-de-la-main-doeuvre\/"},"modified":"2020-04-01T05:32:54","modified_gmt":"2020-04-01T05:32:54","slug":"des-bras-pour-ton-assiette-le-site-qui-aide-les-agriculteurs-a-trouver-de-la-main-doeuvre","status":"publish","type":"post","link":"http:\/\/www.affinite.fr\/index.php\/2020\/04\/01\/des-bras-pour-ton-assiette-le-site-qui-aide-les-agriculteurs-a-trouver-de-la-main-doeuvre\/","title":{"rendered":"\u00ab\u00a0Des bras pour ton assiette\u00a0\u00bb, le site qui aide les agriculteurs \u00e0 trouver de la main d&rsquo;oeuvre"},"content":{"rendered":"<p> [ad_1]<br \/>\n<\/p>\n<div itemprop=\"articleBody\">\n<p>\u00ab<em>\u00a0Le Covid-19 impacte aussi l&rsquo;agriculture !\u00a0<\/em>\u00bb Le constat est en premi\u00e8re page du site \u00ab\u00a0desbraspourtonassiette\u00a0\u00bb d\u00e9velopp\u00e9 en partenariat avec P\u00f4le Emploi et l&rsquo;Association nationale pour l&#8217;emploi et la <a href=\"http:\/\/www.affinite.fr\/index.php\/2022\/11\/09\/formation-de-glacier-apprenez-le-metier-de-glacier-et-changez-votre-vie\/\">formation<\/a> des agriculteurs (Anefa).<\/p>\n<blockquote>\n<p>Avec la fermeture des fronti\u00e8res et la propagation de l&rsquo;\u00e9pid\u00e9mie, la main d&rsquo;oeuvre agricole \u00ab\u00a0<em>manque plus que jamais. Il est n\u00e9cessaire de se mobiliser pour subvenir aux besoins alimentaires de la population<\/em>\u00a0\u00bb, explique le site.\u00a0<\/p>\n<\/blockquote>\n<div data-force-click=\"true\" class=\"bloc\">\n<blockquote class=\"twitter-tweet\">\n<p lang=\"fr\" dir=\"ltr\">Des bras pour ton assiette&#8230; mise en place de la plateforme <a href=\"https:\/\/t.co\/QRYryeZSey\">https:\/\/t.co\/QRYryeZSey<\/a> pour aider les exploitations impact\u00e9es par le manque de main d\u2019\u0153uvre dans cette p\u00e9riode de confinement. Pour aider les employeurs en main d\u2019\u0153uvre pour des travaux agricoles et viticoles&#8230; <a href=\"https:\/\/t.co\/rFHqUxKLPH\">pic.twitter.com\/rFHqUxKLPH<\/a><\/p>\n<p>\u2014 Pr\u00e9f\u00e8te de la Creuse (@Prefet23) <a href=\"https:\/\/twitter.com\/Prefet23\/status\/1243187336256593921?ref_src=twsrc%5Etfw\">March 26, 2020<\/a><\/p><\/blockquote><\/div>\n<h3 style=\"color:#333; font-family:arial,helvetica,sans-serif; font-size:23px; font-weight:700\">Plus de 300 missions en ligne<\/h3>\n<p>Sous la forme d&rsquo;une plate-forme de mise en relation classique, le site propose deux boutons\u00a0: \u00ab <em>j&rsquo;ai besoin de main d&rsquo;oeuvre<\/em>\u00a0\u00bb \u00e0 destination des agriculteurs et\u00a0un autre \u00ab\u00a0<em>je suis disponible<\/em>\u00a0\u00bb pour les volontaires\u00a0(voir l&rsquo;image ci-dessous).<\/p>\n<figure class=\"figure text-center\"><img decoding=\"async\" class=\"article-img img-responsive-l\" src=\"https:\/\/img.bfmtv.com\/c\/0\/708\/92b\/39ad6bb3b4a5d4b2004ac0227727a.png\" alt=\"\"\/><figcaption class=\"figure-caption figcaption color-txt-0 title-xs hidden-xs\"\/><\/figure>\n<p style=\"color:#333; font-family:arial,helvetica,sans-serif; font-size:18px\">Jusqu&rsquo;\u00e0 pr\u00e9sent le site recense au moins\u00a0382\u00a0annonces. Pour les voir, il suffit de cliquer sur l&rsquo;onglet\u00a0\u00ab Missions \u00bb. La recherche se fait par d\u00e9partement &#8211; qui sont dans leur grande majorit\u00e9 tous concern\u00e9s. La plupart des missions sont \u00e0 pourvoir d\u00e8s que possible.\u00a0<\/p>\n<p style=\"color:#333; font-family:arial,helvetica,sans-serif; font-size:18px\">Les missions sont toutes r\u00e9gies par un contrat \u00e0 dur\u00e9e d\u00e9termin\u00e9e (CDD)\u00a0et donc r\u00e9mun\u00e9r\u00e9es. Les CDD sont \u00e0 signer directement avec l&#8217;employeur qui a publi\u00e9 l&rsquo;annonce.<\/p>\n<aside class=\"bg-color-0 padding-inside-all-s bloc border-s\">\n<h4 class=\"box-txt-normal\">\n<p><strong>\u00c0 d\u00e9couvrir aussi en vid\u00e9o<\/strong><\/p>\n<\/h4>\n<\/aside>\n<h3 style=\"color:#333; font-family:arial,helvetica,sans-serif; font-size:23px; font-weight:700\">Manque de 200\u00a0000 personnes dans les champs<\/h3>\n<p>Pour s&rsquo;inscrire les crit\u00e8res sont simples : \u00eatre\u00a0<span>en bonne sant\u00e9, ne\u00a0pas faire partie des personnes \u00e0 risque,\u00a0<\/span><span>adopter les bons gestes,\u00a0<\/span><span>respecter les consignes de s\u00e9curit\u00e9 et\u00a0les mesures li\u00e9es au confinement.<br \/>Ensuite vous n&rsquo;avez qu&rsquo;\u00e0 renseigner vos comp\u00e9tences et disponibilit\u00e9s.\u00a0<\/span><span>\u00c0 partir du moment o\u00f9 vous vous inscrivez, la plate-forme\u00a0<\/span>\u00ab\u00a0<em>propose\u00a0automatiquement votre profil aux agriculteurs<\/em>\u00a0\u00bb.\u00a0<\/p>\n<p>Selon le\u00a0r\u00e9seau\u00a0<a href=\"https:\/\/fermesdavenir.org\" target=\"_blank\" rel=\"noopener noreferrer\">Fermes d&rsquo;avenir<\/a>, 200\u00a0000 personnes manquent dans les champs pour les trois\u00a0prochains mois.\u00a0<\/p>\n<blockquote>\n<p>\u00ab\u00a0<em>Si le mot de p\u00e9nurie n\u2019est pas du tout \u00e0 l\u2019ordre du jour, nous devons nous assurer qu\u2019il ne le sera pas demain<\/em>\u00a0\u00bb, pr\u00e9vient le collectif.<\/p>\n<\/blockquote>\n<p><strong>Source<\/strong> : <a href=\"https:\/\/desbraspourtonassiette.wizi.farm\" target=\"_blank\" rel=\"noopener noreferrer\">Des bras pour ton assiette<\/a><\/p>\n<\/p><\/div>\n<p><script async src=\"http:\/\/platform.twitter.com\/widgets.js\" charset=\"utf-8\"><\/script><script>\n         !function(f,b,e,v,n,t,s){if(f.fbq)return;n=f.fbq=function()\n         {n.callMethod? n.callMethod.apply(n,arguments):n.queue.push(arguments)}\n         ;if(!f._fbq)f._fbq=n;\n             n.push=n;n.loaded=!0;n.version='2.0';n.queue=[];t=b.createElement(e);t.async=!0;\n             t.src=v;s=b.getElementsByTagName(e)[0];s.parentNode.insertBefore(t,s)}(window,\n                 document,'script','https:\/\/connect.facebook.net\/en_US\/fbevents.js');\n         fbq('init', '1065890633454496');\n         fbq('track', 'PageView');\n     <\/script><br \/>\n<br \/>[ad_2]<br \/>\n<br \/><a href=\"https:\/\/www.01net.com\/actualites\/des-bras-pour-ton-assiette-le-site-qui-aide-les-agriculteurs-a-trouver-de-la-main-d-oeuvre-1885704.html\">Source link <\/a><\/p>\n","protected":false},"excerpt":{"rendered":"<p>[ad_1] \u00ab\u00a0Le Covid-19 impacte aussi l&rsquo;agriculture !\u00a0\u00bb Le constat est en premi\u00e8re page du site \u00ab\u00a0desbraspourtonassiette\u00a0\u00bb d\u00e9velopp\u00e9 en partenariat avec &hellip; <a href=\"http:\/\/www.affinite.fr\/index.php\/2020\/04\/01\/des-bras-pour-ton-assiette-le-site-qui-aide-les-agriculteurs-a-trouver-de-la-main-doeuvre\/\" class=\"more-link\">Plus <span class=\"screen-reader-text\">\u00ab\u00a0Des bras pour ton assiette\u00a0\u00bb, le site qui aide les agriculteurs \u00e0 trouver de la main d&rsquo;oeuvre<\/span> <span class=\"meta-nav\">&rarr;<\/span><\/a><\/p>\n","protected":false},"author":1,"featured_media":1391,"comment_status":"open","ping_status":"open","sticky":false,"template":"","format":"standard","meta":{"_sitemap_exclude":false,"_sitemap_priority":"","_sitemap_frequency":"","footnotes":""},"categories":[1],"tags":[],"class_list":["post-1390","post","type-post","status-publish","format-standard","has-post-thumbnail","hentry","category-tous"],"_links":{"self":[{"href":"http:\/\/www.affinite.fr\/index.php\/wp-json\/wp\/v2\/posts\/1390"}],"collection":[{"href":"http:\/\/www.affinite.fr\/index.php\/wp-json\/wp\/v2\/posts"}],"about":[{"href":"http:\/\/www.affinite.fr\/index.php\/wp-json\/wp\/v2\/types\/post"}],"author":[{"embeddable":true,"href":"http:\/\/www.affinite.fr\/index.php\/wp-json\/wp\/v2\/users\/1"}],"replies":[{"embeddable":true,"href":"http:\/\/www.affinite.fr\/index.php\/wp-json\/wp\/v2\/comments?post=1390"}],"version-history":[{"count":0,"href":"http:\/\/www.affinite.fr\/index.php\/wp-json\/wp\/v2\/posts\/1390\/revisions"}],"wp:featuredmedia":[{"embeddable":true,"href":"http:\/\/www.affinite.fr\/index.php\/wp-json\/wp\/v2\/media\/1391"}],"wp:attachment":[{"href":"http:\/\/www.affinite.fr\/index.php\/wp-json\/wp\/v2\/media?parent=1390"}],"wp:term":[{"taxonomy":"category","embeddable":true,"href":"http:\/\/www.affinite.fr\/index.php\/wp-json\/wp\/v2\/categories?post=1390"},{"taxonomy":"post_tag","embeddable":true,"href":"http:\/\/www.affinite.fr\/index.php\/wp-json\/wp\/v2\/tags?post=1390"}],"curies":[{"name":"wp","href":"https:\/\/api.w.org\/{rel}","templated":true}]}}