{"id":1384,"date":"2020-04-01T02:01:35","date_gmt":"2020-04-01T02:01:35","guid":{"rendered":"https:\/\/www.affinite.fr\/index.php\/2020\/04\/01\/le-ministre-jean-michel-blanquer-est-devenu-la-risee-des-twittos-a-cause-de-hackers-russes\/"},"modified":"2020-04-01T02:01:35","modified_gmt":"2020-04-01T02:01:35","slug":"le-ministre-jean-michel-blanquer-est-devenu-la-risee-des-twittos-a-cause-de-hackers-russes","status":"publish","type":"post","link":"http:\/\/www.affinite.fr\/index.php\/2020\/04\/01\/le-ministre-jean-michel-blanquer-est-devenu-la-risee-des-twittos-a-cause-de-hackers-russes\/","title":{"rendered":"Le ministre Jean-Michel Blanquer est devenu la ris\u00e9e des twittos&#8230; \u00e0 cause de hackers russes"},"content":{"rendered":"<p> [ad_1]<br \/>\n<br \/><img decoding=\"async\" src=\"https:\/\/img.bfmtv.com\/i\/0\/0\/6c4\/3a111f0f72697cca467b0f8a3647d.jpg\" \/><\/p>\n<div itemprop=\"articleBody\">\n<p>Quand il y a des choses que l\u2019on ne ma\u00eetrise pas tr\u00e8s bien, il vaut mieux ne pas les dire, et surtout pas \u00e0 des journalistes. Il y a quelques jours, <em>Challenges<\/em>\u00a0s&rsquo;est\u00a0fait l\u2019\u00e9cho d\u2019une r\u00e9plique de Jean-Michel Blanquer, ministre de l\u2019\u00c9ducation nationale. Depuis le d\u00e9but du confinement, les serveurs de l\u2019\u00e9cole \u00e0 la maison sont en surchauffe, avec \u00e0 la cl\u00e9 <a href=\"https:\/\/www.01net.com\/actualites\/coronavirus-chronique-d-une-premiere-semaine-mouvementee-d-ecole-a-distance-1878275.html\" target=\"_blank\" rel=\"noopener noreferrer\">de nombreuses ruptures de services<\/a>. Pour expliquer en partie ces difficult\u00e9s techniques, le ministre a d\u00e9clar\u00e9\u00a0:<\/p>\n<blockquote>\n<p><em>\u00ab\u00a0Il a fallu faire face \u00e0 des attaques informatiques multiples, notamment venues de Russie. Mais nos pare-feu sont robustes.\u00a0\u00bb<\/em><\/p>\n<\/blockquote>\n<p>Il n\u2019en a pas\u00a0fallu\u00a0plus pour enflammer la twittosph\u00e8re qui juge cette d\u00e9claration particuli\u00e8rement fumeuse.<\/p>\n<div data-force-click=\"true\" class=\"bloc\">\n<blockquote class=\"twitter-tweet\" data-partner=\"tweetdeck\">\n<p dir=\"ltr\" lang=\"fr\">Blanquer d\u00e9nonce les hackers russes qui s&rsquo;attaqueraient aux serveurs de l&rsquo;\u00e9ducation nationale ?<\/p>\n<p>Ils doivent bien rigoler \u00e0 l&rsquo;<a href=\"https:\/\/twitter.com\/ANSSI_FR?ref_src=twsrc%5Etfw\">@ANSSI_FR<\/a><a href=\"https:\/\/t.co\/a0agkfk5jU\">https:\/\/t.co\/a0agkfk5jU<\/a><\/p>\n<p>\u2014 Jill Royer (@JillRoyerFr) <a href=\"https:\/\/twitter.com\/JillRoyerFr\/status\/1244244438240702464?ref_src=twsrc%5Etfw\">March 29, 2020<\/a><\/p><\/blockquote>\n<blockquote class=\"twitter-tweet\" data-conversation=\"none\" data-cards=\"hidden\" data-partner=\"tweetdeck\">\n<p dir=\"ltr\" lang=\"fr\">Avec Blanquer qui accuse maintenant les hackers russes pour les d\u00e9faillances des plateformes de l&rsquo;\u00e9ducation nationale, c&rsquo;est vraiment un gouvernement de \u00ab\u00a0c&rsquo;est pas moi c&rsquo;est l&rsquo;autre\u00a0\u00bb.<\/p>\n<p>\u2014 towanda_threadgoode (@Towanda_Thread) <a href=\"https:\/\/twitter.com\/Towanda_Thread\/status\/1244325483568869378?ref_src=twsrc%5Etfw\">March 29, 2020<\/a><\/p><\/blockquote>\n<blockquote class=\"twitter-tweet\" data-partner=\"tweetdeck\">\n<p dir=\"ltr\" lang=\"fr\">Quand tu es ministre, que tu essaies de cacher ton incomp\u00e9tence derri\u00e8re de faux hackers russes&#8230; et que \u00e7a se voit tellement que \u00e7a en devient ridicule, r\u00e9action du monde entier : <a href=\"https:\/\/t.co\/BGSpIgKNsr\">https:\/\/t.co\/BGSpIgKNsr<\/a> <a href=\"https:\/\/t.co\/JtUNzEkRA0\">pic.twitter.com\/JtUNzEkRA0<\/a><\/p>\n<p>\u2014 ???Steph??? (@technofeliz) <a href=\"https:\/\/twitter.com\/technofeliz\/status\/1244314128581263365?ref_src=twsrc%5Etfw\">March 29, 2020<\/a><\/p><\/blockquote><\/div>\n<p>Parmi les plus incisifs, il y a Julien Gossa, un chercheur en informatique de l\u2019universit\u00e9 de Strasbourg, qui pense qu\u2019il s\u2019agit l\u00e0 d\u2019une <em>\u00ab\u00a0manipulation grossi\u00e8re\u00a0\u00bb<\/em> dont le but est de camoufler les failles de l\u2019action gouvernementale.<\/p>\n<div data-force-click=\"true\" class=\"bloc\">\n<blockquote class=\"twitter-tweet\" data-partner=\"tweetdeck\">\n<p dir=\"ltr\" lang=\"fr\">La manipulation est grossi\u00e8re. On est cens\u00e9 imaginer des russes se r\u00e9unir en urgence et d\u00e9cider \u00ab Ivan ! On va emp\u00eacher les petits fran\u00e7ais de travailler ce lundi matin, Tovaritch \u00bb, le clavier entre les dents ?<\/p>\n<p>Pourquoi ils feraient \u00e7a ? Pour emb\u00eater Matth\u00e9o ou Jean-Michel ? <a href=\"https:\/\/t.co\/ynudnyG3e5\">pic.twitter.com\/ynudnyG3e5<\/a><\/p>\n<p>\u2014 Julien Gossa (@JulienGossa) <a href=\"https:\/\/twitter.com\/JulienGossa\/status\/1244203649678573568?ref_src=twsrc%5Etfw\">March 29, 2020<\/a><\/p><\/blockquote><\/div>\n<p>Dans <a href=\"https:\/\/twitter.com\/JulienGossa\/status\/1239492150041227265\" target=\"_blank\" rel=\"noopener noreferrer\">un long thread<\/a> pr\u00e9c\u00e9dent, Julien\u00a0Gossa avait d\u00e9j\u00e0 estim\u00e9 que la surcharge des \u00ab\u00a0espaces num\u00e9riques de travail\u00a0\u00bb (ENT) \u00e9tait pr\u00e9visible, et que le ministre a provoqu\u00e9 lui-m\u00eame leur <em>\u00ab\u00a0d\u00e9ni de service\u00a0\u00bb<\/em> en donnant <em>\u00ab\u00a0des ordres stupides\u00a0\u00bb<\/em>.<\/p>\n<blockquote>\n<p><em>\u00ab\u00a0Jean-Michel, c\u2019est toi qui a organis\u00e9 l\u2019attaque. On appelle \u00e7a un DoS (Deny of Service). \u00c7a consiste \u00e0 \u00eatre nombreux sur un serveur pour le faire craquer. T\u2019as demand\u00e9 \u00e0 tous les profs et tous les \u00e9l\u00e8ves de France d\u2019organiser un DoS\u00a0\u00bb<\/em>, explique-t-il dans <a href=\"https:\/\/twitter.com\/JulienGossa\/status\/1239521926709723142\" target=\"_blank\" rel=\"noopener noreferrer\">l\u2019un des tweets<\/a>.<\/p>\n<\/blockquote>\n<aside class=\"bg-color-0 padding-inside-all-s bloc border-s\">\n<h4 class=\"box-txt-normal\">\n<p><b>A d\u00e9couvrir aussi en vid\u00e9o<\/b>\n<\/p>\n<\/h4>\n<\/aside>\n<p>Mais certains, comme l\u2019utilisateur \u00ab\u00a0Banane\u00a0\u00bb, ne trouvent pas totalement irr\u00e9aliste que des hackers se soient d\u00e9cha\u00een\u00e9s contre les serveurs de l\u2019\u00c9ducation nationale. Car finalement, les hackers s\u2019attaquent \u00e0 tout et n\u2019importe quoi.<\/p>\n<div data-force-click=\"true\" class=\"bloc\">\n<blockquote class=\"twitter-tweet\" data-conversation=\"none\" data-cards=\"hidden\" data-partner=\"tweetdeck\">\n<p dir=\"ltr\" lang=\"fr\">Et pourtant il est probable que les site de l&rsquo;\u00e9ducation nationale soient la cible de hackers, et notamment russes. C&rsquo;est le cas chaque fois qu&rsquo;un site sensible ou d&rsquo;\u00e9tat est mis en service. Il ne faut pas voir derri\u00e8re tout \u00e7a la main du Kremlin, \u00e7a n&rsquo;a rien \u00e0 voir.<\/p>\n<p>\u2014 Banane (@banane353) <a href=\"https:\/\/twitter.com\/banane353\/status\/1244249910523895808?ref_src=twsrc%5Etfw\">March 29, 2020<\/a><\/p><\/blockquote><\/div>\n<p>Nous avons envoy\u00e9 une demande aupr\u00e8s du minist\u00e8re de l\u2019\u00c9ducation nationale pour en savoir plus sur ces myst\u00e9rieuses attaques venues de Russie. Mais pour l\u2019instant, nous n\u2019avons eu aucune r\u00e9ponse.<\/p>\n<p><strong>Source<\/strong>: <a href=\"https:\/\/www.challenges.fr\/politique\/en-toute-indiscretion-26-03-20_704225\" target=\"_blank\" rel=\"noopener noreferrer\">Challenges<\/a><\/p>\n<\/p><\/div>\n<p><script async src=\"http:\/\/platform.twitter.com\/widgets.js\" charset=\"utf-8\"><\/script><script>\n         !function(f,b,e,v,n,t,s){if(f.fbq)return;n=f.fbq=function()\n         {n.callMethod? n.callMethod.apply(n,arguments):n.queue.push(arguments)}\n         ;if(!f._fbq)f._fbq=n;\n             n.push=n;n.loaded=!0;n.version='2.0';n.queue=[];t=b.createElement(e);t.async=!0;\n             t.src=v;s=b.getElementsByTagName(e)[0];s.parentNode.insertBefore(t,s)}(window,\n                 document,'script','https:\/\/connect.facebook.net\/en_US\/fbevents.js');\n         fbq('init', '1065890633454496');\n         fbq('track', 'PageView');\n     <\/script><br \/>\n<br \/>[ad_2]<br \/>\n<br \/><a href=\"https:\/\/www.01net.com\/actualites\/le-ministre-jean-michel-blanquer-est-devenu-la-risee-des-twittos-a-cause-de-hackers-russes-1885407.html\">Source link <\/a><\/p>\n","protected":false},"excerpt":{"rendered":"<p>[ad_1] Quand il y a des choses que l\u2019on ne ma\u00eetrise pas tr\u00e8s bien, il vaut mieux ne pas les &hellip; <a href=\"http:\/\/www.affinite.fr\/index.php\/2020\/04\/01\/le-ministre-jean-michel-blanquer-est-devenu-la-risee-des-twittos-a-cause-de-hackers-russes\/\" class=\"more-link\">Plus <span class=\"screen-reader-text\">Le ministre Jean-Michel Blanquer est devenu la ris\u00e9e des twittos&#8230; \u00e0 cause de hackers russes<\/span> <span class=\"meta-nav\">&rarr;<\/span><\/a><\/p>\n","protected":false},"author":1,"featured_media":1385,"comment_status":"open","ping_status":"open","sticky":false,"template":"","format":"standard","meta":{"_sitemap_exclude":false,"_sitemap_priority":"","_sitemap_frequency":"","footnotes":""},"categories":[1],"tags":[],"class_list":["post-1384","post","type-post","status-publish","format-standard","has-post-thumbnail","hentry","category-tous"],"_links":{"self":[{"href":"http:\/\/www.affinite.fr\/index.php\/wp-json\/wp\/v2\/posts\/1384"}],"collection":[{"href":"http:\/\/www.affinite.fr\/index.php\/wp-json\/wp\/v2\/posts"}],"about":[{"href":"http:\/\/www.affinite.fr\/index.php\/wp-json\/wp\/v2\/types\/post"}],"author":[{"embeddable":true,"href":"http:\/\/www.affinite.fr\/index.php\/wp-json\/wp\/v2\/users\/1"}],"replies":[{"embeddable":true,"href":"http:\/\/www.affinite.fr\/index.php\/wp-json\/wp\/v2\/comments?post=1384"}],"version-history":[{"count":0,"href":"http:\/\/www.affinite.fr\/index.php\/wp-json\/wp\/v2\/posts\/1384\/revisions"}],"wp:featuredmedia":[{"embeddable":true,"href":"http:\/\/www.affinite.fr\/index.php\/wp-json\/wp\/v2\/media\/1385"}],"wp:attachment":[{"href":"http:\/\/www.affinite.fr\/index.php\/wp-json\/wp\/v2\/media?parent=1384"}],"wp:term":[{"taxonomy":"category","embeddable":true,"href":"http:\/\/www.affinite.fr\/index.php\/wp-json\/wp\/v2\/categories?post=1384"},{"taxonomy":"post_tag","embeddable":true,"href":"http:\/\/www.affinite.fr\/index.php\/wp-json\/wp\/v2\/tags?post=1384"}],"curies":[{"name":"wp","href":"https:\/\/api.w.org\/{rel}","templated":true}]}}