{"id":1333,"date":"2020-03-31T01:52:49","date_gmt":"2020-03-31T01:52:49","guid":{"rendered":"https:\/\/www.affinite.fr\/index.php\/2020\/03\/31\/le-conseil-detat-donne-raison-a-google-contre-lavis-de-la-cnil\/"},"modified":"2020-03-31T01:52:49","modified_gmt":"2020-03-31T01:52:49","slug":"le-conseil-detat-donne-raison-a-google-contre-lavis-de-la-cnil","status":"publish","type":"post","link":"http:\/\/www.affinite.fr\/index.php\/2020\/03\/31\/le-conseil-detat-donne-raison-a-google-contre-lavis-de-la-cnil\/","title":{"rendered":"le Conseil d&rsquo;\u00c9tat donne raison \u00e0 Google, contre l&rsquo;avis de la Cnil"},"content":{"rendered":"<p> [ad_1]<br \/>\n<br \/><img decoding=\"async\" src=\"https:\/\/img.bfmtv.com\/i\/0\/0\/9f2\/5923682e33e4bf315c885761b0e33.jpeg\" \/><\/p>\n<div itemprop=\"articleBody\">\n<p>C\u2019est une victoire juridique pour Google. Apr\u00e8s la Cour de justice de l\u2019Union europ\u00e9enne (CJUE), le Conseil d\u2019\u00c9tat fran\u00e7ais d\u00e9boute la demande la Commission nationale de l\u2019informatique et des libert\u00e9s (Cnil) contre Google. En pr\u00e9cisant la port\u00e9e g\u00e9ographique du droit au d\u00e9r\u00e9f\u00e9rencement &#8211; commun\u00e9ment appel\u00e9 <a href=\"https:\/\/www.01net.com\/actualites\/dans-quelles-conditions-pouvez-vous-faire-valoir-votre-droit-a-l-oubli-sur-internet-1834210.html\" target=\"_blank\" rel=\"noopener noreferrer\">droit \u00e0 l&rsquo;oubli<\/a> &#8211;\u00a0le Conseil d\u2019\u00c9tat a mis fin \u00e0 un contentieux datant de 2016.\u00a0<\/p>\n<h3 style=\"color:#333; font-family:arial,helvetica,sans-serif; font-size:23px; font-weight:700\">L&rsquo;oubli\u00a0\u00ab\u00a0au cas par cas\u00a0\u00bb<\/h3>\n<p>\u00ab\u00a0<em>La port\u00e9e g\u00e9ographique du droit au d\u00e9r\u00e9f\u00e9rencement a une port\u00e9e mondiale<\/em> [mais, NDLR] <em>au cas par cas<\/em>\u00a0\u00bb, peut-on lire dans le communiqu\u00e9 de la Cnil qui dig\u00e8re son \u00e9chec. Ce n\u2019est pas une surprise puisque les conclusions de la CJUE sont \u00ab\u00a0automatiquement\u00a0\u00bb reprises par les \u00c9tats membres. Publi\u00e9e le 24 septembre 2019, cette <a href=\"https:\/\/www.01net.com\/actualites\/droit-a-l-oubli-sur-internet-la-justice-europeenne-donne-raison-a-google-face-a-la-cnil-1773899.html\" target=\"_blank\" rel=\"noopener noreferrer\">d\u00e9cision europ\u00e9enne<\/a> donnait d\u00e9j\u00e0 raison \u00e0 Google. La d\u00e9cision du Conseil d\u2019\u00c9tat publi\u00e9e le 27 mars 2020 [<a href=\"https:\/\/www.cnil.fr\/sites\/default\/files\/atoms\/files\/decision_du_conseil_detat_-_dereferencement_-_27_mars_2020.pdf\" target=\"_blank\" rel=\"noopener noreferrer\">PDF<\/a>] reprend logiquement les conclusions europ\u00e9ennes : Google en avait fait assez.\u00a0 Concr\u00e8tement, le moteur de recherche ne va pas payer les 100 000 euros d&rsquo;amende\u00a0et surtout ne doit\u00a0rien changer.\u00a0<\/p>\n<p>Mais, la justice europ\u00e9enne n&rsquo;a statu\u00e9 que sur la forme, et non sur le fond. Juridiquement, la Cnil\u00a0ne peut d\u00e8s lors qu\u2019ordonner un d\u00e9r\u00e9f\u00e9rencement europ\u00e9en. Si\u00a0l&rsquo;\u00e9chelle avait \u00e9t\u00e9\u00a0europ\u00e9enne\u00a0et non mondiale, la d\u00e9cision aurait \u00e9t\u00e9 diff\u00e9rente.<\/p>\n<aside class=\"bg-color-0 padding-inside-all-s bloc border-s\">\n<h4 class=\"box-txt-normal\">\n<p><strong>\u00c0 d\u00e9couvrir aussi en vid\u00e9o\u00a0x7pa62u<\/strong><\/p>\n<\/h4>\n<\/aside>\n<p>Pour rappel, en 2016, la Cnil avait prononc\u00e9 une sanction p\u00e9cuniaire contre Google qui n\u2019avait pas rendu effectif le <a href=\"https:\/\/www.01net.com\/actualites\/la-cnil-demande-a-google-d-etendre-le-droit-a-l-oubli-au-monde-entier-657535.html\" target=\"_blank\" rel=\"noopener noreferrer\">d\u00e9r\u00e9f\u00e9rencement demand\u00e9 par la Cnil <\/a>sur l\u2019ensemble des versions nationales de son moteur de recherche. Google s\u2019en \u00e9tait tenu \u00e0 la version fran\u00e7aise.\u00a0Or, pour la Cnil \u00ab\u00a0<em>seul un d\u00e9r\u00e9f\u00e9rencement mondial \u00e9tait de nature \u00e0 permettre une protection effective des droits des personnes<\/em>\u00a0\u00bb. Google avait alors saisi le Conseil d\u2019\u00c9tat au motif que les mesures adopt\u00e9es depuis mars 2016 \u00e9taient suffisantes, \u00e0 savoir \u00ab\u00a0<em>un m\u00e9canisme de redirection automatique vers la version nationale du site utilis\u00e9 par l\u2019internaute et un blocage de l\u2019acc\u00e8s \u00e0 un contenu d\u00e9r\u00e9f\u00e9renc\u00e9, \u00e0 tout internaute identifi\u00e9 comme localis\u00e9 sur ce territoire<\/em>\u00a0\u00bb.<\/p>\n<p><strong>Source<\/strong> : <a href=\"https:\/\/cnil.hosting.augure.com\/Augure_CNIL\/default.ashx?WCI=EmailViewer&amp;id=04c6567a%2Da435%2D46dc%2Da1f3%2D288b71fe39b7\" target=\"_blank\" rel=\"noopener noreferrer\">Cnil<\/a><\/p>\n<\/p><\/div>\n<p><script>\n         !function(f,b,e,v,n,t,s){if(f.fbq)return;n=f.fbq=function()\n         {n.callMethod? n.callMethod.apply(n,arguments):n.queue.push(arguments)}\n         ;if(!f._fbq)f._fbq=n;\n             n.push=n;n.loaded=!0;n.version='2.0';n.queue=[];t=b.createElement(e);t.async=!0;\n             t.src=v;s=b.getElementsByTagName(e)[0];s.parentNode.insertBefore(t,s)}(window,\n                 document,'script','https:\/\/connect.facebook.net\/en_US\/fbevents.js');\n         fbq('init', '1065890633454496');\n         fbq('track', 'PageView');\n     <\/script><br \/>\n<br \/>[ad_2]<br \/>\n<br \/><a href=\"https:\/\/www.01net.com\/actualites\/droit-au-dereferencement-le-conseil-d-etat-donne-raison-a-google-contre-l-avis-de-la-cnil-1884664.html\">Source link <\/a><\/p>\n","protected":false},"excerpt":{"rendered":"<p>[ad_1] C\u2019est une victoire juridique pour Google. Apr\u00e8s la Cour de justice de l\u2019Union europ\u00e9enne (CJUE), le Conseil d\u2019\u00c9tat fran\u00e7ais &hellip; <a href=\"http:\/\/www.affinite.fr\/index.php\/2020\/03\/31\/le-conseil-detat-donne-raison-a-google-contre-lavis-de-la-cnil\/\" class=\"more-link\">Plus <span class=\"screen-reader-text\">le Conseil d&rsquo;\u00c9tat donne raison \u00e0 Google, contre l&rsquo;avis de la Cnil<\/span> <span class=\"meta-nav\">&rarr;<\/span><\/a><\/p>\n","protected":false},"author":1,"featured_media":462,"comment_status":"open","ping_status":"open","sticky":false,"template":"","format":"standard","meta":{"_sitemap_exclude":false,"_sitemap_priority":"","_sitemap_frequency":"","footnotes":""},"categories":[1],"tags":[],"class_list":["post-1333","post","type-post","status-publish","format-standard","has-post-thumbnail","hentry","category-tous"],"_links":{"self":[{"href":"http:\/\/www.affinite.fr\/index.php\/wp-json\/wp\/v2\/posts\/1333"}],"collection":[{"href":"http:\/\/www.affinite.fr\/index.php\/wp-json\/wp\/v2\/posts"}],"about":[{"href":"http:\/\/www.affinite.fr\/index.php\/wp-json\/wp\/v2\/types\/post"}],"author":[{"embeddable":true,"href":"http:\/\/www.affinite.fr\/index.php\/wp-json\/wp\/v2\/users\/1"}],"replies":[{"embeddable":true,"href":"http:\/\/www.affinite.fr\/index.php\/wp-json\/wp\/v2\/comments?post=1333"}],"version-history":[{"count":0,"href":"http:\/\/www.affinite.fr\/index.php\/wp-json\/wp\/v2\/posts\/1333\/revisions"}],"wp:featuredmedia":[{"embeddable":true,"href":"http:\/\/www.affinite.fr\/index.php\/wp-json\/wp\/v2\/media\/462"}],"wp:attachment":[{"href":"http:\/\/www.affinite.fr\/index.php\/wp-json\/wp\/v2\/media?parent=1333"}],"wp:term":[{"taxonomy":"category","embeddable":true,"href":"http:\/\/www.affinite.fr\/index.php\/wp-json\/wp\/v2\/categories?post=1333"},{"taxonomy":"post_tag","embeddable":true,"href":"http:\/\/www.affinite.fr\/index.php\/wp-json\/wp\/v2\/tags?post=1333"}],"curies":[{"name":"wp","href":"https:\/\/api.w.org\/{rel}","templated":true}]}}