{"id":1327,"date":"2020-03-30T22:16:22","date_gmt":"2020-03-30T22:16:22","guid":{"rendered":"https:\/\/www.affinite.fr\/index.php\/2020\/03\/30\/twitter-censure-le-president-bresilien-jair-bolsonaro-pour-des-tweets-anti-confinement\/"},"modified":"2020-03-30T22:16:22","modified_gmt":"2020-03-30T22:16:22","slug":"twitter-censure-le-president-bresilien-jair-bolsonaro-pour-des-tweets-anti-confinement","status":"publish","type":"post","link":"http:\/\/www.affinite.fr\/index.php\/2020\/03\/30\/twitter-censure-le-president-bresilien-jair-bolsonaro-pour-des-tweets-anti-confinement\/","title":{"rendered":"Twitter censure le pr\u00e9sident br\u00e9silien, Jair Bolsonaro, pour des tweets anti-confinement"},"content":{"rendered":"<p> [ad_1]<br \/>\n<\/p>\n<div itemprop=\"articleBody\">\n<p>Jair Bolsonaro a\u00a0\u00ab<em>\u00a0enfreint les r\u00e8gles<\/em>\u00a0\u00bb\u00a0de Twitter. Pr\u00e9sident\u00a0ou non, la publication de deux vid\u00e9os anti-confinement, dimanche 29 mars, lui a valu la censure du r\u00e9seau social. Dans une des\u00a0vid\u00e9os supprim\u00e9es\u00a0de son compte, on voyait le chef de l&rsquo;\u00c9tat br\u00e9silien d\u00e9ambuler librement dans les rues de la capitale, Brasilia. \u00c0 l&rsquo;adresse d&rsquo;un vendeur ambulant, Jair Bolsonaro d\u00e9clarait:\u00a0<\/p>\n<blockquote>\n<p>\u00ab <em>De ce que j\u2019ai pu discuter avec les gens, c\u2019est qu\u2019ils veulent travailler. Ce que je dis depuis le d\u00e9but, c\u2019est \u201cfaisons attention, les plus de 65\u00a0ans restent \u00e0 la maison\u201d.<\/em>\u00a0\u00bb\u00a0<\/p>\n<\/blockquote>\n<figure class=\"figure text-center\"><img decoding=\"async\" class=\"article-img img-responsive-l\" src=\"https:\/\/img.bfmtv.com\/c\/0\/708\/b16\/8674a90e893ee0d877d483bc6a794.png\" alt=\"\"\/><figcaption class=\"figure-caption figcaption color-txt-0 title-xs hidden-xs\">\n                                    Twitter<br \/>\n                                                    &#8211; Capture d&rsquo;\u00e9cran du compte personnel de Jair Bolsonaro<br \/>\n                            <\/figcaption><\/figure>\n<p>Cette d\u00e9cision plut\u00f4t atypique pour le r\u00e9seau social s&rsquo;inscrit dans le cadre d&rsquo;un durcissement des r\u00e8gles en p\u00e9riode de confinement.\u00a0<\/p>\n<blockquote>\n<p>\u00ab\u00a0<em>Twitter a r\u00e9cemment annonc\u00e9 dans le monde le renforcement de ses r\u00e8gles pour prendre en\u00a0compte les contenus qui vont \u00e9ventuellement \u00e0 l\u2019encontre des consignes de sant\u00e9 publique \u00e9manant de sources officielles et qui pourraient augmenter le risque de transmission du Covid-19\u00a0<\/em>\u00bb, a expliqu\u00e9 le r\u00e9seau social dans un communiqu\u00e9.<\/p>\n<\/blockquote>\n<h3 style=\"color:#333; font-family:arial,helvetica,sans-serif; font-size:23px; font-weight:700\">Une\u00a0\u00ab\u00a0petite grippe\u00a0\u00bb ?<\/h3>\n<p>Le pr\u00e9sident du Br\u00e9sil n&rsquo;en est pas \u00e0 son coup d&rsquo;essai.\u00a0Depuis le d\u00e9but de l&rsquo;\u00e9pid\u00e9mie de Covid-19,\u00a0Jair Bolsonaro n\u2019a de cesse de minimiser la maladie\u00a0qu\u2019il a qualifi\u00e9e de\u00a0\u00ab\u00a0<em>petite grippe<\/em>\u00a0\u00bb. Le chef de l&rsquo;\u00c9tat\u00a0a durement critiqu\u00e9 les mesures de restrictions mises en place dans diff\u00e9rents \u00c9tats br\u00e9siliens\u00a0par les autorit\u00e9s locales, notamment par les gouverneurs des \u00c9tats de S\u00e3o Paulo et Rio de Janeiro, les plus touch\u00e9s par l\u2019\u00e9pid\u00e9mie. Pour Jair Bolsonaro, l&rsquo;argument \u00e9conomique prime.\u00a0<\/p>\n<blockquote>\n<p><span>\u00ab\u00a0<\/span><em>Ce confinement, s\u2019il continue ainsi, avec le nombre de (personnes qui vont se retrouver au) ch\u00f4mage, un peu plus tard, nous allons avoir un tr\u00e8s grave probl\u00e8me que nous allons mettre des ann\u00e9es \u00e0 r\u00e9soudre<\/em><span>\u00a0\u00bb, affirmait-il dans une autre vid\u00e9o.\u00a0\u00ab\u00a0<\/span><em>Le Br\u00e9sil ne peut pas s\u2019arr\u00eater, s\u2019il s\u2019arr\u00eate, nous devenons le Venezuela<\/em><span>\u00a0\u00bb, ajoutait un peu plus tard Jair Bolsonaro.<\/span><\/p>\n<\/blockquote>\n<aside class=\"bg-color-0 padding-inside-all-s bloc border-s\">\n<h4 class=\"box-txt-normal\">\n<p><strong>\u00c0 d\u00e9couvrir aussi en vid\u00e9o<\/strong><\/p>\n<\/h4>\n<\/aside>\n<p>Selon l&rsquo;AFP, moins de vingt-quatre heures plus t\u00f4t, le ministre de la sant\u00e9, Luiz Henrique Mandetta, soulignait l\u2019importance du confinement pour combattre la pand\u00e9mie de coronavirus qui a d\u00e9j\u00e0 infect\u00e9 4\u00a0256\u00a0personnes et fait 136\u00a0morts, selon les derniers chiffres du minist\u00e8re de la sant\u00e9.<\/p>\n<\/p><\/div>\n<p><script>\n         !function(f,b,e,v,n,t,s){if(f.fbq)return;n=f.fbq=function()\n         {n.callMethod? n.callMethod.apply(n,arguments):n.queue.push(arguments)}\n         ;if(!f._fbq)f._fbq=n;\n             n.push=n;n.loaded=!0;n.version='2.0';n.queue=[];t=b.createElement(e);t.async=!0;\n             t.src=v;s=b.getElementsByTagName(e)[0];s.parentNode.insertBefore(t,s)}(window,\n                 document,'script','https:\/\/connect.facebook.net\/en_US\/fbevents.js');\n         fbq('init', '1065890633454496');\n         fbq('track', 'PageView');\n     <\/script><br \/>\n<br \/>[ad_2]<br \/>\n<br \/><a href=\"https:\/\/www.01net.com\/actualites\/coronavirus-twitter-censure-jair-bolsonaro-president-bresilien-pour-des-tweets-anti-confinement-1884674.html\">Source link <\/a><\/p>\n","protected":false},"excerpt":{"rendered":"<p>[ad_1] Jair Bolsonaro a\u00a0\u00ab\u00a0enfreint les r\u00e8gles\u00a0\u00bb\u00a0de Twitter. Pr\u00e9sident\u00a0ou non, la publication de deux vid\u00e9os anti-confinement, dimanche 29 mars, lui a &hellip; <a href=\"http:\/\/www.affinite.fr\/index.php\/2020\/03\/30\/twitter-censure-le-president-bresilien-jair-bolsonaro-pour-des-tweets-anti-confinement\/\" class=\"more-link\">Plus <span class=\"screen-reader-text\">Twitter censure le pr\u00e9sident br\u00e9silien, Jair Bolsonaro, pour des tweets anti-confinement<\/span> <span class=\"meta-nav\">&rarr;<\/span><\/a><\/p>\n","protected":false},"author":1,"featured_media":1328,"comment_status":"open","ping_status":"open","sticky":false,"template":"","format":"standard","meta":{"_sitemap_exclude":false,"_sitemap_priority":"","_sitemap_frequency":"","footnotes":""},"categories":[1],"tags":[],"class_list":["post-1327","post","type-post","status-publish","format-standard","has-post-thumbnail","hentry","category-tous"],"_links":{"self":[{"href":"http:\/\/www.affinite.fr\/index.php\/wp-json\/wp\/v2\/posts\/1327"}],"collection":[{"href":"http:\/\/www.affinite.fr\/index.php\/wp-json\/wp\/v2\/posts"}],"about":[{"href":"http:\/\/www.affinite.fr\/index.php\/wp-json\/wp\/v2\/types\/post"}],"author":[{"embeddable":true,"href":"http:\/\/www.affinite.fr\/index.php\/wp-json\/wp\/v2\/users\/1"}],"replies":[{"embeddable":true,"href":"http:\/\/www.affinite.fr\/index.php\/wp-json\/wp\/v2\/comments?post=1327"}],"version-history":[{"count":0,"href":"http:\/\/www.affinite.fr\/index.php\/wp-json\/wp\/v2\/posts\/1327\/revisions"}],"wp:featuredmedia":[{"embeddable":true,"href":"http:\/\/www.affinite.fr\/index.php\/wp-json\/wp\/v2\/media\/1328"}],"wp:attachment":[{"href":"http:\/\/www.affinite.fr\/index.php\/wp-json\/wp\/v2\/media?parent=1327"}],"wp:term":[{"taxonomy":"category","embeddable":true,"href":"http:\/\/www.affinite.fr\/index.php\/wp-json\/wp\/v2\/categories?post=1327"},{"taxonomy":"post_tag","embeddable":true,"href":"http:\/\/www.affinite.fr\/index.php\/wp-json\/wp\/v2\/tags?post=1327"}],"curies":[{"name":"wp","href":"https:\/\/api.w.org\/{rel}","templated":true}]}}