{"id":1323,"date":"2020-03-30T20:04:19","date_gmt":"2020-03-30T20:04:19","guid":{"rendered":"https:\/\/www.affinite.fr\/index.php\/2020\/03\/30\/les-smartphones-seront-annonces-le-14-avril\/"},"modified":"2020-03-30T20:04:19","modified_gmt":"2020-03-30T20:04:19","slug":"les-smartphones-seront-annonces-le-14-avril","status":"publish","type":"post","link":"http:\/\/www.affinite.fr\/index.php\/2020\/03\/30\/les-smartphones-seront-annonces-le-14-avril\/","title":{"rendered":"les smartphones seront annonc\u00e9s le 14 avril"},"content":{"rendered":"<p> [ad_1]<br \/>\n<\/p>\n<div itemprop=\"articleBody\">\n<p>Dans un communiqu\u00e9, OnePlus vient d&rsquo;annoncer qu&rsquo;il organise un\u00a0<em>\u00ab\u00e9v\u00e9nement en ligne\u00bb <\/em>le 14 avril. C&rsquo;est \u00e0 cette occasion que le constructeur d\u00e9voilera ses tant attendus OnePlus 8, ses nouveaux smartphones haut de gamme. Selon les rumeurs, trois mod\u00e8les verraient le jour cette ann\u00e9e. Les OnePlus 8, OnePlus 8 Pro\u2026 et OnePlus 8 Lite.\u00a0<\/p>\n<h3 style=\"color:#333; font-family:arial,helvetica,sans-serif; font-size:23px; font-weight:700\">Des photos du OnePlus 8 en fuite<\/h3>\n<p>Quelques heures avant cette annonce,\u00a0<em>WinFuture<\/em>, r\u00e9put\u00e9 pour sa capacit\u00e9 \u00e0 obtenir des informations en avance, avait d\u00e9voil\u00e9 des images des futurs terminaux.\u00a0On y d\u00e9couvrait\u00a0les nouveaux coloris\u00a0<span>\u00ab Interstellar Glow\u00a0\u00bb (qui nous rappelle le logo d&rsquo;Instagram),\u00a0\u00ab Glacial Green\u00a0\u00bb et\u00a0\u00ab Onyx Black \u00bb. Tous semblent vraiment tr\u00e8s r\u00e9ussis.\u00a0<\/span><\/p>\n<figure class=\"figure text-center\"><img decoding=\"async\" class=\"article-img img-responsive-l\" src=\"https:\/\/img.bfmtv.com\/c\/0\/708\/f0377\/fffb47d208d39bcc6721678937b.jpg\" alt=\"\"\/><figcaption class=\"figure-caption figcaption color-txt-0 title-xs hidden-xs\"\/><\/figure>\n<p>Les images obtenues par <em>WinFuture<\/em>\u00a0confirment \u00e9galement les rumeurs selon lesquelles OnePlus abandonnerait le tiroir m\u00e9canique des mod\u00e8les pr\u00e9c\u00e9dents pour un poin\u00e7on. C\u00f4t\u00e9 \u00e9cran, le OnePlus 8 miserait sur du\u00a06,55 pouces avec un taux de rafra\u00eechissement de 90 Hz, tandis que la version 8 Pro b\u00e9n\u00e9ficierait d&rsquo;une dalle 6,78 pouces en 120 Hz. La marque <a href=\"https:\/\/www.01net.com\/actualites\/les-prochains-smartphones-oneplus-seront-equipes-d-ecrans-120-hz-1839819.html\" target=\"_blank\" rel=\"noopener noreferrer\">avait d\u00e9j\u00e0 confirm\u00e9 cette derni\u00e8re information <\/a>il y a plusieurs semaines.\u00a0<\/p>\n<blockquote>\n<p><strong>\u00c0 lire aussi :\u00a0<\/strong><a href=\"https:\/\/www.01net.com\/actualites\/les-prochains-smartphones-oneplus-seront-equipes-d-ecrans-120-hz-1839819.html\" target=\"_blank\" rel=\"noopener noreferrer\">Les prochains smartphones OnePlus seront \u00e9quip\u00e9s d&rsquo;\u00e9crans 120 Hz<\/a><\/p>\n<\/blockquote>\n<aside class=\"bg-color-0 padding-inside-all-s bloc border-s\">\n<h4 class=\"box-txt-normal\">\n<p><strong>A d\u00e9couvrir aussi en vid\u00e9o :<\/strong><\/p>\n<\/h4>\n<\/aside>\n<p><a href=\"https:\/\/www.01net.com\/actualites\/oneplus-8-toute-la-gamme-de-smartphones-sera-compatible-5g-1872485.html\" target=\"_blank\" rel=\"noopener noreferrer\">Compatible 5G<\/a>, le OnePlus 8 embarquerait un processeur Snapdragon 865 et deux configurations m\u00e9moire : 8 Go\/128 Go de stockage et\u00a012 Go\/256 Go de stockage. L&rsquo;appareil disposerait de trois modules cam\u00e9ra, avec un capteur de\u00a048 Mpix, un de 16 Mpix et un capteur de profondeur de\u00a02 Mpix. Une batterie de 4300 mAh serait de la partie, compatible avec la\u00a0charge rapide de 30 W. Enfin, derni\u00e8re nouveaut\u00e9, le OnePlus 8 Pro serait le premier smartphone de la marque compatible avec la recharge sans-fil. Aucune information n&rsquo;a fuit\u00e9 sur le\u00a0OnePlus 8 Lite, ce qui nous laisse supposer que son lancement commercial pourrait \u00eatre diff\u00e9r\u00e9.<\/p>\n<p><strong>Source <\/strong>: <a href=\"https:\/\/winfuture.de\/news,114964.html\" target=\"_blank\" rel=\"noopener noreferrer\">WinFuture<\/a><\/p>\n<\/p><\/div>\n<p><script>\n         !function(f,b,e,v,n,t,s){if(f.fbq)return;n=f.fbq=function()\n         {n.callMethod? n.callMethod.apply(n,arguments):n.queue.push(arguments)}\n         ;if(!f._fbq)f._fbq=n;\n             n.push=n;n.loaded=!0;n.version='2.0';n.queue=[];t=b.createElement(e);t.async=!0;\n             t.src=v;s=b.getElementsByTagName(e)[0];s.parentNode.insertBefore(t,s)}(window,\n                 document,'script','https:\/\/connect.facebook.net\/en_US\/fbevents.js');\n         fbq('init', '1065890633454496');\n         fbq('track', 'PageView');\n     <\/script><br \/>\n<br \/>[ad_2]<br \/>\n<br \/><a href=\"https:\/\/www.01net.com\/actualites\/oneplus-8-les-smartphones-seront-annonces-le-14-avril-1884637.html\">Source link <\/a><\/p>\n","protected":false},"excerpt":{"rendered":"<p>[ad_1] Dans un communiqu\u00e9, OnePlus vient d&rsquo;annoncer qu&rsquo;il organise un\u00a0\u00ab\u00e9v\u00e9nement en ligne\u00bb le 14 avril. C&rsquo;est \u00e0 cette occasion que &hellip; <a href=\"http:\/\/www.affinite.fr\/index.php\/2020\/03\/30\/les-smartphones-seront-annonces-le-14-avril\/\" class=\"more-link\">Plus <span class=\"screen-reader-text\">les smartphones seront annonc\u00e9s le 14 avril<\/span> <span class=\"meta-nav\">&rarr;<\/span><\/a><\/p>\n","protected":false},"author":1,"featured_media":1324,"comment_status":"open","ping_status":"open","sticky":false,"template":"","format":"standard","meta":{"_sitemap_exclude":false,"_sitemap_priority":"","_sitemap_frequency":"","footnotes":""},"categories":[1],"tags":[],"class_list":["post-1323","post","type-post","status-publish","format-standard","has-post-thumbnail","hentry","category-tous"],"_links":{"self":[{"href":"http:\/\/www.affinite.fr\/index.php\/wp-json\/wp\/v2\/posts\/1323"}],"collection":[{"href":"http:\/\/www.affinite.fr\/index.php\/wp-json\/wp\/v2\/posts"}],"about":[{"href":"http:\/\/www.affinite.fr\/index.php\/wp-json\/wp\/v2\/types\/post"}],"author":[{"embeddable":true,"href":"http:\/\/www.affinite.fr\/index.php\/wp-json\/wp\/v2\/users\/1"}],"replies":[{"embeddable":true,"href":"http:\/\/www.affinite.fr\/index.php\/wp-json\/wp\/v2\/comments?post=1323"}],"version-history":[{"count":0,"href":"http:\/\/www.affinite.fr\/index.php\/wp-json\/wp\/v2\/posts\/1323\/revisions"}],"wp:featuredmedia":[{"embeddable":true,"href":"http:\/\/www.affinite.fr\/index.php\/wp-json\/wp\/v2\/media\/1324"}],"wp:attachment":[{"href":"http:\/\/www.affinite.fr\/index.php\/wp-json\/wp\/v2\/media?parent=1323"}],"wp:term":[{"taxonomy":"category","embeddable":true,"href":"http:\/\/www.affinite.fr\/index.php\/wp-json\/wp\/v2\/categories?post=1323"},{"taxonomy":"post_tag","embeddable":true,"href":"http:\/\/www.affinite.fr\/index.php\/wp-json\/wp\/v2\/tags?post=1323"}],"curies":[{"name":"wp","href":"https:\/\/api.w.org\/{rel}","templated":true}]}}