{"id":1321,"date":"2020-03-30T18:58:04","date_gmt":"2020-03-30T18:58:04","guid":{"rendered":"https:\/\/www.affinite.fr\/index.php\/2020\/03\/30\/apple-tourne-sa-tablette-vers-le-futur-et-son-os-dans-le-bon-sens\/"},"modified":"2020-03-30T18:58:04","modified_gmt":"2020-03-30T18:58:04","slug":"apple-tourne-sa-tablette-vers-le-futur-et-son-os-dans-le-bon-sens","status":"publish","type":"post","link":"http:\/\/www.affinite.fr\/index.php\/2020\/03\/30\/apple-tourne-sa-tablette-vers-le-futur-et-son-os-dans-le-bon-sens\/","title":{"rendered":"Apple tourne sa tablette vers le futur et son OS&#8230; dans le bon sens"},"content":{"rendered":"<p> [ad_1]<br \/>\n<\/p>\n<div itemprop=\"articleBody\">\n<p>La plan\u00e8te tech esp\u00e9rait <a href=\"https:\/\/www.01net.com\/actualites\/apple-annule-son-evenement-de-mars-le-successeur-de-l-iphone-se-attendra-1872818.html\" target=\"_blank\" rel=\"noopener noreferrer\">un \u00e9v\u00e9nement en mars<\/a>, mais l\u2019\u00e9pid\u00e9mie de covid-19 en a d\u00e9cid\u00e9 autrement. Apple a donc annonc\u00e9 <a href=\"https:\/\/www.01net.com\/actualites\/apple-annonce-deux-nouveaux-macbook-air-qui-pourraient-enfin-corriger-les-defauts-de-leurs-aines-1877263.html\" target=\"_blank\" rel=\"noopener noreferrer\">de nouveaux produits<\/a>, comme le voulait la rumeur, mais sans keynote ou \u00e9v\u00e9nement sp\u00e9cifique.<\/p>\n<p>Au c\u0153ur d\u2019une des annonces, un nouvel iPad Pro, qui a plus les traits d\u2019une mise \u00e0 jour \u00e0 petits pas que d\u2019une refonte en profondeur. Quand on prend la nouvelle tablette en main, on serait bien en peine de la distinguer de son a\u00een\u00e9e, <a href=\"https:\/\/www.01net.com\/tests\/test-apple-ipad-pro-129-un-monstre-d-ergonomie-et-de-puissance-mais-toujours-pas-un-pc-6095.html\" target=\"_blank\" rel=\"noopener noreferrer\">sortie en novembre 2018<\/a>.<br \/>On retrouve le m\u00eame design aux bordures r\u00e9duites, qui met en avant l\u2019\u00e9cran de 11 pouces ou, en l\u2019occurrence pour notre mod\u00e8le de test, 12,9 pouces. On le d\u00e9verrouille facilement avec Face ID et on le recharge en USB-C, toujours un seul port, ce qui peut \u00eatre un peu court pour une machine de travail. Encore que le cloud et le Bluetooth soient l\u00e0.<br \/>D\u2019ailleurs, vous solliciterez souvent cette connexion sans-fil parce qu\u2019il n\u2019y a pas d\u2019autre moyen (sauf \u00e0 adopter un adaptateur) pour brancher un casque audio \u00e0 cet iPad Pro. Comme sur la g\u00e9n\u00e9ration pr\u00e9c\u00e9dente, le port mini-jack est toujours port\u00e9 disparu.<br \/>On pr\u00e9cisera juste qu\u2019en ces temps de confinement, on aimerait qu\u2019Apple trouve une solution pour que les AirPods (Pro ou non) changent plus facilement et rapidement de p\u00e9riph\u00e9rique auquel ils sont connect\u00e9s. C\u2019est toujours un peu aga\u00e7ant de rater les premiers mots d\u2019un appel ou d\u2019une conf\u00e9rence vid\u00e9o parce qu\u2019il faut activer l\u2019appairage.<\/p>\n<figure class=\"figure text-center\"><img decoding=\"async\" class=\"article-img img-responsive-l\" src=\"https:\/\/img.bfmtv.com\/c\/0\/708\/a71\/7d4d1c0737cafda0f2b22ed3332ca.png\" alt=\"\"\/><figcaption class=\"figure-caption figcaption color-txt-0 title-xs hidden-xs\">\n                                    01net.com<br \/>\n                                                    &#8211; L&rsquo;iPad Pro 2020 embarque deux modules photo et un LIDAR.<br \/>\n                            <\/figcaption><\/figure>\n<h3 style=\"color:#333; font-family:arial,helvetica,sans-serif; font-size:23px; font-weight:700\"><strong>Deux objectifs&#8230;<\/strong><\/h3>\n<p>Bref, rien n\u2019a chang\u00e9. Sauf \u00e0 retourner la tablette et \u00e0 constater alors que le bloc optique \u00e0 l\u2019arri\u00e8re a pris de l\u2019embonpoint. C\u2019est d\u00e9sormais un carr\u00e9, plut\u00f4t r\u00e9ussi esth\u00e9tiquement parlant. Il comporte deux objectifs\u00a0: un pour le t\u00e9l\u00e9objectif classique (12 Mpixels, f\/1.8), en bas, et un pour un ultra grand-angle (10 Mpixels, f\/2.4), en haut. Cela nous donne donc un zoom optique x2, accompagn\u00e9 d\u2019un zoom num\u00e9rique x5.<br \/>En pr\u00eatant un peu plus attention, on constate \u00e9galement la pr\u00e9sence d\u2019une sorte de troisi\u00e8me objectif, c\u2019est le LIDAR. Il est en charge de renforcer les performances en r\u00e9alit\u00e9 augment\u00e9e de l\u2019iPad.<\/p>\n<p>Nous n\u2019utilisons pas r\u00e9guli\u00e8rement l\u2019iPad (quel que soit le mod\u00e8le) pour prendre des photos. M\u00eame si les tablettes offrent un cadre de vis\u00e9e g\u00e9nial avec leur grand \u00e9cran, il nous semble que les smartphones sont plus faciles \u00e0 d\u00e9gainer \u00e0 l\u2019envi, plus dou\u00e9s \u00e9galement en photo et vid\u00e9o, bref mieux adapt\u00e9s. Autant de points qu\u2019on s\u2019est remis en t\u00eate en prenant quelques clich\u00e9s avec l\u2019iPad Pro.<\/p>\n<figure class=\"figure text-center\"><img decoding=\"async\" class=\"article-img img-responsive-l\" src=\"https:\/\/img.bfmtv.com\/c\/0\/708\/7204ab\/b101fdba2f0e0de9ca7a6078fa.jpg\" alt=\"\"\/><figcaption class=\"figure-caption figcaption color-txt-0 title-xs hidden-xs\"\/><\/figure>\n<p>Les r\u00e9sultats sont corrects, quand la lumi\u00e8re est suffisante, bruit\u00e9s et en grand manque de piqu\u00e9 quand l\u2019obscurit\u00e9 prend le dessus. D\u2019autant qu\u2019on ne retrouve pas le mode nuit des iPhone 11. Cependant, l\u2019arriv\u00e9e d\u2019un ultra grand-angle est une bonne nouvelle. Cela permettra de faire varier les plans et de cadrer vos photos plus ais\u00e9ment ou artistiquement.<\/p>\n<p>C\u00f4t\u00e9 vid\u00e9o, l\u2019iPad Pro peut filmer en 4K \u00e0 60 i\/s (et en 1080p \u00e0 240 i\/s au ralenti), toujours avec les m\u00eames limitations qu\u2019en photo, tout d\u00e9pendra donc de la lumi\u00e8re. On notera que la zoom vid\u00e9o num\u00e9rique n\u2019est que de x3, comme sur la g\u00e9n\u00e9ration pr\u00e9c\u00e9dente.<\/p>\n<p>Quoi qu\u2019il en soit, comme sur les iPhone, la balance des blancs et la fid\u00e9lit\u00e9 des couleurs quand on passe d\u2019une optique \u00e0 l\u2019autre est plut\u00f4t bonne.<\/p>\n<p>C\u00f4t\u00e9 son, Apple a retravaill\u00e9 ses micros, donn\u00e9s d\u00e9sormais pour \u00eatre de qualit\u00e9 \u00ab\u00a0studio\u00a0\u00bb. Difficile sans nos appareils de mesures de le certifier, il nous a sembl\u00e9 qu\u2019en enregistrement vid\u00e9o la piste audio \u00e9tait bonne. Pendant nos vid\u00e9ochats, personne ne s\u2019est plaint de leur qualit\u00e9. De l\u00e0 \u00e0 savoir si ce sera assez pour un tournage s\u00e9rieux ou un podcast\u2026<\/p>\n<p>Par ailleurs, la cam\u00e9ra avant est indubitablement celle dont vous vous servirez le plus souvent, puisque g\u00e9n\u00e9ralement c\u2019est celle qu\u2019on active pour les discussions vid\u00e9o en famille ou entre amis. Comment faire autrement \u00e0 une \u00e9poque o\u00f9\u00a0les ap\u00e9ritifs se d\u00e9mat\u00e9rialisent\u2026<br \/>On se demandera toutefois si Apple va maintenir cette cam\u00e9ra \u00e0 cet endroit. Car, mis \u00e0 part quand on utilise la tablette de mani\u00e8re classique, elle se retrouve sur le c\u00f4t\u00e9 quand on utilise l\u2019iPad Pro avec son Smart Keyboard. Ce qui est moyennement pratique quand on saisit l\u2019iPad pour le d\u00e9placer ou r\u00e9ajuster son inclinaison.<\/p>\n<aside class=\"bg-color-0 padding-inside-all-s bloc border-s\">\n<h4 class=\"box-txt-normal\">\n<p><strong>A d\u00e9couvrir aussi en vid\u00e9o<\/strong><\/p>\n<\/h4>\n<\/aside>\n<h3 style=\"color:#333; font-family:arial,helvetica,sans-serif; font-size:23px; font-weight:700\"><strong>&#8230; et\u00a0un LIDAR, en guise de pari sur l\u2019avenir<\/strong><\/h3>\n<p>Mais la grosse nouveaut\u00e9 tient surtout au LIDAR. L\u00e0 o\u00f9 la taille de l\u2019iPad est un peu handicapante pour la photographie, elle devient un vrai atout quand on parle des usages en r\u00e9alit\u00e9 augment\u00e9e actuels.<br \/>Pour l\u2019heure, \u00e0 grands traits, car il y a toujours des exceptions, la r\u00e9alit\u00e9 augment\u00e9e sert surtout \u00e0 l\u2019am\u00e9nagement d\u2019int\u00e9rieur, aux jeux vid\u00e9o, ou encore \u00e0 l\u2019apprentissage. Autant d\u2019activit\u00e9s qui sont g\u00e9n\u00e9ralement plut\u00f4t pratiqu\u00e9es dans un salon qu\u2019au d\u00e9tour d\u2019une rue.<\/p>\n<p>Ce LIDAR permet de cr\u00e9er une sorte de maillage de l\u2019environnement, une carte en 3D extr\u00eamement pr\u00e9cise. Il renforce la pr\u00e9cision des mesures, affine l\u2019int\u00e9gration des \u00e9l\u00e9ments virtuels dans l\u2019environnement r\u00e9el, etc. Il a notamment un effet b\u00e9n\u00e9fique imm\u00e9diat sur l\u2019occlusion (quand un objet virtuel est cach\u00e9 par une personne, par exemple). La d\u00e9tection de l&rsquo;environnement avant l&rsquo;application des objets virtuels est \u00e9galement bien plus rapide.<\/p>\n<figure class=\"figure text-center\"><img decoding=\"async\" class=\"article-img img-responsive-l\" src=\"https:\/\/img.bfmtv.com\/c\/0\/708\/46f\/ac5670fa87b903fd024254e29b770.jpg\" alt=\"\"\/><figcaption class=\"figure-caption figcaption color-txt-0 title-xs hidden-xs\">\n                                    01net.com<br \/>\n                                                    &#8211; Sans \u00eatre parfait, le placement des objets en r\u00e9alit\u00e9 augment\u00e9e est bien plus ajust\u00e9 gr\u00e2ce au LIDAR.<br \/>\n                            <\/figcaption><\/figure>\n<p>On a \u00e9galement un petit aper\u00e7u de son apport avec l\u2019application Mesures, int\u00e9gr\u00e9e dans iPadOS, o\u00f9 la d\u00e9tection de plans (horizontaux et verticaux) et de bordures semble meilleure, m\u00eame si tout n\u2019est pas encore parfait. Certaines surfaces sont encore trop petites pour \u00eatre bien prises en compte.<\/p>\n<p>Une bonne part du\u00a0potentiel de ce LIDAR se conjugue encore au futur. Il va falloir que les applications en tirent parti pour que nous puissions voir ce que tout cela va donner. C\u2019est donc une promesse que fait Apple et qu\u2019il va falloir croire sur parole, pour l\u2019instant.<\/p>\n<h3 style=\"color:#333; font-family:arial,helvetica,sans-serif; font-size:23px; font-weight:700\"><strong>Un \u00e9cran pour tous les usages<\/strong><\/h3>\n<p>Parlons bri\u00e8vement de l\u2019\u00e9cran de l\u2019iPad Pro. Sa dalle Liquid Retina embarque toutes les technologies d\u2019Apple, tout son savoir-faire.<\/p>\n<p>D\u00e8s l\u2019allumage, l\u2019\u0153il est s\u00e9duit, les couleurs sont chaudes, nuanc\u00e9es, contrast\u00e9es. Vous pouvez jouer avec l\u2019option TrueTone pour renforcer le confort visuel en fonction de l\u2019\u00e9clairage environnant, profiter de la technologie P3 pour regarder un film en b\u00e9n\u00e9ficiant d\u2019un gamut de couleurs extr\u00eamement large ou encore appr\u00e9cier, sans forc\u00e9ment vous apercevoir de sa pr\u00e9sence, l\u2019effet assur\u00e9 par la technologie ProMotion.<br \/>Elle fait en sorte que le taux de rafra\u00eechissement de la dalle varie automatiquement en fonction de ce que vous faites, du contenu visualis\u00e9. Un film\u00a0? Le rafra\u00eechissement passe \u00e0 24 images par seconde. Un jeu, au contraire, vous avez besoin de fluidit\u00e9 et l\u2019iPad Pro pousse son \u00e9cran jusqu\u2019\u00e0 120 images par seconde. Des petits d\u00e9tails, mais qui apportent un grand confort.<\/p>\n<p>Faute d\u2019avoir acc\u00e8s \u00e0 nos outils de mesures habituels, nous n\u2019avons pas pu relever la luminosit\u00e9 de ce mod\u00e8le, ni la pr\u00e9cision de son Delta E. N\u00e9anmoins, juxtaposant le mod\u00e8le 2018 et le nouveau venu, il nous semble que la jeune tablette fait aussi bien que son a\u00een\u00e9e.<\/p>\n<h3 style=\"color:#333; font-family:arial,helvetica,sans-serif; font-size:23px; font-weight:700\"><strong>G\u00e9n\u00e9ration Z\u2026<\/strong><\/h3>\n<p>Plongeons maintenant au c\u0153ur de cet iPad Pro 2020. Une des nouveaut\u00e9s \u00e0 l\u2019int\u00e9rieur de l\u2019iPad Pro, c\u2019est son processeur. Apple aurait pu, comme il l\u2019a fait jusqu\u2019\u00e0 pr\u00e9sent, accoler un X au nom de la puce qui \u00e9quipe les iPhone de derni\u00e8re g\u00e9n\u00e9ration.\u00a0Nous aurions donc eu entre les mains une Apple A13X. En l\u2019esp\u00e8ce, et sans qu\u2019il y ait d\u2019explications fournies, c\u2019est une puce Apple A12Z qu\u2019on trouve, une \u00e9volution de la puce pr\u00e9sente dans les iPad Pro introduits fin 2018, l\u2019A12X.<\/p>\n<p>Partant du principe alphanum\u00e9rique que Z est plus grand que X, on imagine que cette nouvelle puce aura de la puissance \u00e0 revendre. De fait, l\u2019A12X avait d\u00e9j\u00e0 de quoi mettre \u00e0 l\u2019amende pas mal de PC pr\u00e9sents sur le march\u00e9.<\/p>\n<figure class=\"figure text-center\"><img decoding=\"async\" class=\"article-img img-responsive-l\" src=\"https:\/\/img.bfmtv.com\/c\/0\/708\/941\/82b06255d245bac70a22274dc3c48.jpg\" alt=\"\"\/><figcaption class=\"figure-caption figcaption color-txt-0 title-xs hidden-xs\">\n                                    01net.com<br \/>\n                                                    &#8211; En attendant son Magic Keyboard, il est possible d&rsquo;utiliser un trackpad ou une souris connect\u00e9e en Bluetooth.<br \/>\n                            <\/figcaption><\/figure>\n<p>Si on veut aller plus loin et rapidement comparer les deux puces, en th\u00e9orie, les diff\u00e9rences semblent minimes. On trouve le m\u00eame nombre de c\u0153urs c\u00f4t\u00e9 CPU (huit, pour \u00eatre exact), cadenc\u00e9s \u00e0 une fr\u00e9quence proche pour ne pas dire identique (2,49 GHz).<\/p>\n<p>En revanche, pour la premi\u00e8re fois, le processeur graphique du SoC d\u2019Apple comporte lui aussi huit c\u0153urs graphiques. Il en avait seulement sept sur les g\u00e9n\u00e9rations pr\u00e9c\u00e9dentes.<\/p>\n<p>Autant dire que la puce de l\u2019iPad Pro 2020 devrait apporter un petit sursaut de puissance, mais elle ne provoquera pas une r\u00e9volution. Pour la petite anecdote d\u2019ailleurs, certains des logiciels de bench\u00a0confondent l\u2019Apple A12X et A12Z tant elles sont similaires. C\u2019est d\u2019ailleurs ce qu\u2019on observe en faisant tourner quelques outils de mesures habituels, comme Geekbench.<\/p>\n<p>Les diff\u00e9rences de score pour les mesures de performances du processeur (Single Core et Multi Core) ne sont pas vraiment significatives et confirment la similitude des deux puces.<\/p>\n<p>En revanche, la partie graphique de l\u2019A12Z s\u2019av\u00e8re logiquement meilleure. Le c\u0153ur suppl\u00e9mentaire tient son r\u00f4le et justifie sa pr\u00e9sence en apportant presque 9% de performances en plus. Pas une r\u00e9volution, on vous avait pr\u00e9venu, mais tout gain est bon \u00e0 prendre.<\/p>\n<aside class=\"bg-color-0 padding-inside-all-s bloc border-s\">\n<h4 class=\"box-txt-normal\">\n<p><strong>Un oeil sur l&rsquo;iPhone<\/strong><\/p>\n<\/h4>\n<div class=\"\">Par curiosit\u00e9, nous avons gliss\u00e9 les r\u00e9sultats de l\u2019<a href=\"https:\/\/www.01net.com\/tests\/test-de-l-iphone-11-pro-max-pour-son-smartphone-grand-format-apple-voit-vraiment-grand-6321.html\" target=\"_blank\" rel=\"noopener noreferrer\">iPhone 11 Pro Max<\/a> en regard de ceux des deux iPad. L\u2019avantage que prennent les deux tablettes s\u2019expliquent tr\u00e8s simplement par le nombre moindre de c\u0153urs embarqu\u00e9s dans l\u2019A13, six pour le CPU et quatre pour le GPU.<br \/>\nPr\u00e9cisons toutefois que les c\u0153urs des iPhone sont cadenc\u00e9s \u00e0 2,6 GHz environ. N\u00e9anmoins la sup\u00e9riorit\u00e9 de l\u2019iPhone 11 Pro Max en Single Core laisse r\u00eaver \u00e0 ce que pourrait donner une A13X, avec autant de c\u0153urs que l\u2019A12Z.<\/div>\n<\/aside>\n<p>Avec AnTuTu 8, les diff\u00e9rences relev\u00e9es gr\u00e2ce \u00e0 Geekbench 5 se confirment. Sans surprise les deux iPad Pro marchent de front sauf quand il s\u2019agit de\u00a0mesurer les performances graphiques.<\/p>\n<p>L\u2019iPad Pro 2020 est donc bel et bien plus performant que toutes les tablettes pro de g\u00e9n\u00e9rations pr\u00e9c\u00e9dentes, m\u00eame si elle ne l\u2019est que de peu par rapport \u00e0 son a\u00een\u00e9e directe.<br \/>Mais face \u00e0 ce manque de gain consid\u00e9rable, on avancera deux remarques. La premi\u00e8re tient \u00e0 l\u2019autonomie. L\u2019iPad Pro 2020 nous accompagne \u00e0 peu pr\u00e8s toute une journ\u00e9e de travail, entre 8 et 11 heures, selon les usages et besoins. Plus de puissance pourrait vouloir dire moins d\u2019endurance.<br \/>La seconde remarque tient en une question\u00a0: mis\u00a0\u00e0 part peut-\u00eatre quelques utilisateurs ultra-exigeants, qui a d\u00e9j\u00e0 manqu\u00e9 de puissance avec l\u2019iPad Pro 2018 ?<br \/>D\u2019ailleurs, dans sa communication, Apple ne donne jamais de comparaison chiffr\u00e9e entre ces deux mod\u00e8les. Les gains affich\u00e9s le sont par rapport \u00e0 l\u2019A10X, sortie en 2017 et embarqu\u00e9e par la deuxi\u00e8me g\u00e9n\u00e9ration d\u2019iPad Pro 12,9 pouces.<\/p>\n<p>De facto, la puissance est l\u00e0. Les jeux les plus exigeants tournent sans le moindre hoquet, les diff\u00e9rentes applications professionnelles se lancent rapidement et s\u2019ex\u00e9cutent sans ralentissement. L\u2019iPad Pro 2020 a la puissance qu\u2019il faut pour tous les usages que lui permettent le million d\u2019applications d\u00e9di\u00e9es \u00e0 iPadOS.<\/p>\n<h3 style=\"color:#333; font-family:arial,helvetica,sans-serif; font-size:23px; font-weight:700\"><strong>\u00ab\u00a0Votre prochain ordinateur n\u2019est pas un ordinateur\u00a0\u00bb<\/strong><\/h3>\n<p>Et justement, dans la grande qu\u00eate de l\u2019iPad Pro pour remplacer nos PC portables, son syst\u00e8me d\u2019exploitation \u00e9tait jusqu\u2019\u00e0 pr\u00e9sent son maillon faible. Avec cette nouvelle tablette est arriv\u00e9 <a href=\"https:\/\/www.01net.com\/actualites\/ios-13-4-est-disponible-quelles-sont-les-nouveautes-sur-votre-iphone-et-ipad-1876609.html\">iPadOS 13.4<\/a>, et avec lui le support de la souris, qui implique quelques \u00e9volutions logicielles, ergonomiques.<\/p>\n<p>Notamment l\u2019apparition d\u2019un curseur rond, qui adapte son apparence au contexte.<\/p>\n<p>En l\u2019esp\u00e8ce, le support du trackpad\/souris ne corrige pas les manques ergonomiques profonds mais fluidifie largement les usages et permet de ne pas avoir \u00e0 syst\u00e9matiquement d\u00e9laisser le clavier et lever la main vers l&rsquo;\u00e9cran quand on travaille. On retrouve en partie la gestuelle quotidienne qu\u2019on est habitu\u00e9e \u00e0 r\u00e9aliser sur le pav\u00e9 tactile de nos Mac (et de certains PC). On n\u2019est donc pas perdu.<br \/>N\u00e9anmoins, certaines interactions sont encore un peu compliqu\u00e9es, il faut dire que les superpositions de gestes introduits au fil du temps et notamment avec iPadOS 13 sont parfois assez peu intuitives.<\/p>\n<p>Pour autant, on gagne en fluidit\u00e9 et se rapproche de ce qu\u2019on conna\u00eet sur les ordinateurs portables. Avec un Magic Trackpad, on prend plaisir \u00e0 utiliser cette nouvelle fonction sans avoir \u00e0 activer de r\u00e9glages sp\u00e9cifiques. Mais on pourrait tout aussi bien utiliser une souris Bluetooth. Notre vieille Magic Mouse n\u2019avait toutefois pas l\u2019air d\u2019\u00eatre la bienvenue.<\/p>\n<aside class=\"bg-color-0 padding-inside-all-s bloc border-s\">\n<h4 class=\"box-txt-normal\">\n<p><strong>Un peu de patience<\/strong><\/p>\n<\/h4>\n<p>Le Magic Keyboard, le nouveau clavier-coque pour les iPad Pro, arrivera en mai. R\u00e9tro\u00e9clair\u00e9, il proposera un port USB-C suppl\u00e9mentaire et, surtout, int\u00e9grera un trackpad. Tr\u00e8s co\u00fbteux, pr\u00e8s de 400 euros pour le mod\u00e8le compatible avec l\u2019iPad Pro 12,9 pouces, le Magic Keyboard devrait rapprocher, dans la forme, un peu plus encore la tablette d\u2019Apple de nos PC ou Mac portables.<\/p>\n<\/aside>\n<p>Pour autant, si le support de la souris est un gain de temps et qu\u2019on arrive \u00e0\u00a0toucher l\u2019\u00e9cran de l\u2019iPad Pro uniquement quand c\u2019est le plus pertinent \u2013 un peu comme sur un PC \u00e0 dalle tactile sous Windows 10 en fait -, il nous semble qu\u2019il manque encore un point important pour qu\u2019iPadOS soit parfait.<br \/>Il faut d\u00e9sormais qu\u2019Apple assouplisse son syst\u00e8me de fen\u00eatrage et trouve une solution pour offrir des espaces de travail plus ouverts. Des espaces o\u00f9\u00a0on pourra b\u00e9n\u00e9ficier d\u2019un semblant de bureau et d\u2019un acc\u00e8s plus rapide \u00e0 un Finder &#8211; avoir la fen\u00eatre Fichiers en acc\u00e8s rapide sur le c\u00f4t\u00e9 n&rsquo;est pas suffisant. En d\u00e9finitive, est-ce le signe qu\u2019il nous faut encore nous adapter ou qu\u2019au contraire le mod\u00e8le qu\u2019on conna\u00eet depuis longtemps est le meilleur ? Difficile \u00e0 dire, mais il nous semble qu\u2019Apple doit \u00ab r\u00e9inventer macOS \u00bb pour l&rsquo;iPad en mode PC.<\/p>\n<p>En pleine page de son site, Apple clame que notre <em>\u00ab\u00a0prochain ordinateur n\u2019est pas un ordinateur\u00a0\u00bb<\/em>. C\u2019est vrai. L\u2019iPad Pro ne permet toujours pas d\u2019\u00eatre aussi efficace quand on travaille qu\u2019un Mac le fait. Mais les bases sont de plus en plus solides et les outils \u00e0 disposition de plus en plus convaincants.<br \/>Par ailleurs, mat\u00e9riellement parlant, cette quatri\u00e8me g\u00e9n\u00e9ration d\u2019iPad Pro est (toujours) une des incarnations les plus abouties et convaincantes d\u2019une troisi\u00e8me voie entre tablette et PC portable. Cette ann\u00e9e, plus encore que les pr\u00e9c\u00e9dentes, on est impatient de voir ce que nous r\u00e9serve iPadOS \u2013 le 14, pour commencer. Les attentes sont encore \u00e9normes, esp\u00e9rons que les promesses le soient \u00e9galement.<\/p>\n<\/p><\/div>\n<p><script>\n         !function(f,b,e,v,n,t,s){if(f.fbq)return;n=f.fbq=function()\n         {n.callMethod? n.callMethod.apply(n,arguments):n.queue.push(arguments)}\n         ;if(!f._fbq)f._fbq=n;\n             n.push=n;n.loaded=!0;n.version='2.0';n.queue=[];t=b.createElement(e);t.async=!0;\n             t.src=v;s=b.getElementsByTagName(e)[0];s.parentNode.insertBefore(t,s)}(window,\n                 document,'script','https:\/\/connect.facebook.net\/en_US\/fbevents.js');\n         fbq('init', '1065890633454496');\n         fbq('track', 'PageView');\n     <\/script><br \/>\n<br \/>[ad_2]<br \/>\n<br \/><a href=\"https:\/\/www.01net.com\/actualites\/test-de-l-ipad-pro-2020-apple-tourne-sa-tablette-vers-le-futur-et-son-os-dans-le-bon-sens-1884601.html\">Source link <\/a><\/p>\n","protected":false},"excerpt":{"rendered":"<p>[ad_1] La plan\u00e8te tech esp\u00e9rait un \u00e9v\u00e9nement en mars, mais l\u2019\u00e9pid\u00e9mie de covid-19 en a d\u00e9cid\u00e9 autrement. Apple a donc &hellip; <a href=\"http:\/\/www.affinite.fr\/index.php\/2020\/03\/30\/apple-tourne-sa-tablette-vers-le-futur-et-son-os-dans-le-bon-sens\/\" class=\"more-link\">Plus <span class=\"screen-reader-text\">Apple tourne sa tablette vers le futur et son OS&#8230; dans le bon sens<\/span> <span class=\"meta-nav\">&rarr;<\/span><\/a><\/p>\n","protected":false},"author":1,"featured_media":1322,"comment_status":"open","ping_status":"open","sticky":false,"template":"","format":"standard","meta":{"_sitemap_exclude":false,"_sitemap_priority":"","_sitemap_frequency":"","footnotes":""},"categories":[1],"tags":[],"class_list":["post-1321","post","type-post","status-publish","format-standard","has-post-thumbnail","hentry","category-tous"],"_links":{"self":[{"href":"http:\/\/www.affinite.fr\/index.php\/wp-json\/wp\/v2\/posts\/1321"}],"collection":[{"href":"http:\/\/www.affinite.fr\/index.php\/wp-json\/wp\/v2\/posts"}],"about":[{"href":"http:\/\/www.affinite.fr\/index.php\/wp-json\/wp\/v2\/types\/post"}],"author":[{"embeddable":true,"href":"http:\/\/www.affinite.fr\/index.php\/wp-json\/wp\/v2\/users\/1"}],"replies":[{"embeddable":true,"href":"http:\/\/www.affinite.fr\/index.php\/wp-json\/wp\/v2\/comments?post=1321"}],"version-history":[{"count":0,"href":"http:\/\/www.affinite.fr\/index.php\/wp-json\/wp\/v2\/posts\/1321\/revisions"}],"wp:featuredmedia":[{"embeddable":true,"href":"http:\/\/www.affinite.fr\/index.php\/wp-json\/wp\/v2\/media\/1322"}],"wp:attachment":[{"href":"http:\/\/www.affinite.fr\/index.php\/wp-json\/wp\/v2\/media?parent=1321"}],"wp:term":[{"taxonomy":"category","embeddable":true,"href":"http:\/\/www.affinite.fr\/index.php\/wp-json\/wp\/v2\/categories?post=1321"},{"taxonomy":"post_tag","embeddable":true,"href":"http:\/\/www.affinite.fr\/index.php\/wp-json\/wp\/v2\/tags?post=1321"}],"curies":[{"name":"wp","href":"https:\/\/api.w.org\/{rel}","templated":true}]}}