{"id":13092,"date":"2026-04-10T06:02:13","date_gmt":"2026-04-10T06:02:13","guid":{"rendered":"https:\/\/www.affinite.fr\/index.php\/2026\/04\/10\/garde-alternee-et-vie-de-couple\/"},"modified":"2026-04-10T06:02:15","modified_gmt":"2026-04-10T06:02:15","slug":"garde-alternee-et-vie-de-couple","status":"publish","type":"post","link":"http:\/\/www.affinite.fr\/index.php\/2026\/04\/10\/garde-alternee-et-vie-de-couple\/","title":{"rendered":"Garde altern\u00e9e et vie de couple"},"content":{"rendered":"<div style=\"background-color: #fce4ec; border-left: 4px solid #e91e63; padding: 15px; margin: 20px 0; border-radius: 8px; color: #333;\">\n<strong>\ud83d\udc95 Ce que tu vas d\u00e9couvrir :<\/strong><\/p>\n<ul>\n<li>Point 1 : L&rsquo;alternance \u00ab\u00a0on\/off\u00a0\u00bb permet de cr\u00e9er un \u00e9quilibre entre vie familiale et couple<\/li>\n<li>Point 2 : Les week-ends sans enfants sont pr\u00e9cieux pour se retrouver en amoureux<\/li>\n<li>Point 3 : Une organisation claire \u00e9vite les conflits et renforce la complicit\u00e9<\/li>\n<li>Point 4 : La r\u00e8gle \u00ab\u00a030 on\/30 off\u00a0\u00bb optimise les vacances en famille recompos\u00e9e<\/li>\n<\/ul>\n<\/div>\n<p># \ud83d\udc91 Garde altern\u00e9e et vie de couple : r\u00e9ussir l&rsquo;\u00e9quilibre parfait<\/p>\n<p>La garde altern\u00e9e transforme compl\u00e8tement la dynamique de couple. Entre les semaines avec et sans enfants, il faut r\u00e9inventer sa relation amoureuse pour cr\u00e9er une harmonie durable.<\/p>\n<p>## <\/p>\n<h2>\ud83d\udd04 Rythme semaine on\/off : cr\u00e9er un \u00e9quilibre naturel<\/h2>\n<p><img decoding=\"async\" src=\"https:\/\/www.affinite.fr\/wp-content\/uploads\/2026\/04\/garde-alternee-vie-couple-1.jpg\" alt=\"\" style=\"width: 100%; max-width: 800px; height: auto; border-radius: 8px; margin: 20px 0;\"><\/p>\n<p>La garde altern\u00e9e fonctionne sur un rythme binaire qui peut devenir un atout majeur pour ton couple. Les semaines \u00ab\u00a0on\u00a0\u00bb avec les enfants demandent une \u00e9nergie familiale intense, tandis que les semaines \u00ab\u00a0off\u00a0\u00bb offrent un espace privil\u00e9gi\u00e9 pour ta relation amoureuse.<\/p>\n<p>Cette alternance cr\u00e9e naturellement deux modes de vie distincts. **Pendant les semaines avec enfants**, tu endosses ton r\u00f4le parental avec toutes ses responsabilit\u00e9s : devoirs, activit\u00e9s, repas, coucher. **Pendant les semaines sans enfants**, tu peux te concentrer pleinement sur ta relation de couple.<\/p>\n<div style=\"background-color: #e3f2fd; border-left: 4px solid #2196f3; padding: 15px; margin: 20px 0; border-radius: 8px; color: #333;\">\n<strong>\ud83d\udca1 Astuce pratique :<\/strong><br \/>\n\u00c9tablis des rituels diff\u00e9rents selon les semaines. Les semaines \u00ab\u00a0on\u00a0\u00bb peuvent inclure des sorties familiales et des moments cocooning, tandis que les semaines \u00ab\u00a0off\u00a0\u00bb privil\u00e9gient les sorties en amoureux et les projets de couple.\n<\/div>\n<p>L&rsquo;important est de **ne pas culpabiliser** de profiter de ces moments sans enfants. Cette respiration est n\u00e9cessaire pour maintenir l&rsquo;\u00e9quilibre et revenir ressourc\u00e9 lors des semaines de garde. Beaucoup de couples en garde altern\u00e9e t\u00e9moignent que cette alternance renforce leur relation en \u00e9vitant la routine.<\/p>\n<p>Pour que ce rythme fonctionne, communique clairement avec ton partenaire sur vos attentes respectives. Certains pr\u00e9f\u00e8rent programmer des activit\u00e9s sp\u00e9ciales pendant les semaines off, d&rsquo;autres privil\u00e9gient la spontan\u00e9it\u00e9.<\/p>\n<p>## <\/p>\n<h2>\ud83c\udf39 Profiter des moments sans enfants : retrouver votre complicit\u00e9<\/h2>\n<p><img decoding=\"async\" src=\"https:\/\/www.affinite.fr\/wp-content\/uploads\/2026\/04\/garde-alternee-vie-couple-2.jpg\" alt=\"\" style=\"width: 100%; max-width: 800px; height: auto; border-radius: 8px; margin: 20px 0;\"><\/p>\n<p>Les week-ends et semaines sans enfants sont des opportunit\u00e9s pr\u00e9cieuses pour nourrir votre relation de couple. Ces moments permettent de retrouver votre identit\u00e9 d&rsquo;amoureux, au-del\u00e0 de vos r\u00f4les de parents.<\/p>\n<p>**Utilisez ces p\u00e9riodes pour :**<br \/>\n&#8211; Organiser des sorties romantiques impossibles avec les enfants<br \/>\n&#8211; Avoir des conversations profondes sans interruption<br \/>\n&#8211; Red\u00e9couvrir votre intimit\u00e9 physique et \u00e9motionnelle<br \/>\n&#8211; Partager des activit\u00e9s communes (sport, culture, voyages)<br \/>\n&#8211; Simplement profiter du calme et de la spontan\u00e9it\u00e9<\/p>\n<div style=\"background-color: #f3e5f5; border-left: 4px solid #9c27b0; padding: 15px; margin: 20px 0; border-radius: 8px; color: #333;\">\n<strong>\u26a0\ufe0f Attention :<\/strong><br \/>\n\u00c9vite de transformer ces moments en \u00ab\u00a0rattrapage\u00a0\u00bb des t\u00e2ches m\u00e9nag\u00e8res ou administratives. Pr\u00e9serve au moins une partie de ce temps pour votre couple.\n<\/div>\n<p>Beaucoup de couples en garde altern\u00e9e d\u00e9veloppent une **complicit\u00e9 renforc\u00e9e** gr\u00e2ce \u00e0 cette alternance. Ils apprennent \u00e0 intensifier leurs moments ensemble et \u00e0 ne plus les consid\u00e9rer comme acquis. Cette dynamique peut cr\u00e9er une relation plus passionn\u00e9e qu&rsquo;un couple traditionnel qui se voit quotidiennement.<\/p>\n<p>N&rsquo;h\u00e9site pas \u00e0 planifier des mini-escapades ou des activit\u00e9s sp\u00e9ciales pendant ces cr\u00e9neaux libres. L&rsquo;anticipation de ces moments renforce \u00e9galement le lien du couple pendant les semaines de garde.<\/p>\n<p>## <\/p>\n<h2>\ud83d\udccb Organisation pratique : les cl\u00e9s d&rsquo;une harmonie durable<\/h2>\n<p><img decoding=\"async\" src=\"https:\/\/www.affinite.fr\/wp-content\/uploads\/2026\/04\/garde-alternee-vie-couple-3.jpg\" alt=\"\" style=\"width: 100%; max-width: 800px; height: auto; border-radius: 8px; margin: 20px 0;\"><\/p>\n<p>Une organisation claire et bien rod\u00e9e est indispensable pour que la garde altern\u00e9e renforce votre couple plut\u00f4t que de le fragiliser. La coordination devient un enjeu majeur qui peut g\u00e9n\u00e9rer du stress ou, au contraire, cr\u00e9er une belle complicit\u00e9.<\/p>\n<p>**Les \u00e9l\u00e9ments essentiels \u00e0 organiser :**<\/p>\n<p>&#8211; **Calendrier partag\u00e9** : Utilisez une application commune pour noter les gardes, activit\u00e9s des enfants, et vos projets de couple<br \/>\n&#8211; **Transitions fluides** : Pr\u00e9parez les affaires des enfants ensemble pour \u00e9viter les oublis et tensions<br \/>\n&#8211; **Communication avec l&rsquo;ex** : \u00c9tablissez des r\u00e8gles claires pour que votre partenaire ne se sente pas exclu<br \/>\n&#8211; **Finances** : R\u00e9partissez \u00e9quitablement les frais selon vos semaines de garde respectives<br \/>\n&#8211; **Logement** : Am\u00e9nagez l&rsquo;espace pour que chacun trouve sa place, enfants comme partenaire<\/p>\n<div style=\"background-color: #ffebee; border-left: 4px solid #f44336; padding: 15px; margin: 20px 0; border-radius: 8px; color: #333;\">\n<strong>\ud83c\udfaf La r\u00e8gle \u00ab\u00a030 on\/30 off\u00a0\u00bb pour les vacances :<\/strong><br \/>\nPour les vacances familiales, adoptez le principe de 30 minutes d&rsquo;activit\u00e9s avec tous les enfants, puis 30 minutes en couple pendant que les enfants jouent ou se reposent. Cette alternance maintient l&rsquo;\u00e9quilibre famille\/couple m\u00eame en vacances.\n<\/div>\n<p>L&rsquo;organisation doit aussi inclure la **gestion \u00e9motionnelle**. Pr\u00e9parez-vous aux moments difficiles : quand les enfants sont tristes de partir, quand ton partenaire se sent exclu, ou quand toi-m\u00eame tu ressens de la culpabilit\u00e9. Avoir des strat\u00e9gies en amont \u00e9vite les crises.<\/p>\n<p>Cr\u00e9ez des **rituels de transition** qui marquent le passage d&rsquo;un mode \u00e0 l&rsquo;autre. Par exemple, un moment de c\u00e2lin en couple apr\u00e8s le d\u00e9part des enfants, ou un petit d\u00e9jeuner sp\u00e9cial au retour de chez l&rsquo;autre parent.<\/p>\n<p>La garde altern\u00e9e demande plus de coordination qu&rsquo;une famille traditionnelle, mais cette organisation commune peut devenir un facteur de rapprochement. Beaucoup de couples t\u00e9moignent qu&rsquo;ils communiquent mieux depuis qu&rsquo;ils doivent tout coordonner ensemble.<\/p>\n<h3>\u2753 Comment g\u00e9rer les conflits li\u00e9s \u00e0 la garde altern\u00e9e ?<\/h3>\n<p>La communication pr\u00e9ventive est la cl\u00e9 pour \u00e9viter les conflits. \u00c9tablissez des r\u00e8gles claires d\u00e8s le d\u00e9but, planifiez r\u00e9guli\u00e8rement et n&rsquo;h\u00e9sitez pas \u00e0 faire des ajustements si quelque chose ne fonctionne pas.<\/p>\n<h3>\u2753 Que faire si mon partenaire se sent exclu pendant mes semaines de garde ?<\/h3>\n<p>Impliquez votre partenaire dans la vie familiale sans le forcer. Laissez-lui choisir son niveau d&rsquo;engagement et cr\u00e9ez des moments privil\u00e9gi\u00e9s m\u00eame pendant les semaines avec enfants.<\/p>\n<h3>\u2753 Comment expliquer notre situation aux enfants ?<\/h3>\n<p>Soyez transparents et rassurants sur l&rsquo;organisation. Expliquez que les moments sans eux permettent de mieux les retrouver, et que votre bonheur de couple contribue \u00e0 leur bien-\u00eatre.<\/p>\n<h3>\u2753 Faut-il synchroniser nos gardes respectives ?<\/h3>\n<p>Ce n&rsquo;est pas obligatoire mais c&rsquo;est souvent plus pratique. Avoir les m\u00eames semaines libres facilite les projets de couple, mais certains pr\u00e9f\u00e8rent l&rsquo;alternance pour avoir toujours un enfant \u00e0 la maison.<\/p>\n<h3>\u2753 Comment g\u00e9rer financi\u00e8rement la garde altern\u00e9e en couple ?<\/h3>\n<p>\u00c9tablissez un budget clair qui tient compte des frais suppl\u00e9mentaires (double \u00e9quipement, activit\u00e9s). Certains couples mutualisent tout, d&rsquo;autres gardent une gestion s\u00e9par\u00e9e pour leurs enfants respectifs.<\/p>\n<h3>\u2753 La garde altern\u00e9e peut-elle renforcer un couple ?<\/h3>\n<p>Absolument. L&rsquo;alternance \u00e9vite la routine, intensifie les moments ensemble et peut cr\u00e9er une dynamique plus passionn\u00e9e qu&rsquo;un couple traditionnel qui se voit quotidiennement.<\/p>\n<p><script type=\"application\/ld+json\">\n{\n  \"@context\": \"https:\/\/schema.org\",\n  \"@type\": \"FAQPage\",\n  \"mainEntity\": [\n    {\n      \"@type\": \"Question\",\n      \"name\": \"Comment g\u00e9rer les conflits li\u00e9s \u00e0 la garde altern\u00e9e ?\",\n      \"acceptedAnswer\": {\n        \"@type\": \"Answer\",\n        \"text\": \"La communication pr\u00e9ventive est la cl\u00e9 pour \u00e9viter les conflits. \u00c9tablissez des r\u00e8gles claires d\u00e8s le d\u00e9but, planifiez r\u00e9guli\u00e8rement et n'h\u00e9sitez pas \u00e0 faire des ajustements si quelque chose ne fonctionne pas.\"\n      }\n    },\n    {\n      \"@type\": \"Question\",\n      \"name\": \"Que faire si mon partenaire se sent exclu pendant mes semaines de garde ?\",\n      \"acceptedAnswer\": {\n        \"@type\": \"Answer\",\n        \"text\": \"Impliquez votre partenaire dans la vie familiale sans le forcer. Laissez-lui choisir son niveau d'engagement et cr\u00e9ez des moments privil\u00e9gi\u00e9s m\u00eame pendant les semaines avec enfants.\"\n      }\n    },\n    {\n      \"@type\": \"Question\",\n      \"name\": \"Comment expliquer notre situation aux enfants ?\",\n      \"acceptedAnswer\": {\n        \"@type\": \"Answer\",\n        \"text\": \"Soyez transparents et rassurants sur l'organisation. Expliquez que les moments sans eux permettent de mieux les retrouver, et que votre bonheur de couple contribue \u00e0 leur bien-\u00eatre.\"\n      }\n    }\n  ]\n}\n<\/script><\/p>\n<div style=\"background-color: #fce4ec; border-left: 4px solid #e91e63; padding: 15px; margin: 20px 0; border-radius: 8px; color: #333;\">\n<strong>\ud83d\udc95 En bref :<\/strong><\/p>\n<ul>\n<li>L&rsquo;alternance on\/off cr\u00e9e naturellement deux modes de vie compl\u00e9mentaires<\/li>\n<li>Les week-ends sans enfants sont pr\u00e9cieux pour nourrir votre complicit\u00e9 de couple<\/li>\n<li>Une organisation claire avec calendrier partag\u00e9 \u00e9vite les tensions<\/li>\n<li>La r\u00e8gle \u00ab\u00a030 on\/30 off\u00a0\u00bb optimise l&rsquo;\u00e9quilibre famille\/couple en vacances<\/li>\n<li>Cette situation peut renforcer votre relation en \u00e9vitant la routine<\/li>\n<\/ul>\n<\/div>\n<p><script type=\"application\/ld+json\">\n{\n  \"@context\": \"https:\/\/schema.org\",\n  \"@type\": \"Article\",\n  \"headline\": \"Garde altern\u00e9e et vie de couple : r\u00e9ussir l'\u00e9quilibre parfait\",\n  \"description\": \"D\u00e9couvre comment transformer la garde altern\u00e9e en atout pour ton couple gr\u00e2ce \u00e0 une organisation optimale et des moments privil\u00e9gi\u00e9s.\",\n  \"author\": {\n    \"@type\": \"Person\",\n    \"name\": \"Thomas Girard\"\n  },\n  \"publisher\": {\n    \"@type\": \"Organization\",\n    \"name\": \"Affinite.fr\"\n  },\n  \"mainEntityOfPage\": {\n    \"@type\": \"WebPage\"\n  },\n  \"about\": [\n    \"\u00c9quilibre semaines on\/off en garde altern\u00e9e\",\n    \"Profiter des moments sans enfants en couple\",\n    \"Organisation pratique de la garde altern\u00e9e\",\n    \"Renforcer sa relation avec l'alternance familiale\"\n  ],\n  \"teaches\": [\n    \"Comment cr\u00e9er un rythme \u00e9quilibr\u00e9 entre vie familiale et couple\",\n    \"Optimiser les moments sans enfants pour sa relation amoureuse\",\n    \"Organiser efficacement la garde altern\u00e9e pour \u00e9viter les conflits\"\n  ]\n}\n<\/script><\/p>\n<div style=\"background-color: #e8f5e9; border-left: 4px solid #4caf50; padding: 15px; margin: 20px 0; border-radius: 8px; color: #333;\">\n<strong>\ud83c\udf39 Tu veux faire de belles rencontres ?<\/strong><br \/>\nD\u00e9couvre notre s\u00e9lection des meilleures apps et sites de rencontre test\u00e9s par notre \u00e9quipe. Trouve l&rsquo;amour en toute confiance !\n<\/div>\n<div style=\"background-color: #f8f9fa; border-radius: 12px; padding: 20px; margin: 30px 0; display: flex; align-items: center; gap: 15px;\">\n<div style=\"width: 60px; height: 60px; background-color: #e91e63; border-radius: 50%; display: flex; align-items: center; justify-content: center; color: white; font-weight: bold; font-size: 24px;\">TG<\/div>\n<div>\n<strong style=\"color: #333; font-size: 16px;\">Thomas Girard<\/strong><br \/>\n<span style=\"color: #666; font-size: 14px;\">R\u00e9dacteur chez Affinite.fr<\/span>\n<\/div>\n<\/div>\n","protected":false},"excerpt":{"rendered":"<p>\ud83d\udc95 Ce que tu vas d\u00e9couvrir : Point 1 : L&rsquo;alternance \u00ab\u00a0on\/off\u00a0\u00bb permet de cr\u00e9er un \u00e9quilibre entre vie familiale &hellip; <a href=\"http:\/\/www.affinite.fr\/index.php\/2026\/04\/10\/garde-alternee-et-vie-de-couple\/\" class=\"more-link\">Plus <span class=\"screen-reader-text\">Garde altern\u00e9e et vie de couple<\/span> <span class=\"meta-nav\">&rarr;<\/span><\/a><\/p>\n","protected":false},"author":326,"featured_media":13090,"comment_status":"open","ping_status":"open","sticky":false,"template":"","format":"standard","meta":{"_sitemap_exclude":false,"_sitemap_priority":"","_sitemap_frequency":"","footnotes":""},"categories":[123],"tags":[249,269,290],"class_list":["post-13092","post","type-post","status-publish","format-standard","has-post-thumbnail","hentry","category-couple-parentalite","tag-entremetteur","tag-jeune","tag-trans"],"_links":{"self":[{"href":"http:\/\/www.affinite.fr\/index.php\/wp-json\/wp\/v2\/posts\/13092"}],"collection":[{"href":"http:\/\/www.affinite.fr\/index.php\/wp-json\/wp\/v2\/posts"}],"about":[{"href":"http:\/\/www.affinite.fr\/index.php\/wp-json\/wp\/v2\/types\/post"}],"author":[{"embeddable":true,"href":"http:\/\/www.affinite.fr\/index.php\/wp-json\/wp\/v2\/users\/326"}],"replies":[{"embeddable":true,"href":"http:\/\/www.affinite.fr\/index.php\/wp-json\/wp\/v2\/comments?post=13092"}],"version-history":[{"count":1,"href":"http:\/\/www.affinite.fr\/index.php\/wp-json\/wp\/v2\/posts\/13092\/revisions"}],"predecessor-version":[{"id":13093,"href":"http:\/\/www.affinite.fr\/index.php\/wp-json\/wp\/v2\/posts\/13092\/revisions\/13093"}],"wp:featuredmedia":[{"embeddable":true,"href":"http:\/\/www.affinite.fr\/index.php\/wp-json\/wp\/v2\/media\/13090"}],"wp:attachment":[{"href":"http:\/\/www.affinite.fr\/index.php\/wp-json\/wp\/v2\/media?parent=13092"}],"wp:term":[{"taxonomy":"category","embeddable":true,"href":"http:\/\/www.affinite.fr\/index.php\/wp-json\/wp\/v2\/categories?post=13092"},{"taxonomy":"post_tag","embeddable":true,"href":"http:\/\/www.affinite.fr\/index.php\/wp-json\/wp\/v2\/tags?post=13092"}],"curies":[{"name":"wp","href":"https:\/\/api.w.org\/{rel}","templated":true}]}}