{"id":1298,"date":"2020-03-30T10:02:26","date_gmt":"2020-03-30T10:02:26","guid":{"rendered":"https:\/\/www.affinite.fr\/index.php\/2020\/03\/30\/mort-de-krzysztof-penderecki-compositeur-adule-par-kubrick-et-scorsese-actus-cine\/"},"modified":"2020-03-30T10:02:26","modified_gmt":"2020-03-30T10:02:26","slug":"mort-de-krzysztof-penderecki-compositeur-adule-par-kubrick-et-scorsese-actus-cine","status":"publish","type":"post","link":"http:\/\/www.affinite.fr\/index.php\/2020\/03\/30\/mort-de-krzysztof-penderecki-compositeur-adule-par-kubrick-et-scorsese-actus-cine\/","title":{"rendered":"Mort de Krzysztof Penderecki, compositeur adul\u00e9 par Kubrick et Scorsese &#8211; Actus Cin\u00e9"},"content":{"rendered":"<p> [ad_1]<br \/>\n<\/p>\n<div id=\"article-container\">\n<p class=\"article-lead\">Le chef d&rsquo;orchestre polonais, dont les compositions ont pu \u00eatre entendues, entre autres, dans \u00ab\u00a0L&rsquo;Exorciste\u00a0\u00bb et \u00ab\u00a0Shining\u00a0\u00bb, est d\u00e9c\u00e9d\u00e9 \u00e0 l&rsquo;\u00e2ge de 86 ans.<\/p>\n<div id=\"article-content\">\n<figure class=\"article-figure article-main-figure\"><img loading=\"lazy\" decoding=\"async\" class=\"article-figure-img\" width=\"640\" height=\"360\" src=\"http:\/\/fr.web.img6.acsta.net\/r_640_360\/newsv7\/20\/03\/30\/11\/31\/0278534.jpg\"\/><figcaption class=\"article-figcaption-copy\">PAP\/EPA\/DIEGO AZUBEL<\/figcaption><\/figure>\n<p>C&rsquo;\u00e9tait l&rsquo;un des plus grands compositeurs et chefs d&rsquo;orchestre contemporains de son \u00e9poque. Le Polonais\u00a0<a title=\"Krzysztof Penderecki (Pologne) (Compositeur,Musiques additionnelles (compositeur))\" href=\"http:\/\/www.allocine.fr\/personne\/fichepersonne_gen_cpersonne=49128.html\">Krzysztof Penderecki<\/a><span>\u00a0est d\u00e9c\u00e9d\u00e9 \u00e0 l&rsquo;\u00e2ge de 86 ans, \u00e0 Cracovie, des suites \u00ab\u00a0<i>d&rsquo;une longue maladie<\/i>\u00ab\u00a0, comme l&rsquo;informe l\u2019association Ludwig van Beethoven cr\u00e9\u00e9e par l&rsquo;\u00e9pouse du musicien,\u00a0<span>El\u017cbieta Penderecka. R\u00e9compens\u00e9 par un nombre incalculable de prix, dont quatre Grammy Awards et un Emmy Award, l&rsquo;artiste avait \u00e9galement \u00e9t\u00e9 fait\u00a0<span>officier de l&rsquo;<\/span><span>Ordre des\u00a0<\/span><span>Arts et des Lettres en 1996. Connu pour ses\u00a0<span>\u0153uvres d&rsquo;influence s\u00e9rielle et ses op\u00e9ras, il avait aussi travaill\u00e9 pour le cin\u00e9ma en composant les bandes originales de films comme\u00a0<a title=\"Je t'aime, je t'aime (France) - 1968 (Science fiction,Drame)\" href=\"http:\/\/www.allocine.fr\/film\/fichefilm_gen_cfilm=2163.html\">Je t&rsquo;aime, je t&rsquo;aime<\/a> d&rsquo;<a title=\"Alain Resnais (France) (R\u00e9alisateur,Sc\u00e9nariste,Monteur)\" href=\"http:\/\/www.allocine.fr\/personne\/fichepersonne_gen_cpersonne=324.html\">Alain Resnais<\/a> en 1968 ou encore\u00a0<a title=\"Les Gauloises Bleues (France) - 1968 (Drame)\" href=\"http:\/\/www.allocine.fr\/film\/fichefilm_gen_cfilm=34214.html\">Les Gauloises bleues<\/a>\u00a0de <a title=\"Michel Cournot (France) (Sc\u00e9nariste,Dialoguiste,R\u00e9alisateur)\" href=\"http:\/\/www.allocine.fr\/personne\/fichepersonne_gen_cpersonne=58752.html\">Michel Cournot<\/a>, avec <a title=\"Annie Girardot (France) (Acteur)\" href=\"http:\/\/www.allocine.fr\/personne\/fichepersonne_gen_cpersonne=1145.html\">Annie Girardot<\/a>, la m\u00eame ann\u00e9e.<\/span><\/span><\/span><\/span><\/p>\n<p><span><span><span><span>Mais c&rsquo;est dans des classiques, comme\u00a0<a title=\"L'Exorciste (U.S.A.) - 1973 (Epouvante-horreur)\" href=\"http:\/\/www.allocine.fr\/film\/fichefilm_gen_cfilm=27765.html\">L&rsquo;Exorciste<\/a> et <a title=\"Shining (Grande-Bretagne,U.S.A.) - 1980 (Epouvante-horreur,Thriller)\" href=\"http:\/\/www.allocine.fr\/film\/fichefilm_gen_cfilm=863.html\">Shining<\/a>, que les spectateurs ont pu entendre son travail. Si\u00a0Krzysztof Penderecki n&rsquo;\u00e9tait pas le compositeur attitr\u00e9 de ces films, ses\u00a0\u0153uvres ont de nombreuses fois \u00e9t\u00e9 utilis\u00e9es par les plus grands r\u00e9alisateurs. Cinq de ces compositions on \u00e9t\u00e9 utilis\u00e9es dans le long-m\u00e9trage de <a title=\"William Friedkin (U.S.A.) (R\u00e9alisateur,Acteur,Sc\u00e9nariste)\" href=\"http:\/\/www.allocine.fr\/personne\/fichepersonne_gen_cpersonne=698.html\">William Friedkin<\/a>, tandis que six ont \u00e9t\u00e9 choisies par\u00a0<a title=\"Stanley Kubrick (U.S.A.) (Sc\u00e9nariste,R\u00e9alisateur,Producteur)\" href=\"http:\/\/www.allocine.fr\/personne\/fichepersonne_gen_cpersonne=520.html\">Stanley Kubrick<\/a> pour son film de 1980. Par la suite, c&rsquo;est\u00a0<a title=\"David Lynch (U.S.A.) (R\u00e9alisateur,Sc\u00e9nariste,Acteur)\" href=\"http:\/\/www.allocine.fr\/personne\/fichepersonne_gen_cpersonne=648.html\">David Lynch<\/a> qui a int\u00e9gr\u00e9 certaines de ses musiques dans la s\u00e9rie <a title=\"Twin Peaks - The Return (Myst\u00e8res \u00e0 Twin Peaks) (U.S.A.) (Drame,Fantastique,Policier)\" href=\"http:\/\/www.allocine.fr\/series\/ficheserie_gen_cserie=536.html\">Twin Peaks<\/a>, <a title=\"Sailor et Lula (U.S.A.) - 1990 (Com\u00e9die dramatique,Thriller,Romance)\" href=\"http:\/\/www.allocine.fr\/film\/fichefilm_gen_cfilm=5981.html\">Sailor et Lula<\/a>, et <a title=\"Inland Empire (Pologne,U.S.A.,France) - 2006 (Thriller,Drame,Fantastique)\" href=\"http:\/\/www.allocine.fr\/film\/fichefilm_gen_cfilm=60981.html\">Inland Empire<\/a>. Plus r\u00e9cemment encore,\u00a0<a title=\"Martin Scorsese (U.S.A.) (Acteur,R\u00e9alisateur,Producteur d\u00e9l\u00e9gu\u00e9)\" href=\"http:\/\/www.allocine.fr\/personne\/fichepersonne_gen_cpersonne=852.html\">Martin Scorsese<\/a> avait utilis\u00e9 le travail de\u00a0Krzysztof Penderecki, en 2010, pour <a title=\"Shutter Island (U.S.A.) - 2010 (Thriller)\" href=\"http:\/\/www.allocine.fr\/film\/fichefilm_gen_cfilm=132039.html\">Shutter Island<\/a>, avec <a title=\"Leonardo DiCaprio (U.S.A.) (Acteur,Producteur,Producteur d\u00e9l\u00e9gu\u00e9)\" href=\"http:\/\/www.allocine.fr\/personne\/fichepersonne_gen_cpersonne=12972.html\">Leonardo DiCaprio<\/a>.<\/span><\/span><\/span><\/span><\/p>\n<p><strong>D\u00e9couvrez le travail de\u00a0Krzysztof Penderecki :\u00a0<\/strong><\/p>\n<p><span><span><span><span><\/p>\n<p><iframe loading=\"lazy\" src=\"https:\/\/open.spotify.com\/embed\/album\/0wy57ZfpmizfHwAkmwcXLJ\" width=\"300\" height=\"380\" frameborder=\"0\" allowtransparency=\"true\" allow=\"encrypted-media\"><\/iframe><\/p>\n<p><\/span><\/span><\/span><\/span><\/p>\n<\/p><\/div>\n<\/p><\/div>\n<p>[ad_2]<br \/>\n<br \/><a href=\"http:\/\/rss.allocine.fr\/~r\/ac\/actualites\/~3\/cxZfXGV1IvE\/fichearticle_gen_carticle=18688885.html\">Source link <\/a><\/p>\n","protected":false},"excerpt":{"rendered":"<p>[ad_1] Le chef d&rsquo;orchestre polonais, dont les compositions ont pu \u00eatre entendues, entre autres, dans \u00ab\u00a0L&rsquo;Exorciste\u00a0\u00bb et \u00ab\u00a0Shining\u00a0\u00bb, est d\u00e9c\u00e9d\u00e9 &hellip; <a href=\"http:\/\/www.affinite.fr\/index.php\/2020\/03\/30\/mort-de-krzysztof-penderecki-compositeur-adule-par-kubrick-et-scorsese-actus-cine\/\" class=\"more-link\">Plus <span class=\"screen-reader-text\">Mort de Krzysztof Penderecki, compositeur adul\u00e9 par Kubrick et Scorsese &#8211; Actus Cin\u00e9<\/span> <span class=\"meta-nav\">&rarr;<\/span><\/a><\/p>\n","protected":false},"author":1,"featured_media":1299,"comment_status":"open","ping_status":"open","sticky":false,"template":"","format":"standard","meta":{"_sitemap_exclude":false,"_sitemap_priority":"","_sitemap_frequency":"","footnotes":""},"categories":[1],"tags":[],"class_list":["post-1298","post","type-post","status-publish","format-standard","has-post-thumbnail","hentry","category-tous"],"_links":{"self":[{"href":"http:\/\/www.affinite.fr\/index.php\/wp-json\/wp\/v2\/posts\/1298"}],"collection":[{"href":"http:\/\/www.affinite.fr\/index.php\/wp-json\/wp\/v2\/posts"}],"about":[{"href":"http:\/\/www.affinite.fr\/index.php\/wp-json\/wp\/v2\/types\/post"}],"author":[{"embeddable":true,"href":"http:\/\/www.affinite.fr\/index.php\/wp-json\/wp\/v2\/users\/1"}],"replies":[{"embeddable":true,"href":"http:\/\/www.affinite.fr\/index.php\/wp-json\/wp\/v2\/comments?post=1298"}],"version-history":[{"count":0,"href":"http:\/\/www.affinite.fr\/index.php\/wp-json\/wp\/v2\/posts\/1298\/revisions"}],"wp:featuredmedia":[{"embeddable":true,"href":"http:\/\/www.affinite.fr\/index.php\/wp-json\/wp\/v2\/media\/1299"}],"wp:attachment":[{"href":"http:\/\/www.affinite.fr\/index.php\/wp-json\/wp\/v2\/media?parent=1298"}],"wp:term":[{"taxonomy":"category","embeddable":true,"href":"http:\/\/www.affinite.fr\/index.php\/wp-json\/wp\/v2\/categories?post=1298"},{"taxonomy":"post_tag","embeddable":true,"href":"http:\/\/www.affinite.fr\/index.php\/wp-json\/wp\/v2\/tags?post=1298"}],"curies":[{"name":"wp","href":"https:\/\/api.w.org\/{rel}","templated":true}]}}