{"id":12677,"date":"2026-01-10T23:27:31","date_gmt":"2026-01-10T23:27:31","guid":{"rendered":"https:\/\/www.affinite.fr\/index.php\/2026\/01\/10\/7-recettes-de-pates-feuilletees-pour-vos-galettes-quiches-et-autres-tartes\/"},"modified":"2026-01-10T23:27:31","modified_gmt":"2026-01-10T23:27:31","slug":"7-recettes-de-pates-feuilletees-pour-vos-galettes-quiches-et-autres-tartes","status":"publish","type":"post","link":"http:\/\/www.affinite.fr\/index.php\/2026\/01\/10\/7-recettes-de-pates-feuilletees-pour-vos-galettes-quiches-et-autres-tartes\/","title":{"rendered":"7 recettes de p\u00e2tes feuillet\u00e9es pour vos galettes, quiches et autres tartes !"},"content":{"rendered":"<p> [ad_1]<br \/>\n<\/p>\n<p>Envie de r\u00e9aliser <b><span style=\"font-size: large\">vos propres p\u00e2tes feuillet\u00e9es maison<\/span><\/b> ? Classique, invers\u00e9e, rapide, au chocolat ou m\u00eame vegan\u2026 Je vous ai rassembl\u00e9 ici <b>7 recettes de p\u00e2tes feuillet\u00e9es<\/b>, pour r\u00e9ussir toutes vos tartes, galettes et quiches. De quoi sublimer vos cr\u00e9ations p\u00e2tissi\u00e8res ! \ud83e\udd50\u2728<\/p>\n<div class=\"separator\" style=\"clear: both;text-align: center\"><a href=\"https:\/\/www.iletaitunefoislapatisserie.com\/2026\/01\/7-recettes-de-pates-feuilletees-pour.html\" style=\"margin-left: 1em;margin-right: 1em\"><img decoding=\"async\" alt=\"recettes de p\u00e2tes feuillet\u00e9es\" border=\"0\" data-original-height=\"650\" data-original-width=\"650\" src=\"https:\/\/blogger.googleusercontent.com\/img\/b\/R29vZ2xl\/AVvXsEitI2JUhdWLlGhhm0eKprktl8Wiwjh_8Ex9u2_t-3zrTnQzaTLV6dGngT9Lio-Ijk-TMsLj2mCVLHJPZ3wd-OOeKVWtt4M-5bpwyENXl-OZwkW2uJ61L7uLMojV3AluUTyJnjREezi7cYjbTWXqH47-76DwzpUDkAsbIfjvQK2cbcF_tORrg-IFEGK5zxg\/s16000\/pates-feuilletees-recettes.jpg\"><\/a><\/div>\n<p><\/p>\n<div style=\"text-align: center\"><\/div>\n<p><span><\/span><a href=\"https:\/\/www.iletaitunefoislapatisserie.com\/2026\/01\/7-recettes-de-pates-feuilletees-pour.html#more\">&#8230; la suite par ici<\/a><br \/>\n<br \/>[ad_2]<br \/>\n<br \/><a href=\"https:\/\/www.iletaitunefoislapatisserie.com\/2026\/01\/7-recettes-de-pates-feuilletees-pour.html\">Source link <\/a><\/p>\n","protected":false},"excerpt":{"rendered":"<p>[ad_1] Envie de r\u00e9aliser vos propres p\u00e2tes feuillet\u00e9es maison ? Classique, invers\u00e9e, rapide, au chocolat ou m\u00eame vegan\u2026 Je vous &hellip; <a href=\"http:\/\/www.affinite.fr\/index.php\/2026\/01\/10\/7-recettes-de-pates-feuilletees-pour-vos-galettes-quiches-et-autres-tartes\/\" class=\"more-link\">Plus <span class=\"screen-reader-text\">7 recettes de p\u00e2tes feuillet\u00e9es pour vos galettes, quiches et autres tartes !<\/span> <span class=\"meta-nav\">&rarr;<\/span><\/a><\/p>\n","protected":false},"author":1,"featured_media":12678,"comment_status":"","ping_status":"open","sticky":false,"template":"","format":"standard","meta":{"_sitemap_exclude":false,"_sitemap_priority":"","_sitemap_frequency":"","footnotes":""},"categories":[1],"tags":[],"class_list":["post-12677","post","type-post","status-publish","format-standard","has-post-thumbnail","hentry","category-tous"],"_links":{"self":[{"href":"http:\/\/www.affinite.fr\/index.php\/wp-json\/wp\/v2\/posts\/12677"}],"collection":[{"href":"http:\/\/www.affinite.fr\/index.php\/wp-json\/wp\/v2\/posts"}],"about":[{"href":"http:\/\/www.affinite.fr\/index.php\/wp-json\/wp\/v2\/types\/post"}],"author":[{"embeddable":true,"href":"http:\/\/www.affinite.fr\/index.php\/wp-json\/wp\/v2\/users\/1"}],"replies":[{"embeddable":true,"href":"http:\/\/www.affinite.fr\/index.php\/wp-json\/wp\/v2\/comments?post=12677"}],"version-history":[{"count":0,"href":"http:\/\/www.affinite.fr\/index.php\/wp-json\/wp\/v2\/posts\/12677\/revisions"}],"wp:featuredmedia":[{"embeddable":true,"href":"http:\/\/www.affinite.fr\/index.php\/wp-json\/wp\/v2\/media\/12678"}],"wp:attachment":[{"href":"http:\/\/www.affinite.fr\/index.php\/wp-json\/wp\/v2\/media?parent=12677"}],"wp:term":[{"taxonomy":"category","embeddable":true,"href":"http:\/\/www.affinite.fr\/index.php\/wp-json\/wp\/v2\/categories?post=12677"},{"taxonomy":"post_tag","embeddable":true,"href":"http:\/\/www.affinite.fr\/index.php\/wp-json\/wp\/v2\/tags?post=12677"}],"curies":[{"name":"wp","href":"https:\/\/api.w.org\/{rel}","templated":true}]}}