{"id":12649,"date":"2026-01-02T00:15:25","date_gmt":"2026-01-02T00:15:25","guid":{"rendered":"https:\/\/www.affinite.fr\/index.php\/2026\/01\/02\/bonne-annee-2026-blog-cuisine-saine-sans-gluten-sans-lactose\/"},"modified":"2026-01-02T00:15:25","modified_gmt":"2026-01-02T00:15:25","slug":"bonne-annee-2026-blog-cuisine-saine-sans-gluten-sans-lactose","status":"publish","type":"post","link":"http:\/\/www.affinite.fr\/index.php\/2026\/01\/02\/bonne-annee-2026-blog-cuisine-saine-sans-gluten-sans-lactose\/","title":{"rendered":"Bonne ann\u00e9e 2026 ! &#8211; Blog Cuisine Saine sans gluten sans lactose"},"content":{"rendered":"<p> [ad_1]<br \/>\n<\/p>\n<div>\n    <!--?xml encoding=\"utf-8\" ?--><!-- FeedbackWP Plugin - Results Widget --><\/p>\n<p class=\"intro\">En ce premier jour de l\u2019ann\u00e9e 2026, je suis heureuse de vous accueillir sur Cuisine Saine avec un c\u0153ur rempli d\u2019espoir et de gratitude. Alors que nous commen\u00e7ons cette nouvelle ann\u00e9e ensemble, je veux vous adresser mes v\u0153ux les plus sinc\u00e8res et vous remercier d\u2019avoir fait partie de cette belle aventure culinaire en 2025. Vous \u00eates le c\u0153ur de cette communaut\u00e9, et c\u2019est gr\u00e2ce \u00e0 votre fid\u00e9lit\u00e9, vos retours touchants et vos partages d\u2019exp\u00e9riences que je continue \u00e0 cr\u00e9er des recettes.<\/p>\n<div id=\"attachment_122734\" style=\"width: 1274px\" class=\"wp-caption alignnone\"><img loading=\"lazy\" decoding=\"async\" aria-describedby=\"caption-attachment-122734\" alt=\"Bonne ann\u00e9e 2026 !\" width=\"1264\" height=\"848\" class=\"size-full wp-image-122734\" srcset=\"https:\/\/cuisine-saine.fr\/wp-content\/uploads\/2025\/12\/bonne-annee-2026.jpg 1264w, https:\/\/cuisine-saine.fr\/wp-content\/uploads\/2025\/12\/bonne-annee-2026-980x657.jpg 980w, https:\/\/cuisine-saine.fr\/wp-content\/uploads\/2025\/12\/bonne-annee-2026-480x322.jpg 480w\" data-lazy-sizes=\"(min-width: 0px) and (max-width: 480px) 480px, (min-width: 481px) and (max-width: 980px) 980px, (min-width: 981px) 1264px, 100vw\" src=\"https:\/\/cuisine-saine.fr\/wp-content\/uploads\/2025\/12\/bonne-annee-2026.jpg\"\/><noscript><img loading=\"lazy\" decoding=\"async\" aria-describedby=\"caption-attachment-122734\" src=\"https:\/\/cuisine-saine.fr\/wp-content\/uploads\/2025\/12\/bonne-annee-2026.jpg\" alt=\"Bonne ann\u00e9e 2026 !\" width=\"1264\" height=\"848\" class=\"size-full wp-image-122734\" srcset=\"https:\/\/cuisine-saine.fr\/wp-content\/uploads\/2025\/12\/bonne-annee-2026.jpg 1264w, https:\/\/cuisine-saine.fr\/wp-content\/uploads\/2025\/12\/bonne-annee-2026-980x657.jpg 980w, https:\/\/cuisine-saine.fr\/wp-content\/uploads\/2025\/12\/bonne-annee-2026-480x322.jpg 480w\" sizes=\"(min-width: 0px) and (max-width: 480px) 480px, (min-width: 481px) and (max-width: 980px) 980px, (min-width: 981px) 1264px, 100vw\"\/><\/noscript><\/p>\n<p id=\"caption-attachment-122734\" class=\"wp-caption-text\">Bonne ann\u00e9e 2026 !<\/p>\n<\/div>\n<h2>Une nouvelle ann\u00e9e, de nouvelles possibilit\u00e9s<\/h2>\n<p>Le 1er janvier est un moment magique. C\u2019est une page blanche, une invitation \u00e0 recommencer, \u00e0 r\u00e9inventer, \u00e0 aller plus loin. Pour ceux qui vivent avec une <a href=\"https:\/\/cuisine-saine.fr\/recette-sans-gluten\/maladie-coeliaque-et-intolerance-au-gluten\/\">intol\u00e9rance au gluten<\/a>, une sensibilit\u00e9 au lactose ou qui ont choisi de manger sans ces ingr\u00e9dients pour leur bien-\u00eatre, cette nouvelle ann\u00e9e rime avec libert\u00e9 retrouv\u00e9e. Pas de culpabilit\u00e9, pas de frustration, juste la joie de savoir que chaque repas que vous pr\u00e9parez est un acte de sant\u00e9 envers votre corps.<\/p>\n<p>D\u2019ailleurs, votre avis compte \u00e9norm\u00e9ment pour moi ! Pour que mes contenus de 2026 collent parfaitement \u00e0 vos envies, pourriez-vous prendre quelques instants pour r\u00e9pondre \u00e0 <a href=\"https:\/\/docs.google.com\/forms\/d\/e\/1FAIpQLSdfmI3SYpDg5s9zdTb1exvXf94SMC_oLGDkXCrlN_phyBjoeg\/viewform?usp=dialog\" target=\"_blank\" rel=\"noopener\">ce petit sondage<\/a> ?<\/p>\n<p>Pour vous remercier de votre temps, j\u2019organiserai un tirage au sort parmi les participants : <strong>le gagnant recevra un lot gourmand de produits sans gluten d\u2019une valeur de 40\u20ac !<\/strong>  <\/p>\n<p style=\"margin:20px 0; text-align:center\"><a class=\"et_pb_button\" href=\"https:\/\/docs.google.com\/forms\/d\/e\/1FAIpQLSdfmI3SYpDg5s9zdTb1exvXf94SMC_oLGDkXCrlN_phyBjoeg\/viewform?usp=dialog\"><strong>R\u00e9pondre au sondage et tentez de gagner un lot de produits sans gluten<\/strong><\/a><\/p>\n<p>En 2026, mon v\u0153u sinc\u00e8re pour vous est que manger sans gluten ni lactose devienne aussi naturel que respirer. Que ce ne soit plus une contrainte pesante, mais une habitude tranquille. Sur Cuisine Saine, je continuerai \u00e0 vous proposer de nouvelles recettes, des inspirations venues de diff\u00e9rentes cultures, des plats r\u00e9confortants pour les froides journ\u00e9es d\u2019hiver et des cr\u00e9ations l\u00e9g\u00e8res pour les doux jours de printemps.<\/p>\n<h2>Sant\u00e9 et bien-\u00eatre : ma promesse pour 2026<\/h2>\n<p>Quand vous \u00e9liminez le gluten et le lactose de votre assiette, vous faites bien plus que changer votre alimentation. Vous posez un geste de sant\u00e9 que vous prescrivez vous-m\u00eame, chaque jour, \u00e0 chaque repas. Vous savez peut-\u00eatre d\u00e9j\u00e0 que cette d\u00e9cision apaise votre syst\u00e8me digestif, r\u00e9duit l\u2019inflammation, booste votre \u00e9nergie et am\u00e9liore votre clart\u00e9 mentale. Ou peut-\u00eatre que ces b\u00e9n\u00e9fices se font encore attendre.<\/p>\n<p>Mon v\u0153u profond pour 2026 est que vous ressentiez les transformations positives que cette alimentation apporte. Que votre digestion soit l\u00e9g\u00e8re, que votre sommeil soit r\u00e9parateur, que votre peau rayonne, que vos douleurs articulaires diminuent, que votre moral soit plus stable. Ces petites victoires du quotidien, souvent invisibles aux yeux des autres, constituent les v\u00e9ritables richesses d\u2019une vie bien nourrie.<\/p>\n<h2>Un espace de confiance et de bienveillance<\/h2>\n<p>Cuisine Saine n\u2019est pas qu\u2019un blog. C\u2019est un espace o\u00f9 vous vous sentez compris, o\u00f9 il n\u2019y a pas de jugement, o\u00f9 chacun a sa place. Que vous soyez diagnostiqu\u00e9 c\u0153liaque, que vous traversiez une phase de sensibilit\u00e9 au gluten, que vous souffriez d\u2019intol\u00e9rance au lactose ou que vous cherchiez simplement \u00e0 manger mieux, je suis ici pour vous soutenir \u00e0 travers mes recettes et mes articles.<\/p>\n<p>Cette ann\u00e9e, si vous avez une recette qui vous a chang\u00e9 la vie, une cr\u00e9ation que vous avez adapt\u00e9e avec succ\u00e8s, une histoire de bien-\u00eatre \u00e0 partager, je vous encourage \u00e0 me la raconter en commentaire. Parce que votre exp\u00e9rience peut \u00e9clairer le chemin de quelqu\u2019un d\u2019autre qui doute encore.<\/p>\n<h2>En 2026, je vous souhaite trois choses<\/h2>\n<p>Premi\u00e8rement, que votre assiette soit remplie de mets qui vous r\u00e9galent vraiment. Deuxi\u00e8mement, que votre corps vous remercie par un mieux-\u00eatre visible et durable. Troisi\u00e8mement, et c\u2019est peut-\u00eatre le plus important, que vous d\u00e9couvriez la libert\u00e9 authentique que procure une alimentation choisie avec conscience.<\/p>\n<p>Merci d\u2019\u00eatre l\u00e0. Merci de me faire confiance, ann\u00e9e apr\u00e8s ann\u00e9e. Que 2026 soit votre plus belle ann\u00e9e culinaire, celle o\u00f9 vous comprenez vraiment que manger sans gluten ni lactose, c\u2019est manger \u00e0 la faveur de votre propre bonheur.<\/p>\n<p><!-- FeedbackWP Plugin --><\/p>\n<nav class=\"cs-post-nav\" aria-label=\"Navigation entre articles\">\n<p>                  <a class=\"cs-nav-item cs-nav-older\" rel=\"prev\" href=\"https:\/\/cuisine-saine.fr\/saisons\/noel-sans-gluten\/vin-chaud-recette-de-grand-mere\/\"><br \/>\n            <span class=\"cs-nav-sub\">Plus ancien<\/span><br \/>\n            <span class=\"cs-nav-title\">Vin chaud recette de grand-m\u00e8re<\/span><br \/>\n          <\/a><br \/>\n              <\/nav>\n<\/div>\n<p>[ad_2]<br \/>\n<br \/><a href=\"https:\/\/cuisine-saine.fr\/blog-cuisine-presse-et-tele\/bonne-annee-2026\/\">Source link <\/a><\/p>\n","protected":false},"excerpt":{"rendered":"<p>[ad_1] En ce premier jour de l\u2019ann\u00e9e 2026, je suis heureuse de vous accueillir sur Cuisine Saine avec un c\u0153ur &hellip; <a href=\"http:\/\/www.affinite.fr\/index.php\/2026\/01\/02\/bonne-annee-2026-blog-cuisine-saine-sans-gluten-sans-lactose\/\" class=\"more-link\">Plus <span class=\"screen-reader-text\">Bonne ann\u00e9e 2026 ! &#8211; Blog Cuisine Saine sans gluten sans lactose<\/span> <span class=\"meta-nav\">&rarr;<\/span><\/a><\/p>\n","protected":false},"author":1,"featured_media":12650,"comment_status":"","ping_status":"open","sticky":false,"template":"","format":"standard","meta":{"_sitemap_exclude":false,"_sitemap_priority":"","_sitemap_frequency":"","footnotes":""},"categories":[1],"tags":[],"class_list":["post-12649","post","type-post","status-publish","format-standard","has-post-thumbnail","hentry","category-tous"],"_links":{"self":[{"href":"http:\/\/www.affinite.fr\/index.php\/wp-json\/wp\/v2\/posts\/12649"}],"collection":[{"href":"http:\/\/www.affinite.fr\/index.php\/wp-json\/wp\/v2\/posts"}],"about":[{"href":"http:\/\/www.affinite.fr\/index.php\/wp-json\/wp\/v2\/types\/post"}],"author":[{"embeddable":true,"href":"http:\/\/www.affinite.fr\/index.php\/wp-json\/wp\/v2\/users\/1"}],"replies":[{"embeddable":true,"href":"http:\/\/www.affinite.fr\/index.php\/wp-json\/wp\/v2\/comments?post=12649"}],"version-history":[{"count":0,"href":"http:\/\/www.affinite.fr\/index.php\/wp-json\/wp\/v2\/posts\/12649\/revisions"}],"wp:featuredmedia":[{"embeddable":true,"href":"http:\/\/www.affinite.fr\/index.php\/wp-json\/wp\/v2\/media\/12650"}],"wp:attachment":[{"href":"http:\/\/www.affinite.fr\/index.php\/wp-json\/wp\/v2\/media?parent=12649"}],"wp:term":[{"taxonomy":"category","embeddable":true,"href":"http:\/\/www.affinite.fr\/index.php\/wp-json\/wp\/v2\/categories?post=12649"},{"taxonomy":"post_tag","embeddable":true,"href":"http:\/\/www.affinite.fr\/index.php\/wp-json\/wp\/v2\/tags?post=12649"}],"curies":[{"name":"wp","href":"https:\/\/api.w.org\/{rel}","templated":true}]}}