{"id":12569,"date":"2025-12-06T22:08:34","date_gmt":"2025-12-06T22:08:34","guid":{"rendered":"http:\/\/www.affinite.fr\/index.php\/2025\/12\/06\/cest-a-ca-que-ressemble-un-licenciement-discret\/"},"modified":"2025-12-06T22:08:34","modified_gmt":"2025-12-06T22:08:34","slug":"cest-a-ca-que-ressemble-un-licenciement-discret","status":"publish","type":"post","link":"http:\/\/www.affinite.fr\/index.php\/2025\/12\/06\/cest-a-ca-que-ressemble-un-licenciement-discret\/","title":{"rendered":"C&rsquo;est \u00e0 \u00e7a que ressemble un licenciement discret"},"content":{"rendered":"<p> [ad_1]<br \/>\n<\/p>\n<p>\n                            Certains indices ne trompent pas quant aux intentions de vos sup\u00e9rieurs&#8230;<\/p>\n<div>\n<p>Comment reconna\u00eetre un licenciement discret ? Au d\u00e9but, tout semble normal. On ne vous dit rien, mais tout semble finalement vous pousser doucement vers la sortie&#8230; jusqu&rsquo;\u00e0 ce que le couperet tombe. Il s&rsquo;agit d&rsquo;un ph\u00e9nom\u00e8ne de plus en plus r\u00e9pandu. Mais plusieurs signes sont identifiables pour savoir lorsque vous vous retrouvez dans une telle situation&#8230;<\/p>\n<p>C&rsquo;est un ph\u00e9nom\u00e8ne qui s&rsquo;est intensifi\u00e9 dans un march\u00e9 du travail en pleine mutation. Pour la g\u00e9n\u00e9ration Z, qui d\u00e9couvre le monde professionnel, comme pour les g\u00e9n\u00e9rations pr\u00e9c\u00e9dentes, les r\u00e9organisations y sont de plus en plus fr\u00e9quentes et l&rsquo;intelligence artificielle modifie les comp\u00e9tences recherch\u00e9es.<\/p>\n<p>Selon <a href=\"https:\/\/www.nexford.edu\/research\/surviving-ai-layoffs-reskilling-strategies-for-a-future-proof-career\" target=\"_blank\" rel=\"noopener\">une \u00e9tude<\/a> de l&rsquo;universit\u00e9 Nexford, pr\u00e8s d&rsquo;un travailleur sur cinq consid\u00e8re l&rsquo;IA comme un facteur de la perte de son emploi et 29\u00a0% des employeurs privil\u00e9gient d\u00e9sormais des candidats qui ma\u00eetrisent ces outils. Il est donc d&rsquo;autant plus important d&rsquo;identifier les signaux d&rsquo;alerte qui indiquent un licenciement dans un futur proche&#8230;<\/p>\n<p>Selon la plateforme <a href=\"https:\/\/careerminds.com\/blog\/mental-health-and-layoffs\" target=\"_blank\" rel=\"noopener\">Careerminds<\/a>, il y a plusieurs indices \u00e0 identifier. Par exemple, si vous ressentez que vous avez de moins en moins de t\u00e2ches \u00e0 accomplir et que votre charge de travail s&rsquo;all\u00e8ge soudainement, c&rsquo;est parfois une raison de s&rsquo;inqui\u00e9ter. Il peut s&rsquo;agir d&rsquo;un hasard de planning ou d&rsquo;une v\u00e9ritable volont\u00e9 de l&#8217;employeur de vous faire sentir de moins en moins utile. De m\u00eame, vos missions les plus int\u00e9ressantes peuvent \u00eatre confi\u00e9es \u00e0 d&rsquo;autres.<\/p>\n<div style=\"text-align:center\">\n<figure class=\"image\" style=\"display:inline-block\"><a class=\"fancy\" href=\"https:\/\/img-3.journaldesfemmes.fr\/3guQYBFov6DVNUzUcBSOd5mAV_4=\/1080x\/smart\/8b91baf017e8430082741f9daa76fabd\/ccmcms-jdf\/40057814.jpg\"><img decoding=\"async\" alt=\"\" src=\"https:\/\/img-3.journaldesfemmes.fr\/LPGBwGiJUWnnWxnQx6AMu_Y0VAI=\/600x\/smart\/8b91baf017e8430082741f9daa76fabd\/ccmcms-jdf\/40057814.jpg\"\/><\/a><figcaption data-credit=\"Citalliance\/123RF\"><small>\u00a9\u00a0Citalliance\/123RF<\/small><\/figcaption><\/figure>\n<\/div>\n<p>Si vous \u00eates presque syst\u00e9matiquement \u00e9cart\u00e9 de r\u00e9unions importantes alors que cela n&rsquo;\u00e9tait pas le cas avant, cela peut \u00e9galement \u00eatre mauvais signe. Ne plus recevoir d&rsquo;informations sur les d\u00e9cisions ou sur l&rsquo;\u00e9volution des projets peut r\u00e9duire votre sentiment d&rsquo;appartenance \u00e0 l&rsquo;entreprise.<\/p>\n<p>Autre indicateur \u00e0 souligner :\u00a0vos augmentations et promotions sont gel\u00e9es sans explication et vous avez la sensation de ne plus avancer dans votre carri\u00e8re ni au sein de l&rsquo;entreprise.\u00a0Enfin, vous pouvez \u00eatre confront\u00e9 \u00e0 des r\u00e9ponses vagues de la hi\u00e9rarchie et des expressions comme \u00ab\u00a0r\u00e9alignement des ressources\u00a0\u00bb ou \u00ab\u00a0changement de priorit\u00e9s\u00a0\u00bb qui laissent planer le doute. Le fait que des postes vacants autour de vous ne soient pas remplac\u00e9s peut \u00e9galement indiquer une r\u00e9duction des co\u00fbts de l&rsquo;entreprise et donc, peut-\u00eatre \u00e0 terme, votre propre licenciement.<\/p>\n<p>Si vous vous retrouvez dans un tel sc\u00e9nario et que vous finissez par vous faire licencier, il est tout \u00e0 fait possible de rebondir. Plusieurs initiatives sont bonnes \u00e0 prendre comme le fait de mettre \u00e0 jour son CV, activer son r\u00e9seau ou m\u00eame se former \u00e0 de nouvelles comp\u00e9tences, notamment li\u00e9es \u00e0 l&rsquo;Intelligence Artificielle,<\/p>\n<\/p><\/div>\n<p>[ad_2]<br \/>\n<br \/><a href=\"https:\/\/www.journaldesfemmes.fr\/societe\/actu\/3249710-c-est-a-ca-que-ressemble-un-licenciement-discret-ces-signes-ne-trompent-pas\/\">Source link <\/a><\/p>\n","protected":false},"excerpt":{"rendered":"<p>[ad_1] Certains indices ne trompent pas quant aux intentions de vos sup\u00e9rieurs&#8230; Comment reconna\u00eetre un licenciement discret ? Au d\u00e9but, &hellip; <a href=\"http:\/\/www.affinite.fr\/index.php\/2025\/12\/06\/cest-a-ca-que-ressemble-un-licenciement-discret\/\" class=\"more-link\">Plus <span class=\"screen-reader-text\">C&rsquo;est \u00e0 \u00e7a que ressemble un licenciement discret<\/span> <span class=\"meta-nav\">&rarr;<\/span><\/a><\/p>\n","protected":false},"author":1,"featured_media":12570,"comment_status":"","ping_status":"open","sticky":false,"template":"","format":"standard","meta":{"_sitemap_exclude":false,"_sitemap_priority":"","_sitemap_frequency":"","footnotes":""},"categories":[1],"tags":[],"class_list":["post-12569","post","type-post","status-publish","format-standard","has-post-thumbnail","hentry","category-tous"],"_links":{"self":[{"href":"http:\/\/www.affinite.fr\/index.php\/wp-json\/wp\/v2\/posts\/12569"}],"collection":[{"href":"http:\/\/www.affinite.fr\/index.php\/wp-json\/wp\/v2\/posts"}],"about":[{"href":"http:\/\/www.affinite.fr\/index.php\/wp-json\/wp\/v2\/types\/post"}],"author":[{"embeddable":true,"href":"http:\/\/www.affinite.fr\/index.php\/wp-json\/wp\/v2\/users\/1"}],"replies":[{"embeddable":true,"href":"http:\/\/www.affinite.fr\/index.php\/wp-json\/wp\/v2\/comments?post=12569"}],"version-history":[{"count":0,"href":"http:\/\/www.affinite.fr\/index.php\/wp-json\/wp\/v2\/posts\/12569\/revisions"}],"wp:featuredmedia":[{"embeddable":true,"href":"http:\/\/www.affinite.fr\/index.php\/wp-json\/wp\/v2\/media\/12570"}],"wp:attachment":[{"href":"http:\/\/www.affinite.fr\/index.php\/wp-json\/wp\/v2\/media?parent=12569"}],"wp:term":[{"taxonomy":"category","embeddable":true,"href":"http:\/\/www.affinite.fr\/index.php\/wp-json\/wp\/v2\/categories?post=12569"},{"taxonomy":"post_tag","embeddable":true,"href":"http:\/\/www.affinite.fr\/index.php\/wp-json\/wp\/v2\/tags?post=12569"}],"curies":[{"name":"wp","href":"https:\/\/api.w.org\/{rel}","templated":true}]}}