{"id":12541,"date":"2025-12-01T22:01:32","date_gmt":"2025-12-01T22:01:32","guid":{"rendered":"http:\/\/www.affinite.fr\/index.php\/2025\/12\/01\/plus-javance-dans-le-jeu-et-plus-je-me-dis\/"},"modified":"2025-12-01T22:01:32","modified_gmt":"2025-12-01T22:01:32","slug":"plus-javance-dans-le-jeu-et-plus-je-me-dis","status":"publish","type":"post","link":"http:\/\/www.affinite.fr\/index.php\/2025\/12\/01\/plus-javance-dans-le-jeu-et-plus-je-me-dis\/","title":{"rendered":"\u00ab\u00a0Plus j&rsquo;avance dans le jeu et plus je me dis&#8230;\u00a0\u00bb"},"content":{"rendered":"<p> [ad_1]<br \/>\n<\/p>\n<p>\n                            Cyprien fait beaucoup parler de lui\u00a0gr\u00e2ce \u00e0 ses r\u00e9sultats dans \u00ab\u00a0Les 12\u00a0coups de midi\u00a0\u00bb\u00a0! Le nouveau ma\u00eetre de midi a donn\u00e9 son avis sur Emilien, celui qui a marqu\u00e9 l&rsquo;histoire du programme avec son nombre consid\u00e9rable de victoires&#8230;<\/p>\n<div>\n<p>La rel\u00e8ve semble assur\u00e9e. \u00c0 22\u00a0ans, le jeune Cyprien marche sur les traces d&rsquo;\u00c9milien, le plus grand Ma\u00eetre de midi de l&rsquo;histoire des <em>12\u00a0Coups de midi<\/em>. Mais que pense le nouveau candidat de celui qui reste, \u00e0 ce jour, le champion incontest\u00e9 du jeu\u00a0? Il a donn\u00e9 sa r\u00e9ponse \u00e0 <em>T\u00e9l\u00e9-Loisirs<\/em>.\u00a0<\/p>\n<h2>Cyprien, fan d&rsquo;\u00c9milien dans Les 12 Coups de Midi ? \u00ab\u00a0Je pense que je n&rsquo;en serais pas capable&#8230;\u00a0\u00bb<\/h2>\n<p>Parmi les figures embl\u00e9matiques des <em>12\u00a0Coups de midi<\/em>, pr\u00e9sent\u00e9 par <a href=\"https:\/\/www.journaldesfemmes.fr\/people\/personnalites\/2717395-jean-luc-reichmann\/\" title=\"Jean-Luc Reichmann\">Jean-Luc\u00a0Reichmann<\/a>, un nom revient imm\u00e9diatement\u00a0: celui d&rsquo;\u00c9milien. Le jeune champion a marqu\u00e9 l&rsquo;histoire du jeu en encha\u00eenant 647\u00a0Coups de Ma\u00eetre et en remportant 2,5\u00a0millions d&rsquo;euros. De son c\u00f4t\u00e9, Cyprien fait son petit bout de chemin avec une cagnotte qui s&rsquo;\u00e9l\u00e8ve, pour l&rsquo;instant, \u00e0 335\u00a0404\u00a0euros. D&rsquo;ailleurs, il a officiellement int\u00e9gr\u00e9 le top 20\u00a0des plus grands Ma\u00eetres de midi et il n&rsquo;a pas h\u00e9sit\u00e9 \u00e0 donner son avis, tr\u00e8s tranch\u00e9, sur \u00c9milien.<\/p>\n<figure class=\"image\"><img decoding=\"async\" alt=\"\" src=\"https:\/\/img-3.journaldesfemmes.fr\/VMbMfQbGNhiMdQrDGMp-t3J68OY=\/600x\/smart\/5b940ecedb7a48678a300affddbc0833\/ccmcms-jdf\/40057048.jpg\"\/><figcaption data-credit=\"TF1 \/ Capture d'\u00e9cran\"><small>\u00a9\u00a0TF1 \/ Capture d&rsquo;\u00e9cran<\/small><\/figcaption><\/figure>\n<p>L&rsquo;\u00e9tudiant pianiste et chef d&rsquo;orchestre, Cyprien, a rapidement compris que <em>Les 12\u00a0Coups de midi<\/em> \u00e9taient, pour lui, une v\u00e9ritable course de fond.\u00a0\u00ab\u00a0<em>Plus j&rsquo;avance dans le jeu et je me dis que c&rsquo;est un vrai rythme de vie<\/em>\u00ab\u00a0, a-t-il confi\u00e9 \u00e0 <a href=\"https:\/\/www.programme-tv.net\/news\/tv\/392991-je-pense-que-je-nen-serais-pas-capable-cyprien-les-12-coups-de-midi-souligne-une-grosse-difference-quil-a-avec-emilien\/\" target=\"_blank\" rel=\"noopener\"><em>T\u00e9l\u00e9-Loisirs<\/em><\/a>. Il a pr\u00e9cis\u00e9 avec modestie : \u00ab\u00a0<em>Je suis donc d&rsquo;autant plus impressionn\u00e9 par la performance d&rsquo;\u00c9milien. J&rsquo;ai un profond respect pour lui. \u00c7a demande un travail et une ma\u00eetrise de soi remarquables. Je pense que je n&rsquo;en serais pas capable d&rsquo;ailleurs<\/em>\u00ab\u00a0.<\/p>\n<h2>Cyprien pr\u00e9pare ses \u00e9missions comme personne : \u00ab\u00a0<em>Avant de venir sur le plateau, je me&#8230;\u00a0\u00bb<\/em><\/h2>\n<p>Cyprien a expliqu\u00e9 ce qui, selon lui, le distinguait radicalement d&rsquo;\u00c9milien. Pour lui, participer \u00e0 l&rsquo;\u00e9mission va au-del\u00e0 de la simple recherche de performance parfaite. Il\u00a0souhaite avant tout s&rsquo;amuser et offrir du plaisir aux t\u00e9l\u00e9spectateurs, que ce soit sur le plateau ou devant la t\u00e9l\u00e9vision. \u00ab\u00a0<em>Mais c&rsquo;est vachement bien. Il a quand m\u00eame r\u00e9ussi quelque chose de tr\u00e8s fort<\/em>\u00ab\u00a0, a-t-il nuanc\u00e9.<\/p>\n<p>Le grand amateur de piano, qui aime jouer quelques notes au fil de ses participations, a \u00e9galement expliqu\u00e9 qu&rsquo;il percevait <em>Les 12\u00a0Coups de midi <\/em>comme bien un v\u00e9ritable spectacle, plus qu&rsquo;un simple jeu t\u00e9l\u00e9vis\u00e9. \u00ab\u00a0<em>J&rsquo;imagine cette \u00e9mission comme un spectacle. Avant de venir sur le plateau, je me mets en forme pour une \u00e9mission comme je me mettrais en forme avant de faire un concert<\/em>\u00ab\u00a0, a-t-il pr\u00e9cis\u00e9.<\/p>\n<\/p><\/div>\n<p>[ad_2]<br \/>\n<br \/><a href=\"https:\/\/www.journaldesfemmes.fr\/people\/actus\/3249224-cyprien-les-12-coups-de-midi-ce-qu-il-pense-vraiment-d-emilien-plus-j-avance-dans-le-jeu-et-plus-je-me-dis\/\">Source link <\/a><\/p>\n","protected":false},"excerpt":{"rendered":"<p>[ad_1] Cyprien fait beaucoup parler de lui\u00a0gr\u00e2ce \u00e0 ses r\u00e9sultats dans \u00ab\u00a0Les 12\u00a0coups de midi\u00a0\u00bb\u00a0! Le nouveau ma\u00eetre de midi &hellip; <a href=\"http:\/\/www.affinite.fr\/index.php\/2025\/12\/01\/plus-javance-dans-le-jeu-et-plus-je-me-dis\/\" class=\"more-link\">Plus <span class=\"screen-reader-text\">\u00ab\u00a0Plus j&rsquo;avance dans le jeu et plus je me dis&#8230;\u00a0\u00bb<\/span> <span class=\"meta-nav\">&rarr;<\/span><\/a><\/p>\n","protected":false},"author":1,"featured_media":12542,"comment_status":"","ping_status":"open","sticky":false,"template":"","format":"standard","meta":{"_sitemap_exclude":false,"_sitemap_priority":"","_sitemap_frequency":"","footnotes":""},"categories":[1],"tags":[],"class_list":["post-12541","post","type-post","status-publish","format-standard","has-post-thumbnail","hentry","category-tous"],"_links":{"self":[{"href":"http:\/\/www.affinite.fr\/index.php\/wp-json\/wp\/v2\/posts\/12541"}],"collection":[{"href":"http:\/\/www.affinite.fr\/index.php\/wp-json\/wp\/v2\/posts"}],"about":[{"href":"http:\/\/www.affinite.fr\/index.php\/wp-json\/wp\/v2\/types\/post"}],"author":[{"embeddable":true,"href":"http:\/\/www.affinite.fr\/index.php\/wp-json\/wp\/v2\/users\/1"}],"replies":[{"embeddable":true,"href":"http:\/\/www.affinite.fr\/index.php\/wp-json\/wp\/v2\/comments?post=12541"}],"version-history":[{"count":0,"href":"http:\/\/www.affinite.fr\/index.php\/wp-json\/wp\/v2\/posts\/12541\/revisions"}],"wp:featuredmedia":[{"embeddable":true,"href":"http:\/\/www.affinite.fr\/index.php\/wp-json\/wp\/v2\/media\/12542"}],"wp:attachment":[{"href":"http:\/\/www.affinite.fr\/index.php\/wp-json\/wp\/v2\/media?parent=12541"}],"wp:term":[{"taxonomy":"category","embeddable":true,"href":"http:\/\/www.affinite.fr\/index.php\/wp-json\/wp\/v2\/categories?post=12541"},{"taxonomy":"post_tag","embeddable":true,"href":"http:\/\/www.affinite.fr\/index.php\/wp-json\/wp\/v2\/tags?post=12541"}],"curies":[{"name":"wp","href":"https:\/\/api.w.org\/{rel}","templated":true}]}}