{"id":1254,"date":"2020-03-28T09:53:10","date_gmt":"2020-03-28T09:53:10","guid":{"rendered":"https:\/\/www.affinite.fr\/index.php\/2020\/03\/28\/en-direct-le-confinement-prolonge-jusquau-15-avril\/"},"modified":"2020-03-28T09:53:10","modified_gmt":"2020-03-28T09:53:10","slug":"en-direct-le-confinement-prolonge-jusquau-15-avril","status":"publish","type":"post","link":"http:\/\/www.affinite.fr\/index.php\/2020\/03\/28\/en-direct-le-confinement-prolonge-jusquau-15-avril\/","title":{"rendered":"en direct, le confinement prolong\u00e9 jusqu&rsquo;au 15\u00a0avril"},"content":{"rendered":"<p> [ad_1]<br \/>\n<\/p>\n<p>\n                CORONAVIRUS EN DIRECT &#8211; Dans le monde, 598\u00a0000\u00a0personnes ont \u00e9t\u00e9 contamin\u00e9es par le coronavirus et 27\u00a0000\u00a0en sont mortes. En France \u00ab\u00a0la situation va \u00eatre difficile pendant les jours qui viennent\u00a0\u00bb pr\u00e9vient le Premier ministre, Edouard Philippe, qui a annonc\u00e9 le prolongement du confinement jusqu&rsquo;au 15\u00a0avril. Carte des cas en temps r\u00e9el, r\u00e9gions dans le rouge, nombre de morts, liste des sympt\u00f4mes&#8230; Point de situation.            <\/p>\n<div>\n<aside class=\"ccmsummary marqueur_module ccmcss_cms_summary ccmcss_cms_summary--right\">\n<p>\u00a0Sommaire<\/p>\n<\/aside>\n<p><strong>[Mis \u00e0 jour le samedi 28\u00a0mars\u00a0\u00e0 09h40]<\/strong>\u00a0La <a href=\"https:\/\/sante.journaldesfemmes.fr\/maladies\/2619795-pandemie-coronavirus-covid-19-definition-signification-difference-epidemie-exemple-historique\/\" target=\"_blank\" rel=\"noopener noreferrer\">pand\u00e9mie<\/a> de <a href=\"https:\/\/sante.journaldesfemmes.fr\/maladies\/2619933-covid-19-premiers-symptomes-personnes-a-risque-combien-de-temps-coronavirus\/\" target=\"_blank\" rel=\"noopener noreferrer\"><strong>Covid-19<\/strong><\/a>\u00a0a infect\u00e9 plus\u00a0de\u00a0<strong>598<\/strong><strong>\u00a0000 personnes dans le monde<\/strong> et fait\u00a0plus de <strong>27\u00a0000 morts. 128\u00a0000 malades sont gu\u00e9ries<\/strong>. L&rsquo;<strong>Europe<\/strong> d\u00e9nombre plus de 300\u00a0000 cas et plus de 17 000 morts. Il y a une tr\u00e8s forte augmentation des cas aux <strong>Etats-Unis<\/strong>, c&rsquo;est d\u00e9sormais le pays le plus touch\u00e9 avec 104 837\u00a0cas. L&rsquo;<strong>Italie<\/strong>, totalise plus de\u00a0<strong>86\u00a0000\u00a0cas<\/strong> et le plus grand nombre de d\u00e9c\u00e8s :<strong> 9 134\u00a0au vendredi 27 au soir. <\/strong>En <strong>France<\/strong>,\u00a0le <strong><a href=\"https:\/\/sante.journaldesfemmes.fr\/maladies\/2625401-coronavirus-pic-epidemie-france-date-contamination-courbe-monde-weekend-28-mars\/\" target=\"_blank\" rel=\"noopener noreferrer\">pic de l&rsquo;\u00e9pid\u00e9mie<\/a> pourrait \u00eatre atteint ce weekend (28-29 mars) d&rsquo;apr\u00e8s plusieurs \u00e9pid\u00e9miologistes,<\/strong>. <strong>Le confinement de la population est renouvel\u00e9<\/strong> pour deux semaines suppl\u00e9mentaires \u00e0 partir de mardi prochain, soit<strong>\u00a0jusqu&rsquo;au 15 avril<\/strong>.\u00a0Par ailleurs, tous les actes m\u00e9dicaux et chirurgicaux non urgents ont \u00e9t\u00e9 d\u00e9programm\u00e9s dans les \u00e9tablissements de sant\u00e9. J\u00e9r\u00f4me Salomon,\u00a0Directeur g\u00e9n\u00e9ral de la Sant\u00e9, a indiqu\u00e9 le 27 mars, que <strong>32 964\u00a0Fran\u00e7ais ont \u00e9t\u00e9 test\u00e9s\u00a0positifs au virus<\/strong>\u00a0depuis le d\u00e9but de l&rsquo;\u00e9pid\u00e9mie. <strong>1 995\u00a0sont morts \u00e0 l&rsquo;h\u00f4pital<\/strong>. Sant\u00e9 publique France note de plus une forte <strong>augmentation du nombre de <a href=\"https:\/\/sante.journaldesfemmes.fr\/maladies\/2627893-coronavirus-hopital-prise-en-charge-patients-malades-reanimation-visite-deces-urgences-covid-19\/\" target=\"_blank\" rel=\"noopener noreferrer\">cas graves admis en r\u00e9animation<\/a><\/strong> et de d\u00e9c\u00e8s et une <strong>augmentation des d\u00e9c\u00e8s toutes causes chez les plus de 65 ans<\/strong> dans les d\u00e9partements du <strong>Haut-Rhin, Oise, Vosges et Alpes-de-Haute-Provence<\/strong>. Une information compl\u00e9t\u00e9e par l&rsquo;observation d&rsquo;une <strong>augmentation du nombre de cas chez des personnes plus jeunes. \u00ab\u00a0<em>42 personnes de moins de 30 ans sont actuellement en r\u00e9animation<\/em>\u00ab\u00a0,<\/strong> pr\u00e9cise J\u00e9rome Salomon vendredi 27 mars au soir. Le confinement\u00a0est strict et chaque sortie de domicile n\u00e9cessite une <strong><a href=\"https:\/\/www.gouvernement.fr\/sites\/default\/files\/contenu\/piece-jointe\/2020\/03\/attestation-deplacement-fr-20200324.pdf\" target=\"_blank\" rel=\"noopener noreferrer\">attestation de d\u00e9placement<\/a>.\u00a0<\/strong>Pour les d\u00e9placements professionnels, cette attestation est\u00a0compl\u00e9t\u00e9e par une <strong><a href=\"https:\/\/www.gouvernement.fr\/sites\/default\/files\/contenu\/piece-jointe\/2020\/03\/justificatif-deplacement-professionnel-fr.pdf\" target=\"_blank\" rel=\"noopener noreferrer\">autorisation\u00a0sign\u00e9e par l&#8217;employeur<\/a>.<\/strong><em>\u00a0<\/em>Le respect de cette mesure est contr\u00f4l\u00e9 par 100 000 gendarmes et policiers pr\u00e9sents sur tout le territoire fran\u00e7ais.<em>\u00ab\u00a0On vous demande de respecter le confinement et lorsque vous sortez, de respecter les <strong>mesures barri\u00e8res <\/strong>et la <strong>distanciation d&rsquo;un m\u00e8tre devant les commerces et dans les commerces<\/strong>\u00ab\u00a0<\/em><strong>\u00a0<\/strong>a insist\u00e9\u00a0J\u00e9r\u00f4me Salomon.\u00a0<\/p>\n<p>Les<strong> fronti\u00e8res de l&rsquo;Union europ\u00e9enne et de l&rsquo;espace Schengen sont ferm\u00e9es pour freiner la circulation du virus entre les gens.\u00a0<\/strong>Comment se prot\u00e9ger pour \u00e9viter la <strong>transmission <\/strong>? <a href=\"https:\/\/sante.journaldesfemmes.fr\/maladies\/2625401-coronavirus-pic-epidemie-france-date-contamination-courbe-monde-weekend-28-mars\/\" target=\"_blank\" rel=\"noopener noreferrer\">Quand sera le pic de l&rsquo;\u00e9pid\u00e9mie<\/a> ? Qui sont les <a href=\"https:\/\/sante.journaldesfemmes.fr\/maladies\/2619933-covid-19-premiers-symptomes-personnes-a-risque-combien-de-temps-coronavirus\/#personnes-a-risque-coronavirus\" target=\"_blank\" rel=\"noopener noreferrer\">personnes plus \u00e0 risque<\/a> ? Certains <a href=\"https:\/\/sante.journaldesfemmes.fr\/maladies\/2627507-coronavirus-covid-19-groupe-sanguin-o-ab-a-b\/\" target=\"_blank\" rel=\"noopener noreferrer\">groupes sanguins sont-ils plus expos\u00e9s<\/a>\u00a0que d&rsquo;autres ?\u00a0<a href=\"https:\/\/sante.journaldesfemmes.fr\/maladies\/2626119-coronavirus-ibuprofene-cortisone-anti-inflammatoires-medicament-a-eviter-interdit-paracetamol-posologie\/\" target=\"_blank\" rel=\"noopener noreferrer\">Quels m\u00e9dicaments \u00e9viter et prendre<\/a> en cas de sympt\u00f4mes ? <a href=\"https:\/\/sante.journaldesfemmes.fr\/maladies\/2608487-coronavirus-voyage-fermeture-frontiere-retour-en-france\/\" target=\"_blank\" rel=\"noopener noreferrer\">Quelles consignes pour les Fran\u00e7ais bloqu\u00e9s \u00e0 l&rsquo;\u00e9tranger\u00a0?<\/a>\u00a0Comment <a href=\"https:\/\/sante.journaldesfemmes.fr\/maladies\/2623593-epidemie-coronavirus-psychose-effets-psychologiques-anxiete\/\" target=\"_blank\" rel=\"noopener noreferrer\">ne pas c\u00e9der \u00e0 la psychose<\/a>\u00a0et <a href=\"https:\/\/sante.journaldesfemmes.fr\/maladies\/2626091-coronavirus-confinement-total-effets-psychologiques-rester-a-la-maison-solitude-deprime-ennui\/\" target=\"_blank\" rel=\"noopener noreferrer\">comment ne pas d\u00e9primer pendant le confinement<\/a> ?\u00a0Actualit\u00e9s et point de situation en direct.<\/p>\n<p><u><b>Derni\u00e8res infos en direct :<\/b><\/u><\/p>\n<blockquote>\n<p style=\"text-align: right;\">Le confinement est <strong>prolong\u00e9 jusqu&rsquo;au 15\u00a0avril<\/strong><\/p>\n<\/blockquote>\n<section>\n<ul>\n<li>Deux <strong>transferts de malades graves en r\u00e9animation <\/strong>vont \u00eatre effectu\u00e9s en TGV m\u00e9dicalis\u00e9s durant le week-end (28-29 mars) : 16 patients vont ainsi \u00eatre d\u00e9plac\u00e9s des h\u00f4pitaux de Nancy\u00a0et Metz, et 18 \u00e0 20 patients de l&rsquo;h\u00f4pital de Mulhouse\u00a0vers la r\u00e9gion Nouvelle-Aquitaine. D&rsquo;autres transferts seront r\u00e9alis\u00e9s dans les prochains jours vers les pays frontaliers, en Allemagne notamment.<\/li>\n<li><strong>42 personnes de moins de 30 ans se trouvent en r\u00e9animation<\/strong>, indique le directeur g\u00e9n\u00e9ral de la sant\u00e9 J\u00e9r\u00f4me Salomon, vendredi 27 mars au soir, et un tiers des cas en r\u00e9animation a moins de 60 ans.<\/li>\n<li><em>\u00ab\u00a0Ressentir <strong>un essoufflement dans des activit\u00e9s simples chez soi est un signe qui doit alerter<\/strong>\u00ab\u00a0<\/em>, insiste le Pr J\u00e9r\u00f4me Salomon. Il\u00a0ne faut pas attendre que cela empire. Ce sympt\u00f4me n\u00e9cessite une t\u00e9l\u00e9consultation ou un appel au 15, recommande vendredi 27 mars au soir le directeur g\u00e9n\u00e9ral de la sant\u00e9 devant la recrudescence de cas qui consulte tardivement.<\/li>\n<li>Les <strong>Etats-Unis sont devenu le pays le plus touch\u00e9<\/strong> par la pand\u00e9mie de coronavirus ce vendredi 27 mars avec 92 932 cas confirm\u00e9s et 1 380 d\u00e9c\u00e8s.\u00a0<\/li>\n<li>Plusieurs transferts de malades vont avoir lieu ces prochaines jours, du Grand-Est vers la r\u00e9gion Nouvelle-Aquitaine et Provence-Alpes-Cote d&rsquo;Azur, et de l&rsquo;Ile-de-France vers la r\u00e9gion Centre pour lib\u00e9rer des lits en r\u00e9animation dans les deux grandes r\u00e9gions ou les services hospitaliers sont les plus sollicit\u00e9s.<\/li>\n<li>Le confinement est <strong>prolong\u00e9 jusqu&rsquo;au 15 avril<\/strong>, a officialis\u00e9 Edouard Philippe vendredi 27 mars \u00e0 l&rsquo;issue du\u00a0conseil des ministres. Une d\u00e9cision prise avec \u00ab\u00a0l&rsquo;accord du Pr\u00e9sident de la R\u00e9publique\u00a0\u00bb. L&rsquo;objectif de ce prolongement :\u00a0\u00ab\u00a0<strong>Casser la vague \u00e9pid\u00e9mique<\/strong>\u00a0\u00bb et \u00ab\u00a0<strong>permettre \u00e0 nos h\u00f4pitaux de faire face \u00e0 l&rsquo;afflux de cas s\u00e9v\u00e8res<\/strong>\u00ab\u00a0. Cette p\u00e9riode pourra encore \u00eatre renouvel\u00e9e si la situation sanitaire l&rsquo;exige.\u00a0Rappelons que le Conseil scientifique recommandait en d\u00e9but de semaine un confinement total de 6 semaines.<\/li>\n<li>Le Premier ministre\u00a0a tenu \u00e0 mettre\u00a0en garde \u00ab\u00a0ceux qui ne respectent pas les r\u00e8gles\u00a0\u00bb qui seront \u00ab\u00a0s\u00e9v\u00e8rement punis\u00a0\u00bb.<\/li>\n<li><strong>Le pic de l&rsquo;\u00e9pid\u00e9mie n&rsquo;\u00e9tant probablement pas atteint en Italie<\/strong>, le confinement dans le pays sera (comme chez nous)\u00a0<strong>\u00ab\u00a0in\u00e9vitablement\u00a0\u00bb prolong\u00e9<\/strong> apr\u00e8s le 3\u00a0avril (date \u00e0 laquelle il devait prendre fin), a indiqu\u00e9\u00a0Silvio Brusaferro, le directeur de l&rsquo;Institut sup\u00e9rieur de la sant\u00e9 italien. En l&rsquo;espace de 24 heures, l&rsquo;Italie fait \u00e9tat de 6 150 nouveaux cas et 712 d\u00e9c\u00e8s suppl\u00e9mentaires. Pire bilan depuis le d\u00e9but de l&rsquo;\u00e9pid\u00e9mie.<\/li>\n<li><strong>Le bac aura bien lieu<\/strong>, a assur\u00e9 Jean-Michel Blanquer, soit il sera maintenu \u00e0 la date pr\u00e9vue, soit il se r\u00e9sumera au \u00ab\u00a0contr\u00f4le continu\u00a0\u00bb. La d\u00e9cision sera transmise en milieu de semaine prochaine.\u00a0<\/li>\n<li>Le Premier ministre britannique<strong> Boris Johnson a \u00e9t\u00e9 test\u00e9 positif au coronavirus<\/strong>, a inform\u00e9 un porte-parole du gouvernement dans un communiqu\u00e9.<\/li>\n<li>Avec 1 300\u00a0personnes en r\u00e9animation et au moins <strong>241\u00a0Ehpad touch\u00e9s par l&rsquo;\u00e9pid\u00e9mie<\/strong>,<em>\u00a0\u00bb\u00a0la vague est l\u00e0. Les chiffres sont vertigineux\u00a0\u00ab\u00a0,<\/em> a assur\u00e9 le directeur de l&rsquo;Agence r\u00e9gionale de sant\u00e9 (ARS) Ile-de-France.<\/li>\n<li><em>\u00ab\u00a0La situation sanitaire est difficile. Et il faut bien dire que nous nous installons dans une crise qui va durer, dans une situation sanitaire qui <strong>ne va pas s&rsquo;am\u00e9liorer rapidement.<\/strong>\u00a0La vague (de l&rsquo;\u00e9pid\u00e9mie) d\u00e9ferle en \u00cele-de-France, dans les Hauts de France, d&rsquo;autres r\u00e9gions, dans toute la France, et elle est de taille extr\u00eamement \u00e9lev\u00e9e. La situation va \u00eatre difficile pendant les jours qui viennent\u00a0\u00bb,<\/em> a pr\u00e9venu le Premier ministre Edouard Philippe, vendredi 27 mars apr\u00e8s la visioconf\u00e9rence tenue avec le\u00a0gouvernement \u00e0 la Cellule interminist\u00e9rielle de crise install\u00e9e au minist\u00e8re de l&rsquo;Int\u00e9rieur.<\/li>\n<li>Plus de 576 \u00e9tablissements de sant\u00e9 ont d\u00e9clar\u00e9 des nouveaux cas de coronavirus en France sur la journ\u00e9e du 26 mars.<\/li>\n<li>Plusieurs <strong>villes de France<\/strong> proc\u00e8dent \u00e0 une <strong>d\u00e9sinfection de leurs rues<\/strong> comme au Puy-en-Velay, \u00e0 Cannes, Nice ou Menton ou de l&rsquo;eau de Javel m\u00e9lang\u00e9e \u00e0 de l&rsquo;eau est pulv\u00e9ris\u00e9e sur les trottoirs, le mobilier urbain&#8230;<\/li>\n<li>Une <a href=\"https:\/\/www.journaldesfemmes.fr\/maman\/enfant\/2628141-coronavirus-adolescent-16-ans\/\" target=\"_blank\" rel=\"noopener noreferrer\">adolescente de 16 ans est d\u00e9c\u00e9d\u00e9e\u00a0du coronavirus<\/a> en Ile-de-France, a annonc\u00e9 le directeur g\u00e9n\u00e9ral de la sant\u00e9 jeudi 26 mars. Selon <em><a href=\"http:\/\/www.leparisien.fr\/societe\/covid-19-une-adolescente-de-16-ans-emportee-par-le-virus-pour-la-premiere-fois-26-03-2020-8288817.php\" target=\"_blank\" rel=\"noopener noreferrer\">Le Parisien<\/a><\/em>, la jeune fille \u00e9tait originaire de Morsang-sur-Orge dans l&rsquo;Essonne et avait \u00e9t\u00e9 hospitalis\u00e9e lundi pour une d\u00e9tresse respiratoire.\u00a0<em>\u00a0\u00ab\u00a0Julie avait simplement une l\u00e9g\u00e8re toux la semaine derni\u00e8re. Cela a empir\u00e9 ce week-end avec des glaires et lundi, on a \u00e9t\u00e9 voir un m\u00e9decin g\u00e9n\u00e9raliste. C&rsquo;est l\u00e0 qu&rsquo;on lui a diagnostiqu\u00e9 une d\u00e9tresse respiratoire. <strong>Elle n&rsquo;avait pas de maladies particuli\u00e8res avant cela\u00a0\u00bb<\/strong><\/em> a d\u00e9clar\u00e9 sa soeur Manon \u00e0 nos confr\u00e8res.<\/li>\n<li>Le ministre de la Sant\u00e9 annonce sur Twitter la<strong> commande de 2\u00a0millions de tests de d\u00e9pistage <\/strong>qui devraient \u00eatre livr\u00e9s en avril.<\/li>\n<li>Edouard Philippe et Olivier Veran, ont sign\u00e9 <strong><a href=\"https:\/\/sante.journaldesfemmes.fr\/maladies\/2628071-plaquenil-coronavirus-hydroxychloroquine-autorisation-decret-covid-19-didier-raoult\/\" target=\"_blank\" rel=\"noopener noreferrer\">un d\u00e9cret autorisant la prescription de l&rsquo;hydroxychloroquine<\/a><\/strong> et de l&rsquo;association\u00a0lopinavir\/ritonavir (m\u00e9dicaments\u00a0Plaquenil\u00ae\u00a0et\u00a0Keletra\u00ae) <strong>contre le Covid-19<\/strong>.<\/li>\n<li>Durant la\u00a0semaine du 16 au 22 mars,<strong>\u00a041\u00a0836\u00a0nouveaux cas de COVID-19\u00a0ont consult\u00e9 un m\u00e9decin g\u00e9n\u00e9raliste<\/strong> annonce Sant\u00e9 Publique France.<\/li>\n<li>Les parents ne doivent <strong>pas\u00a0repousser de plusieurs mois la vaccination des enfants de moins de 2 ans<\/strong> contre des maladies potentiellement graves, comme la rougeole ou la m\u00e9ningite, alertent\u00a0les syndicats de p\u00e9diatres, mercredi 25\u00a0mars. Les visites m\u00e9dicales en vue de la vaccination des tout-petits sont consid\u00e9r\u00e9es par les autorit\u00e9s de sant\u00e9 comme des consultations\u00a0<q>urgentes et sont donc autoris\u00e9es en cette p\u00e9riode de confinement.<\/q>\u00a0\u00a0<\/li>\n<li><a href=\"https:\/\/sante.journaldesfemmes.fr\/maladies\/2625401-coronavirus-pic-epidemie-france-date-contamination-courbe-monde-weekend-28-mars\/\" target=\"_blank\" rel=\"noopener noreferrer\">Un pic de contaminations au coronavirus<\/a> est <strong>attendu d\u00e9but avril<\/strong>, alerte\u00a0le directeur g\u00e9n\u00e9ral de l&rsquo;Assistance publique &#8211; H\u00f4pitaux de Marseille, Jean Olivier Arnaud, lors d&rsquo;un point presse par t\u00e9l\u00e9phone : selon lui, <strong>l&rsquo;afflux \u00ab\u00a0va vraisemblablement commencer dans les 72\u00a0heures\u00a0\u00bb<\/strong>\u00a0et atteindre \u00ab\u00a0son maximum en fin de semaine prochaine\u00a0\u00bb<\/li>\n<li>Dans ce contexte de crise de coronavirus, <strong>le G20\u00a0a indiqu\u00e9 vouloir injecter 5 000\u00a0milliards de dollars dans l&rsquo;\u00e9conomie mondiale.<\/strong><\/li>\n<li>A partir de ce dimanche, la Chine limitera \u00ab\u00a0drastiquement\u00a0\u00bb ses vols internationaux au d\u00e9part et \u00e0 l&rsquo;arriv\u00e9e du pays.\u00a0<\/li>\n<li>L&rsquo;Allemagne proc\u00e8de \u00e0 un d\u00e9pistage de masse et\u00a0<strong>effectue d\u00e9sormais 500 000\u00a0tests par semaine<\/strong>, d&rsquo;apr\u00e8s un directeur d&rsquo;h\u00f4pital interrog\u00e9 par l&rsquo;AFP.\u00a0L&rsquo;Allemagne a enregistr\u00e9 5780\u00a0nouveaux cas de contamination au Covid-19\u00a0en l&rsquo;espace de 24\u00a0heures, une progression de l&rsquo;ordre de 16% qui porte le nombre total de patients infect\u00e9s \u00e0 42.288, annonce ce vendredi l&rsquo;Institut f\u00e9d\u00e9ral Robert Koch.\u00a0<\/li>\n<li>Le <a href=\"http:\/\/eye.diffusion.social.gouv.fr\/m2?r=uDViMjNjZDMxYjg1YjUzNjA2NmQ5MjkxYcQQ0KnQq9ChJW3Qq0oA0KQcJtCrTdDMSdDbxBDpDNCU0LjQ1dC0QBjQstCtdtCU9Sho0IHZJmxkLWRpY29tLWRpZ2l0YWwtYXNzQHNnLnNvY2lhbC5nb3V2LmZyoNwAG7Y0eFJwQV9zNlJSaVpfLTZwOVZ3Tm9RoLY2UmI5QlJsLVNYYTB2cEJ3dkcwMDVnoLZCTHJMVmVndFFKUzVzeXhFSE1BSWxBoKtDSVZJTElUWV9JRKCqQ09OVEFDVF9JRLY2UXlVdU5XMFFCaXlyWGFVOVNob2dRtkNUUDJmeUJjU1MybjdRVUJiRG5LOHegtkQ2N2M0d09MUkxLM1JlUjJfRWdZVWegs0VNQUlMX0NPUlJFQ1RJT05fSUSgtkZtSmJ0M0tXUUg2R2l0U3J6OUZEUnegtkdpOUlYdk85U21peDZMX1g0Vy12SFGgtk0tR1gwUWF3UWUyZmpic0JUOWNWclGgtk00MHdGXy03UzlXSmVQV0pMMXkxa0Ggtk1RbXVTOGNzUTVDVHRjRDFpZlVIOGegtk5FcURnbElXUUpXVWlTTUdyMGpQbnegsU9SSUdJTl9DQVBUSU9OX0lEtjIwMDIwNS1JTlNUSVRVVElPTk5FTFOuT1JJR0lOX0tJTkRfSUSkTElTVLNQSE9ORV9DT1JSRUNUSU9OX0lEoKhTVEFURV9JRKZOT1JNQUy2WURFOFFxSm1RUTJsZFhUMVNxOGVIQaC2XzBENWNVeUNTOU9LalV3ZHRveXRMUaC2Yi13NGR1NGdSNXUxR2JoTGZWdXFuUaC2YmFrTm1waGtTd3lTd2NhQ1ExUVJZZ6C2Y3V3WlFLb1NSNE9XWnNKemVzTE5QQaC2Z0xjVHI0OWNSMW1SeVF2WkJjbDJnd6C2aWI4ZDR0QnRTRnk2aGlhdm9vNlN1d6C2bHpTUHdOMXlUeENtbmo3RHlBQmpTd6C2dG1wMHd1MGRSZVdreUJ1My1lVlMxQaA=\" target=\"_blank\" rel=\"noopener noreferrer\">Gouvernement <strong>supprime le d\u00e9lai de carence applicable aux arr\u00eats maladie pendant la dur\u00e9e de l&rsquo;\u00e9tat d&rsquo;urgence sanitaire<\/strong><\/a>,\u00a0li\u00e9s \u00e0 une maladie dans l&rsquo;ensemble des r\u00e9gimes (r\u00e9gime g\u00e9n\u00e9ral, r\u00e9gime agricole et r\u00e9gimes sp\u00e9ciaux dont fonction publique) pendant la dur\u00e9e de l&rsquo;\u00e9tat d&rsquo;urgence sanitaire. Les personnes malades percevront donc, de mani\u00e8re exceptionnelle, une indemnit\u00e9 journali\u00e8re ou le maintien de leur traitement d\u00e8s le 1er jour de leur arr\u00eat de travail.\u00a0<\/li>\n<li>Les chercheurs travaillent sur de <strong>nouveaux <a href=\"https:\/\/sante.journaldesfemmes.fr\/maladies\/2623965-coronavirus-depistage-test-diagnostic-positif-negatif-qui-quand-que-faire-ou\/\" target=\"_blank\" rel=\"noopener noreferrer\">tests de d\u00e9pistage<\/a><\/strong>, par pr\u00e9l\u00e8vement de s\u00e9cr\u00e9tions,\u00a0plus rapides, mais aussi sur des <strong>tests s\u00e9rologiques, par prise de sang,<\/strong> qui permettront d&rsquo;avoir une meilleure connaissance sur l&rsquo;\u00e9tendue r\u00e9elle de l&rsquo;\u00e9pid\u00e9mie. Actuellement\u00a0<strong>10\u00a0000\u00a0tests nasopharyng\u00e9s sont effectu\u00e9s par jour en France<\/strong> avec un objectif de passer \u00e0<strong>\u00a0<\/strong>30\u00a0000\u00a0tests en fin de semaine.<\/li>\n<li>Les mesures de confinement pour lutter contre le coronavirus entra\u00eenent une perte d&rsquo;activit\u00e9 \u00e9conomique d&rsquo;environ 35% actuellement en France, estime jeudi l&rsquo;Insee dans une note sur la situation \u00e9conomique.\u00a0<\/li>\n<li>L&rsquo;a\u00e9roport d&rsquo;Orly \u00e0 Paris sera temporairement ferm\u00e9 au public \u00e0 partir du 31 mars 2020, annonce la direction de l&rsquo;a\u00e9roport. Les activit\u00e9s restantes seront transf\u00e9r\u00e9 sur l&rsquo;a\u00e9roport de Roissy.<\/li>\n<li>Dans le cadre de la loi sur l&rsquo;<a href=\"https:\/\/sante.journaldesfemmes.fr\/maladies\/2627081-loi-etat-urgence-sanitaire-france-coronavirus-covid-19-definition-evolution-mesures-duree-journal-officiel\/\" target=\"_blank\" rel=\"noopener noreferrer\">\u00e9tat d&rsquo;urgence sanitaire<\/a>, le gouvernement a adopt\u00e9 25\u00a0ordonnances.\u00a0Du jamais-vu en France, a estim\u00e9 Edouard Philippe.\u00a0Parmi ces ordonnances, la modification temporaire du droit du travail, adapt\u00e9e \u00e0 cette p\u00e9riode de crise, l&rsquo;autorisation de <strong>travailler le dimanche<\/strong> dans certains secteurs d&rsquo;activit\u00e9, mise en place d&rsquo;un fond de solidarit\u00e9\u00a0pour les entreprises avec un chiffre d&rsquo;affaires de moins d&rsquo;un million d&rsquo;euros, <strong>les aides sociales (RSA, ch\u00f4mage, compl\u00e9mentaire sant\u00e9 solidaire et allocation adulte handicap\u00e9) prolong\u00e9es<\/strong> pour les personnes en fin de droit&#8230;<\/li>\n<\/ul>\n<blockquote>\n<p style=\"text-align: right;\">Le Comit\u00e9 scientifique pr\u00e9conise un confinement de 5 \u00e0 6 semaines.\u00a0<\/p>\n<\/blockquote>\n<\/section>\n<ul>\n<li>Muriel P\u00e9nicaud, la ministre du Travail, annonce le d\u00e9blocage de 18\u00a0millions d&rsquo;euros pour r\u00e9mun\u00e9rer les \u00e9l\u00e8ves infirmiers d&rsquo;Ile-de-France qui peuvent aller travailler dans les h\u00f4pitaux.<\/li>\n<li>Un dispositif national grand public de <strong>soutien psychologique <\/strong>au b\u00e9n\u00e9fice des personnes qui en auraient besoin est d\u00e9ploy\u00e9 \u00e0 partir du num\u00e9ro vert 0\u00a0800\u00a0130\u00a0000.<\/li>\n<li>Les Jeux Olympiques de Tokyo n&rsquo;auront pas lieu cet \u00e9t\u00e9 et seront report\u00e9s l&rsquo;ann\u00e9e prochaine \u00e0 la place du championnat du monde d&rsquo;athl\u00e9tisme.\u00a0<\/li>\n<li><a href=\"https:\/\/www.journaldesfemmes.fr\/maman\/enfant\/2625773-examens-et-concours-les-epreuves-n-auront-pas-lieu-avant-fin-mai\/\" target=\"_blank\" rel=\"noopener noreferrer\">Les examens et les concours<\/a> qui n&rsquo;ont pas pu se tenir ou qui doivent se tenir dans les prochaines semaines sont reprogramm\u00e9s, mais ils ne pourront avoir lieu avant la fin du mois de mai, lit-on\u00a0dans un communiqu\u00e9 du minist\u00e8re de l&rsquo;Education nationale du 24\u00a0mars.<\/li>\n<\/ul>\n<ul>\n<li><span style=\"font-size: 1rem;\">\u200b\u200b\u200b\u200b\u200b\u200b<\/span>Plusieurs<strong> centres \u00ab\u00a0drive\u00a0\u00bb de d\u00e9pistage du coronavirus <\/strong>sont organis\u00e9s en France : \u00e0 Lisses dans l&rsquo;Essonne, \u00e0 Neuilly-sur-Seine dans les Hauts-de-Seine, des gens peuvent venir se faire tester s&rsquo;ils ont une ordonnance motivant le test (qui co\u00fbte 54 euros),\u00a0\u00e0 Arles, Montpellier, Al\u00e8s, N\u00eemes et\u00a0B\u00e9ziers aussi.<\/li>\n<li>La <a href=\"https:\/\/sante.journaldesfemmes.fr\/maladies\/2619933-covid-19-premiers-symptomes-personnes-a-risque-combien-de-temps-coronavirus\/\" target=\"_blank\" rel=\"noopener noreferrer\">maladie Covid-19<\/a> sera <strong>reconnue comme maladie professionnelle pour les soignants<\/strong>, a annonc\u00e9 le ministre de la sant\u00e9 Olivier V\u00e9ran lundi 23 mars.<\/li>\n<li>La SNCF annoncent que les voyages en\u00a0TGV (INOUI et OUIGO) et Intercit\u00e9s sont gratuits pour les personnels m\u00e9dicaux et param\u00e9dicaux \u2013 m\u00e9decins, infirmiers et aides-soignants \u2013 qui r\u00e9pondent aux appels de solidarit\u00e9 pour venir renforcer les h\u00f4pitaux afin de lutter contre le Covid-19.<\/li>\n<\/ul>\n<p>La France est en<strong>\u00a0<a href=\"https:\/\/sante.journaldesfemmes.fr\/maladies\/2625289-coronavirus-stade-3-4-2-1-france-mesures-ecole-travail-gouvernement\/\" target=\"_blank\" rel=\"noopener noreferrer\">stade 3<\/a>\u00a0de l&rsquo;\u00e9pid\u00e9mie<\/strong> de coronavirus depuis le 14\u00a0mars\u00a0puisque le virus circule activement sur tout le territoire et plus uniquement dans certaines r\u00e9gions et villes. \u00ab\u00a0<em>Il y a une aggravation rapide en France. Nous sommes face \u00e0 une situation in\u00e9dite, s\u00e9v\u00e8re et rapide<\/em>\u00a0\u00bb a soulign\u00e9 le directeur J\u00e9r\u00f4me Salomon jeudi 26 mars. Les contaminations au coronavirus en France s&rsquo;approchent\u00a0des 33\u00a0000,\u00a0\u00ab\u00a0<strong><em>e<\/em><\/strong><b><em><em>t<\/em> le pic est \u00e0 venir<\/em>\u00a0\u00bb\u00a0<\/b>a rappel\u00e9 le pr\u00e9sident Emmanuel Macron mercredi 25 mars<em>. <\/em>Dans\u00a0un point \u00e9pid\u00e9miologique du 24 mars, Sant\u00e9 publique France indique une forte augmentation du nombre de cas graves admis en r\u00e9animation et de d\u00e9c\u00e8s et une\u00a0augmentation significative des d\u00e9c\u00e8s toutes causes chez les plus de 65\u00a0ans dans les d\u00e9partements\u00a0: Haut-Rhin, Oise, Vosges et Alpes-de-Haute-Provence.<\/p>\n<h3 style=\"text-align: center;\">Evolution du taux d&rsquo;incidence cumul\u00e9e des cas de Covid-19 par d\u00e9partement de r\u00e9sidence, France, les 11, 16 et 20 mars 2020 \u00e0 12h00.<\/h3>\n<div style=\"text-align:center\">\n<figure class=\"image\" style=\"display:inline-block\"><a class=\"fancy\" href=\"https:\/\/img-3.journaldesfemmes.fr\/9IbbODYCu5aevjnA1LmNEWZ4fhk=\/1080x\/smart\/a4de4cbbce48493388a97eaed5dcb06e\/ccmcms-jdf\/14582408.jpg\"><img decoding=\"async\" alt=\"\u00e9volution coronavirus France\" src=\"https:\/\/img-3.journaldesfemmes.fr\/9IbbODYCu5aevjnA1LmNEWZ4fhk=\/1080x\/smart\/a4de4cbbce48493388a97eaed5dcb06e\/ccmcms-jdf\/14582408.jpg\"\/><\/a><figcaption data-credit=\"Sant\u00e9 Publique France\/Go Data\" data-legend=\"Evolution des cas confirm\u00e9s de Covid-19 par d\u00e9partements en France, les 11, 16 et 20 mars 2020 \u00e0 12h\">Evolution des cas confirm\u00e9s de Covid-19 par d\u00e9partements en France, les 11, 16 et 20 mars 2020 \u00e0 12h <small>\u00a9\u00a0Sant\u00e9 Publique France\/Go Data<\/small><\/figcaption><\/figure>\n<\/div>\n<p><strong>Parmi les cas confirm\u00e9s et isol\u00e9s au 27\u00a0mars :<\/strong><\/p>\n<ul>\n<li><strong>32 964 personnes sont positives par\u00a0test PCR au coronavirus en France, 3 787\u00a0cas graves <\/strong>sont\u00a0en r\u00e9animation. dont 34\u00a0% ont moins de 60\u00a0ans, 58 % ont entre 60 et 80 ans et situation inqui\u00e9tante : <strong>42 personnes de moins de 30 ans sont en r\u00e9animation<\/strong>. La majorit\u00e9 des cas en r\u00e9animation pr\u00e9sentent au moins un facteur de risque potentiel de complication de COVID-19. Les deux facteurs de risque les plus fr\u00e9quemment rapport\u00e9s sont le <strong>diab\u00e8te\u00a0<\/strong>et les <strong>pathologies cardiaques.<\/strong><\/li>\n<li><strong>1 995 sont d\u00e9c\u00e9d\u00e9es \u00e0 l&rsquo;h\u00f4pital dont 86\u00a0% ont plus de 70 ans.<\/strong><\/li>\n<li><strong>Chez les 65\u00a0ans ou plus, plus de 2\u00a0personnes sur 3\u00a0sont hospitalis\u00e9es apr\u00e8s un passage aux Urgences et chez les 75\u00a0ans ou plus, 80% des patients sont hospitalis\u00e9s apr\u00e8s passage.<\/strong><\/li>\n<li><strong>5 700 personnes positives au coronavirus<\/strong> sont rentr\u00e9es gu\u00e9ries \u00e0 leur domicile et\u00a0<strong>confin\u00e9es<\/strong>..<\/li>\n<\/ul>\n<p><iframe loading=\"lazy\" border=\"0px\" height=\"500px\" src=\"https:\/\/mapthenews.maps.arcgis.com\/apps\/opsdashboard\/index.html#\/827bdf56850d4e3cbeb487cab677ca84\" width=\"600px\"><\/iframe><\/p>\n<div style=\"text-align:center\">\n<figure class=\"image\" style=\"display:inline-block\"><a class=\"fancy\" href=\"https:\/\/img-3.journaldesfemmes.fr\/by7xd0nTCjzQDis7bSFfaHU-nMM=\/1080x\/smart\/37d6e5c6bdca49f183220f10f490d207\/ccmcms-jdf\/14559821.jpg\"><img decoding=\"async\" alt=\"courbe evolution cas coronavirus france\" src=\"https:\/\/img-3.journaldesfemmes.fr\/by7xd0nTCjzQDis7bSFfaHU-nMM=\/1080x\/smart\/37d6e5c6bdca49f183220f10f490d207\/ccmcms-jdf\/14559821.jpg\"\/><\/a><figcaption data-credit=\"ESRI France\/ Sant\u00e9 publique France\" data-legend=\"Evolution du nombre de cas de coronavirus en France au 24 mars 2020\">Evolution du nombre de cas de coronavirus en France au 24 mars 2020 <small>\u00a9\u00a0ESRI France\/ Sant\u00e9 publique France<\/small><\/figcaption><\/figure>\n<\/div>\n<blockquote>\n<p style=\"text-align: right;\">\u00a0<\/p>\n<\/blockquote>\n<p>Toutes les\u00a0r\u00e9gions\u00a0fran\u00e7aises sont touch\u00e9es par le coronavirus. Les <strong>plus\u00a0touch\u00e9es sont\u00a0<\/strong>: Ile-de-France, Grand Est, la Corse, la Bourgogne-Franche-Comt\u00e9, les Hauts-de-France,\u00a0Auvergne-Rh\u00f4ne-Alpes et Nouvelle-Aquitaine.\u00a0<\/p>\n<p>Au 26\u00a0mars selon les ARS (Agences r\u00e9gionales de Sant\u00e9) et\u00a0<a href=\"https:\/\/www.santepubliquefrance.fr\/maladies-et-traumatismes\/maladies-et-infections-respiratoires\/infection-a-coronavirus\/articles\/infection-au-nouveau-coronavirus-sars-cov-2-covid-19-france-et-monde\" target=\"_blank\" rel=\"noopener noreferrer\">Sant\u00e9 publique France<\/a>, le nombre de personnes test\u00e9es positives au coronavirus est\u00a0:<\/p>\n<ul>\n<li><strong>7 660 cas\u00a0en Ile-de-France.\u00a0 <\/strong>L&rsquo;Agence r\u00e9gionale de la sant\u00e9 de la r\u00e9gion d&rsquo;Ile-de-France ne fournit aucun d\u00e9tail des cas par d\u00e9partements de la r\u00e9gion ni de pr\u00e9cisions sur le nombre de personnes hospitalis\u00e9es en Ile-de-France, prises en charge \u00e0 domicile,\u00a0ou d\u00e9c\u00e9d\u00e9es. Plusieurs maires de communes d&rsquo;Ile-de-France \u00e0 l&rsquo;image d&rsquo;Olivier Clodong, maire de la ville de Yerres dans l&rsquo;Essonne, ont annonc\u00e9\u00a0que<em> \u00ab\u00a0les quinze jours qui viennent vont \u00eatre difficiles et d\u00e9cisifs\u00a0\u00bb <\/em>dans la r\u00e9gion.\u00a0<\/li>\n<\/ul>\n<p><iframe loading=\"lazy\" allow=\"encrypted-media\" allowtransparency=\"true\" frameborder=\"0\" height=\"529\" scrolling=\"no\" src=\"https:\/\/www.facebook.com\/plugins\/post.php?href=https%3A%2F%2Fwww.facebook.com%2FOlivierClodong%2Fposts%2F1656253691180663&amp;width=500\" style=\"border:none;overflow:hidden\" width=\"500\"><\/iframe><\/p>\n<ul>\n<li><strong>5 479\u00a0cas dans le Grand Est.\u00a0<\/strong>\u00a0Selon l&rsquo;<a href=\"https:\/\/www.grand-est.ars.sante.fr\/coronavirus-covid-19-en-grand-est-point-de-situation-9\" target=\"_blank\" rel=\"noopener noreferrer\">ARS de la r\u00e9gion<\/a>, au 26\u00a0mars, 3292\u00a0personnes sont hospitalis\u00e9es dans le Grand Est, dont 701 en r\u00e9animation soit 50\u00a0de plus que le\u00a025\u00a0mars.\u00a0961 personnes sont d&rsquo;ores et d\u00e9j\u00e0 sorties d&rsquo;hospitalisation, leur \u00e9tat de sant\u00e9 ayant \u00e9t\u00e9 consid\u00e9r\u00e9 comme rassurant\u00a0<\/li>\n<\/ul>\n<blockquote>\n<p style=\"text-align: right;\">Les chiffres\u00a0sous-estiment le nombre r\u00e9el de cas.<\/p>\n<\/blockquote>\n<ul>\n<li><strong>2 093\u00a0cas en Auvergne-Rh\u00f4ne-Alpes<\/strong> confirm\u00e9s le 25 mars par l&rsquo;<a href=\"https:\/\/www.auvergne-rhone-alpes.ars.sante.fr\/covid-19-en-auvergne-rhone-alpes-point-de-situation-jeudi-26-mars\" target=\"_blank\" rel=\"noopener noreferrer\">Agence r\u00e9gionale de Sant\u00e9<\/a>. 1 437\u00a0patients hospitalis\u00e9s dans 63\u00a0\u00e9tablissements de la r\u00e9gion, dont 20% en r\u00e9animation. 495\u00a0patients ont pu rentrer \u00e0 leur domicile depuis le d\u00e9but de l&rsquo;\u00e9pid\u00e9mie.<\/li>\n<li><strong>1 910 cas dans les Hauts-de-France<\/strong>, selon le <a href=\"https:\/\/www.hauts-de-france.ars.sante.fr\/coronavirus-covid-19-point-de-situation-dans-les-hauts-de-france\" target=\"_blank\" rel=\"noopener noreferrer\">bulletin du 26\u00a0mars<\/a> de l&rsquo;ARS de la r\u00e9gion : <em>\u00ab\u00a0Les investigations men\u00e9es par les \u00e9quipes de l&rsquo;ARS et de Sant\u00e9 publique France autour des 2\u00a0premiers cas, et des suivants, ont r\u00e9v\u00e9l\u00e9 une importante cha\u00eene de contamination dans le d\u00e9partement de l&rsquo;Oise\u00a0\u00bb <\/em>pr\u00e9cise l&rsquo;ARS.<\/li>\n<li><strong>1 569\u00a0cas en Bourgogne-Franche-Comt\u00e9<\/strong>. Au 26 mars, l&rsquo;<a href=\"https:\/\/www.bourgogne-franche-comte.ars.sante.fr\/coronavirus-covid-19-en-bourgogne-franche-comte-les-chu-de-besancon-et-dijon-engages-dans-la\" target=\"_blank\" rel=\"noopener noreferrer\">ARS de la r\u00e9gion<\/a> indique<em>\u00a0<\/em>que\u00a0619\u00a0personnes sont hospitalis\u00e9es, dont 166\u00a0avec des formes graves n\u00e9cessitant une prise en charge en r\u00e9animation.<\/li>\n<li><strong>1 927\u00a0cas <\/strong>cas en r\u00e9gion <strong>Provence-Alpes-C\u00f4te d&rsquo;Azur<\/strong>\u00a0selon le <a href=\"https:\/\/www.paca.ars.sante.fr\/coronavirus-en-provence-alpes-cote-dazur-point-de-situation-au-26-mars\" target=\"_blank\" rel=\"noopener noreferrer\">point de situation de l&rsquo;ARS de la r\u00e9gion du 25\u00a0mars<\/a>. 720\u00a0sont hospitalis\u00e9es\u00a0;\u00a0164 personnes sont en r\u00e9animation.<\/li>\n<li><strong>1 285\u00a0cas en Occitanie<\/strong>\u00a0selon le <a href=\"https:\/\/www.occitanie.ars.sante.fr\/coronavirus-dernier-point-de-situation-en-occitanie-0\" target=\"_blank\" rel=\"noopener noreferrer\">bulletin de l&rsquo;ARS du 26 mars<\/a> : 551 hospitalisations en cours dont 176 en r\u00e9animation. 233 personnes ont pu rentrer \u00e0 leur domicile.<\/li>\n<li><strong>603 cas en Bretagne<\/strong>, 124 personnes hospitalis\u00e9es, 43 en r\u00e9animation et 108 personnes rentr\u00e9es \u00e0 leur domicile.<\/li>\n<li><strong>1007 cas en Nouvelle-Aquitaine<\/strong> au 26 mars selon l&rsquo;<a href=\"https:\/\/www.nouvelle-aquitaine.ars.sante.fr\/communique-de-presse-coronavirus-point-de-situation-en-nouvelle-aquitaine-du-26032020\" target=\"_blank\" rel=\"noopener noreferrer\">ARS<\/a>. 236 personnes sont hospitalis\u00e9es, 75 en r\u00e9animation ou en soins intensifs.<\/li>\n<li><strong>789 cas en <a href=\"http:\/\/www.affinite.fr\/index.php\/2024\/11\/21\/construire-votre-maison-en-normandie\/\">Normandie<\/a> <\/strong>dont\u00a0262 personnes sont hospitalis\u00e9es :\u00a052 personnes dans le Calvados,\u00a037 dans l&rsquo;Eure,\u00a022 dans la Manche,\u00a014\u00a0dans l&rsquo;Orne,\u00a0137 dans la Seine-Maritime\u00a0selon le <a href=\"https:\/\/www.normandie.ars.sante.fr\/coronavirus-point-de-situation-en-normandie-et-conduites-tenir\">dernier bulletin de l&rsquo;ARS de la r\u00e9gion<\/a>.\u00a0Depuis d\u00e9but mars, 59\u00a0personnes sont sorties de l&rsquo;h\u00f4pital.<\/li>\n<li><strong>250 cas en Corse <\/strong>selon le <a href=\"https:\/\/www.corse.ars.sante.fr\/informations-utiles-et-point-de-situation\" target=\"_blank\" rel=\"noopener noreferrer\">bulletin de l&rsquo;ARS du 26\u00a0mars<\/a>\u00a0: 53\u00a0en Haute-Corse et 197 en Corse-du-Sud.\u00a0<\/li>\n<li><strong>645 cas confirm\u00e9s en Centre-Val de Loire<\/strong> selon <a href=\"https:\/\/www.centre-val-de-loire.ars.sante.fr\/covid-19-situation-et-informations-en-centre-val-de-loire\" target=\"_blank\" rel=\"noopener noreferrer\">le point de situation de l&rsquo;ARS de la r\u00e9gion au 26\u00a0mars<\/a>\u00a0: 25 dans le Cher, 104 en Eure-et-Loir, 80 dans l&rsquo;Indre, 123\u00a0en Indre-et-Loire, 55 dans le Loir-et-Cher et 258 dans le Loiret. 58 personnes sont en r\u00e9animation.\u00a0<\/li>\n<li><strong>459 cas positifs confirm\u00e9s par tests de d\u00e9pistage dans les <a href=\"https:\/\/www.pays-de-la-loire.ars.sante.fr\/coronavirus-actualite-et-conduite-tenir-0?platform=hootsuite\" target=\"_blank\" rel=\"noopener noreferrer\">Pays de la Loire<\/a> :<\/strong>\u00a060 personnes en r\u00e9animation, 119 personnes sont rentr\u00e9es chez elles.<\/li>\n<\/ul>\n<p><strong>A noter : <\/strong>Le d\u00e9compte des cas ne se fonde plus uniquement sur les cas diagnostiqu\u00e9s biologiquement, mais sur des estimations \u00e9pid\u00e9miologiques, comme cela se fait pour la grippe tous les ans (nombre de consultations, nombre de cas graves ou de d\u00e9c\u00e8s\u2026).\u00a0Sant\u00e9 Publique France pr\u00e9vient des difficult\u00e9s de l&rsquo;identification et de la\u00a0confirmation biologique de l&rsquo;ensemble des cas de COVID-19 et indiquent que ces chiffres\u00a0sous-estiment le nombre r\u00e9el de cas. Dans le cadre du passage en phase 3\u00a0les recommandations \u00e9tant maintenant de r\u00e9aliser un pr\u00e9l\u00e8vement \u00e0 vis\u00e9e diagnostique uniquement pour certaines cat\u00e9gories de patients, cette sous-estimation devient plus importante.\u00a0<\/p>\n<p>Le premier d\u00e9c\u00e8s du coronavirus est survenu \u00e0 Paris le 14\u00a0f\u00e9vrier, il s&rsquo;agissait d&rsquo;un\u00a0patient chinois de 80\u00a0ans.<strong>\u00a0<\/strong>Au 27\u00a0mars 2020,<strong> 1 995\u00a0personnes sont d\u00e9c\u00e9d\u00e9es du coronavirus en France \u00e0 l&rsquo;h\u00f4pital,<\/strong> selon les chiffres communiqu\u00e9s par le Directeur g\u00e9n\u00e9ral de la Sant\u00e9. <em>\u00ab\u00a0Nous observons une <strong>hausse de la mortalit\u00e9 par rapport \u00e0 l&rsquo;attendu dans 5 r\u00e9gions,<\/strong><\/em> a-t-il indiqu\u00e9 le 26 mars. <em>Dans le Grand Est (+30%), les Hauts-de-France (+13%), Bourgogne Franche-Comt\u00e9 (+19%), Ile-France (+13,7 %) et la Corse (+39%), il s&rsquo;agit essentiellement de personnes de plus 65 ans\u00a0\u00bb.<\/em><\/p>\n<blockquote>\n<p style=\"text-align: right;\">85% des personnes d\u00e9c\u00e9d\u00e9es \u00e0 l&rsquo;h\u00f4pital avaient plus de 70 ans.<\/p>\n<\/blockquote>\n<p><strong>Nombre de d\u00e9c\u00e8s par r\u00e9gion (\u00e0 l&rsquo;h\u00f4pital)\u00a0:<\/strong><\/p>\n<ul>\n<li><strong>580 d\u00e9c\u00e8s dans le Grand Est<\/strong>\u00a0en prenant en compte les personnes confirm\u00e9es virologiquement positives au Coronavirus Covid-19\u00a0ainsi que les personnes non test\u00e9es mais dont le d\u00e9c\u00e8s est rapport\u00e9 \u00e0 une infection par Coronavirus.<\/li>\n<li><strong>147 r\u00e9sidents des Hauts-de-France sont d\u00e9c\u00e9d\u00e9s<\/strong> depuis le 25\u00a0f\u00e9vrier\u00a0: 68\u00a0dans l&rsquo;Oise, 32 dans la Somme, 27\u00a0dans l&rsquo;Aisne, 14\u00a0dans le Nord et 6\u00a0dans le Pas-de-Calais. Le premier Fran\u00e7ais d\u00e9c\u00e9d\u00e9 du coronavirus \u00e9tait originaire de la r\u00e9gion, il s&rsquo;agissait d&rsquo;un enseignant de 60\u00a0ans\u00a0d\u00e9c\u00e9d\u00e9 le 26\u00a0f\u00e9vrier dans l&rsquo;Oise. Parmi les autres cas indiqu\u00e9s, uniquement des personnes de plus de 60 ans (une femme\u00a0de 89 ans le 2 mars \u00e0 Compi\u00e8gne.\u00a0une personne de 73\u00a0ans dans l&rsquo;Oise,\u00a0une autre de 64\u00a0ans originaire de l&rsquo;Aisne le 5\u00a0mars, une femme de 83\u00a0ans\u00a0et r\u00e9sidente en EHPAD \u00e0 Cr\u00e9py-en-Valois dans l&rsquo;Oise le 7\u00a0mars, un\u00a0homme de 86\u00a0ans habitant de M\u00e9ry-sur-Oise).<\/li>\n<li><strong>133 d\u00e9c\u00e8s dans la r\u00e9gion Auvergne-Rh\u00f4ne-Alpes<\/strong>, selon le <a href=\"https:\/\/www.auvergne-rhone-alpes.ars.sante.fr\/covid-19-en-auvergne-rhone-alpes-point-de-situation-jeudi-26-mars\" target=\"_blank\" rel=\"noopener noreferrer\">bulletin du 26 mars<\/a>.<\/li>\n<li><strong>123\u00a0d\u00e9c\u00e8s en Bourgogne-Franche-Comt\u00e9 au 26\u00a0mars, <\/strong>selon le <a href=\"https:\/\/www.bourgogne-franche-comte.ars.sante.fr\/coronavirus-covid-19-en-bourgogne-franche-comte-les-chu-de-besancon-et-dijon-engages-dans-la\" target=\"_blank\" rel=\"noopener noreferrer\">communiqu\u00e9 de l&rsquo;ARS<\/a>.<\/li>\n<li><strong>54 d\u00e9c\u00e8s en Occitanie :<\/strong> 15\u00a0dans l&rsquo;Aude, 4 en Aveyron, 5 dans le Gard, 3 en Haute-Garonne, 16 dans l&rsquo;H\u00e9rault, 1 dans les Hautes-Pyr\u00e9n\u00e9es, 8\u00a0dans les Pyr\u00e9n\u00e9es-Orientales, 1 dans le Tarn et 1 dans le Tarn-et-Garonne.<\/li>\n<li><strong>44\u00a0d\u00e9c\u00e8s dans la r\u00e9gion Provence-Alpes-C\u00f4tes d&rsquo;Azur<\/strong>, selon le <a href=\"https:\/\/www.paca.ars.sante.fr\/coronavirus-en-provence-alpes-cote-dazur-point-de-situation-au-26-mars\" target=\"_blank\" rel=\"noopener noreferrer\">bulletin de l&rsquo;ARS<\/a> du 26\u00a0mars.<\/li>\n<li><strong>34\u00a0personnes sont d\u00e9c\u00e9d\u00e9es en\u00a0Nouvelle-Aquitaine\u00a0<\/strong>dont\u00a0un homme de 66\u00a0ans hospitalis\u00e9\u00a0dans le service de maladies infectieuses du Centre hospitalier de Pau et un dans les\u00a0<strong>Deux-S\u00e8vres.<\/strong><\/li>\n<li><strong>29 d\u00e9c\u00e8s en Bretagne<\/strong> au 26\u00a0mars, selon le bulletin de l&rsquo;<a href=\"https:\/\/www.bretagne.ars.sante.fr\/system\/files\/2020-03\/2020-03-26-bulletin%20information%20COVID-19.pdf\" target=\"_blank\" rel=\"noopener noreferrer\">ARS<\/a>.<\/li>\n<\/ul>\n<ul>\n<li><strong>24\u00a0d\u00e9c\u00e8s dans les Pays de la Loire<\/strong> (86\u00a0ans en moyenne).<\/li>\n<li><strong>21 d\u00e9c\u00e8s en Corse :\u00a0<\/strong>19\u00a0en Corse du Sud et 2 en\u00a0Haute Corse.<\/li>\n<li><strong>20\u00a0d\u00e9c\u00e8s en\u00a0Centre-Val de Loire<\/strong>, 1\u00a0dans le Cher, 8\u00a0en Eure-et-Loir, 5\u00a0dans l&rsquo;Indre, 3\u00a0en Indre-et-Loire et 3\u00a0dans le Loiret.<\/li>\n<li><strong>10 d\u00e9c\u00e8s en Normandie <\/strong>: 13\u00a0hommes et 7\u00a0femmes, avec un \u00e2ge m\u00e9dian de 77\u00a0ans.<\/li>\n<li><strong>En Ile-de-France, seuls 4\u00a0d\u00e9c\u00e8s ont \u00e9t\u00e9 confirm\u00e9s et d\u00e9taill\u00e9s par les autorit\u00e9s, <\/strong>deux\u00a0dans les Yvelines (Ephad \u00e0 Louveciennes), confirm\u00e9s le 10 mars : les\u00a0personnes \u00e9taient\u00a0respectivement \u00e2g\u00e9es de 85, 90\u00a0et 95\u00a0ans. Et le d\u00e9c\u00e8s d&rsquo;une adolescente de 16 ans vendredi 27 mars \u00e0 Paris, originaire de Morsang-sur-Orge dans l&rsquo;Essonne.\u00a0<\/li>\n<\/ul>\n<blockquote>\n<p style=\"text-align: left;\"><strong>Appeler le\u00a015\u00a0uniquement en cas de\u00a0difficult\u00e9s respiratoires.<\/strong><\/p>\n<\/blockquote>\n<p>Plusieurs mesures ont \u00e9t\u00e9 prises par le gouvernement pour freiner la propagation du coronavirus en France. Apr\u00e8s la <strong><a href=\"https:\/\/www.journaldesfemmes.fr\/maman\/enfant\/2619747-ecoles-et-coronavirus-jusqu-a-quand-les-enfants-resteront-ils-confines\/\" target=\"_blank\" rel=\"noopener noreferrer\">fermeture des cr\u00e8ches et \u00e9tablissements scolaires<\/a> <\/strong>jusqu&rsquo;\u00e0 nouvel ordre annonc\u00e9e le 12 mars,\u00a0la <a href=\"http:\/\/www.legifrance.gouv.fr\/affichTexte.do?cidTexte=JORFTEXT000041722917&amp;categorieLien=id\" target=\"_blank\" rel=\"noopener noreferrer\">fermeture des\u00a0<\/a><strong><a href=\"http:\/\/www.legifrance.gouv.fr\/affichTexte.do?cidTexte=JORFTEXT000041722917&amp;categorieLien=id\" target=\"_blank\" rel=\"noopener noreferrer\">\u00e9tablissements pouvant accueillir du public jusqu&rsquo;au 15\u00a0avril 2020<\/a><\/strong>\u00a0(centres commerciaux ; restaurants et d\u00e9bits de <a href=\"http:\/\/www.affinite.fr\/index.php\/2022\/11\/20\/gros-glacons-pour-les-cocktails\/\">boissons<\/a> ; salles de danse et salles de jeux ; biblioth\u00e8ques, centres de documentation ; salles d&rsquo;expositions ; \u00e9tablissements sportifs couverts ; mus\u00e9es), l&rsquo;annulation des rassemblements et l&rsquo;arr\u00eat des visites dans les EHPAD, le pr\u00e9sident de la R\u00e9publique a annonc\u00e9 le <strong>confinement de la population fran\u00e7aise \u00e0 partir du 17 mars \u00e0 midi et jusqu&rsquo;au 15 avril, a annonc\u00e9 Edouard Philippe <\/strong>le vendredi 27 mars \u00e0 l&rsquo;issue du conseil des Ministres.\u00a0Les r\u00e9unions de famille, entre amis sont \u00e0 proscrire. Suite au vote de l&rsquo;<strong>\u00e9tat d&rsquo;urgence sanitaire en France<\/strong>, les\u00a0<strong>d\u00e9placements sont interdits<\/strong> sauf dans les cas suivants et uniquement \u00e0 condition d&rsquo;\u00eatre <strong>munis d&rsquo;une <a href=\"https:\/\/www.gouvernement.fr\/sites\/default\/files\/contenu\/piece-jointe\/2020\/03\/attestation-deplacement-fr-20200324.pdf\" target=\"_blank\" rel=\"noopener noreferrer\">attestation <\/a>:<\/strong><\/p>\n<ul>\n<li>D\u00e9placements entre le domicile et le lieu d&rsquo;exercice de l&rsquo;activit\u00e9 professionnelle, lorsqu&rsquo;ils sont indispensables \u00e0 l&rsquo;exercice d&rsquo;activit\u00e9s ne pouvant \u00eatre organis\u00e9es sous forme de t\u00e9l\u00e9travail ou d\u00e9placements professionnels ne pouvant \u00eatre diff\u00e9r\u00e9s (avoir le <a href=\"https:\/\/www.gouvernement.fr\/sites\/default\/files\/contenu\/piece-jointe\/2020\/03\/justificatif-deplacement-professionnel-fr.pdf\" target=\"_blank\" rel=\"noopener noreferrer\">justificatif de d\u00e9placement professionnel<\/a> sur soi).<\/li>\n<li>D\u00e9placements pour effectuer des achats de fournitures n\u00e9cessaires \u00e0 l&rsquo;activit\u00e9 professionnelle et des achats de premi\u00e8re n\u00e9cessit\u00e9\u00a0dans des \u00e9tablissements dont les activit\u00e9s demeurent autoris\u00e9es.<\/li>\n<li>Consultations et soins ne pouvant \u00eatre assur\u00e9s \u00e0 distance et ne pouvant \u00eatre diff\u00e9r\u00e9s\u00a0 ; soin des patients atteints d&rsquo;une affection de longue dur\u00e9e.<\/li>\n<li>D\u00e9placements pour motif familial imp\u00e9rieux, pour l&rsquo;assistance aux personnes vuln\u00e9rables ou la garde d&rsquo;enfants.<\/li>\n<li>D\u00e9placements brefs, dans la limite d&rsquo;une heure quotidienne et dans un rayon maximal d&rsquo;un kilom\u00e8tre autour du domicile, li\u00e9s soit \u00e0 l&rsquo;activit\u00e9 physique individuelle des personnes, \u00e0 l&rsquo;exclusion de toute pratique sportive collective et de toute proximit\u00e9 avec d&rsquo;autres personnes, soit \u00e0 la promenade avec les seules personnes regroup\u00e9es dans un m\u00eame domicile, soit aux besoins des animaux de compagnie.<\/li>\n<li>Convocation judiciaire ou administrative.<\/li>\n<li>Participation \u00e0 des missions d&rsquo;int\u00e9r\u00eat g\u00e9n\u00e9ral sur demande de l&rsquo;autorit\u00e9 administrative<\/li>\n<\/ul>\n<p>Les personnes ne respectant pas ses consignes peuvent avoir\u00a0des <strong>amendes allant de 135 \u00e0 375 euros.\u00a0<\/strong><b>\u00a0Les sanctions sont durcies d\u00e8s mardi 24 mars, jusqu&rsquo;\u00e0 1\u00a0500\u00a0euros d&rsquo;amende et 3\u00a0700\u00a0euros en cas de 4\u00a0r\u00e9cidives &#8211; sous 15 jours &#8211;\u00a0assorties de 6\u00a0mois d&#8217;emprisonnement.<\/b><\/p>\n<blockquote>\n<p style=\"text-align: right;\">Les masques \u00ab\u00a0une denr\u00e9e rare\u00a0\u00bb aujourd&rsquo;hui<strong>.<\/strong><\/p>\n<\/blockquote>\n<p>Dans les \u00e9tablissements de sant\u00e9,\u00a0le gouvernement a activ\u00e9 plusieurs plans\u00a0:\u00a0<\/p>\n<ul>\n<li>La France applique le<strong>\u00a0<a href=\"https:\/\/sante.journaldesfemmes.fr\/maladies\/2624681-plan-blanc-elargi-c-est-quoi-hopital-coronavirus\/\" target=\"_blank\" rel=\"noopener noreferrer\">plan blanc<\/a><\/strong><a href=\"https:\/\/sante.journaldesfemmes.fr\/maladies\/2624681-plan-blanc-elargi-c-est-quoi-hopital-coronavirus\/\" target=\"_blank\" rel=\"noopener noreferrer\"> <\/a>\u00e9largi g\u00e9n\u00e9ralis\u00e9 (plan de mobilisation interne) depuis le 19 mars, dans tous les \u00e9tablissements de sant\u00e9 (publics et priv\u00e9s), pour mettre en place rapidement des moyens mat\u00e9riel, logistiques et humains indispensables en cas d&rsquo;afflux de patients dans les \u00e9tablissements hospitaliers. Les consultations et les hospitalisations non urgentes sont d\u00e9programm\u00e9es.<\/li>\n<li>La France a d\u00e9clench\u00e9 le <strong><a href=\"https:\/\/sante.journaldesfemmes.fr\/maladies\/2624771-plan-bleu-c-est-quoi-quelles-maisons-de-retraites-ehpad-coronavirus\/\" target=\"_blank\" rel=\"noopener noreferrer\">plan bleu<\/a> dans les Ehpad<\/strong> (Etablissement H\u00e9bergeant des Personnes Ag\u00e9es D\u00e9pendantes) le <strong>6\u00a0mars. <\/strong>Le principe est le m\u00eame que dans les h\u00f4pitaux\u00a0: le chef d&rsquo;\u00e9tablissement doit permettre \u00ab\u00a0<em>la mise en oeuvre rapide et coh\u00e9rente des moyens indispensables pour faire face efficacement \u00e0 une situation exceptionnelle<\/em>\u00ab\u00a0. Le plan bleu peut induire notamment\u00a0\u00ab\u00a0<em>le confinement des r\u00e9sidents, usagers et personnels ; l&rsquo;\u00e9vacuation des r\u00e9sidents, usagers et personnels<\/em>\u00ab\u00a0.<\/li>\n<li>La<strong> <a href=\"https:\/\/sante.journaldesfemmes.fr\/maladies\/2624921-reserve-sanitaire-coronavirus-s-inscrire-salaire-missions-france-reserviste\/\" target=\"_blank\" rel=\"noopener noreferrer\">r\u00e9serve sanitaire<\/a><\/strong>\u00a0et la r\u00e9serve civique (aide alimentaire d&rsquo;urgence, garde exceptionnelle d&rsquo;enfants, lien avec les personnes fragiles isol\u00e9es, solidarit\u00e9 de proximit\u00e9)\u00a0sont\u00a0aussi mobilis\u00e9es.\u00a0<\/li>\n<\/ul>\n<table align=\"center\" border=\"1\" cellpadding=\"1\" cellspacing=\"1\" style=\"width:80%;\">\n<thead>\n<tr>\n<th scope=\"col\">\n<h2 style=\"text-align: center;\">Pour s&rsquo;informer : <u><strong>0800 130 000<\/strong><\/u> (num\u00e9ro vert national \/ appel gratuit) 7j\/7 et 24h\/24<\/h2>\n<p style=\"text-align: center;\">(<strong>Attention<\/strong>, la plateforme t\u00e9l\u00e9phonique n&rsquo;est pas habilit\u00e9e \u00e0 dispenser des conseils m\u00e9dicaux)<\/p>\n<\/th>\n<\/tr>\n<\/thead>\n<tbody\/><\/table>\n<p>Les <strong>arr\u00eat\u00e9s municipaux et pr\u00e9fectoraux se multiplient dans les villes pour faire respecter les mesures de confinement<\/strong>.\u00a0Apr\u00e8s la d\u00e9cision du\u00a0maire de Nice Christian Estrosi de fermer\u00a0la Promenade des Anglais vendredi 20\u00a0mars, le maire de Nice d\u00e9cide une mesure plus stricte : un <strong>couvre-feu<\/strong> samedi 21 mars, prenant effet le jour m\u00eame \u00e0 23 heures. La mesure interdit tous les d\u00e9placements et impose la fermeture\u00a0de tous les commerces, y compris alimentaires. Seules les livraisons pour ravitailler les commerces alimentaires sont autoris\u00e9es. Le maire de Nice a \u00e9t\u00e9 rejoint par d&rsquo;autres maires et pr\u00e9fets. D&rsquo;autres villes pourraient prendre les m\u00eames mesures. Ce sera 135 euros d&rsquo;amende en cas de non-respect du couvre-feu.\u00a0<strong>Liste des villes (par r\u00e9gion) o\u00f9\u00a0le couvre-feu s&rsquo;applique d\u00e9sormais, et\u00a0jusqu&rsquo;au 31\u00a0mars<\/strong> :<\/p>\n<ul>\n<li><strong>Provence-Alpes-Cote-d&rsquo;Azur<\/strong> : Cannes de 22h00 \u00e0 05h00, Nice de 23h00\u00a0\u00e0 04h00. Menton de 21h00 \u00e0 05h00.\u00a0Le Cannet, Mougins de 23h00 \u00e0 06h00.\u00a0Roquebrune-Cap-Martin de 21h00 \u00e0 05h00.\u00a0Vallauris Golfe-Juan de 22h00 \u00e0 05h00. Dans les Alpes-Maritimes, la pr\u00e9fecture a impos\u00e9 un couvre-feu de 22h00 \u00e0 6h00 dans les communes de plus de 10 000\u00a0habitants.<\/li>\n<li><strong>Occitanie<\/strong> : Perpignan de 20h00 \u00e0 06h00.\u00a0B\u00e9ziers\u00a0de 22h00\u00a0\u00e0 05h00.\u00a0Montpellier de 22h00 \u00e0 05h00, N\u00eemes de 22h00 \u00e0 5h00, Al\u00e8s de 22h00 \u00e0 5h00, Saint-Gilles de 22h00 \u00e0 5h00, Beaucaire de 22h00 \u00e0 5h00.<\/li>\n<li><strong>Hauts-de-France<\/strong> : Hautmont et\u00a0Jeumont de 18h00 \u00e0 06h00 pour les mineurs, jusqu&rsquo;au 30 avril. Maubeuge de 20h00 \u00e0 5h00. Arras et Lens de 22h00 \u00e0 5h00, Compi\u00e8gne de 22h00 \u00e0 5h00, Creil de 20h00 \u00e0 8h00.<\/li>\n<li><strong>Grand-Est <\/strong>: Charleville-M\u00e9zi\u00e8res de 22h00 \u00e0 06h00, Mulhouse de 21h00 \u00e0 6h00, Nancy (\u00e0 partir du 27 mars) de 22h00 \u00e0 5h00 (tous les rassemblements de plus de 2\u00a0personnes de plus de 10\u00a0ans sont \u00e9galement interdits), Obernai (Bas-Rhin) de 22h00 \u00e0 5h00.<\/li>\n<li><b>Auvergne-Rh\u00f4ne-Alpes <\/b>: Valence de 21h00 \u00e0 06h00, Romans-sur-Is\u00e8re de 21h00 \u00e0 6h00, Mont\u00e9limar de 21h00 \u00e0 6h00, Pierrelatte de 21h00 \u00e0 6h00, Loriol de 21h00 \u00e0 6h00, Charvieu-Chavagneux de 22h \u00e0 5h00.<\/li>\n<li><strong>\u00cele-de-France : <\/strong>Colombes de 22h00 \u00e0 5h00, Asni\u00e8res-sur-Seine et Puteaux de 22h30 \u00e0 5h00. L&rsquo;interdiction est valable pour les pi\u00e9tons et les d\u00e9placements en voiture.\u00a0\u00a0<\/li>\n<li><strong>Pays de la Loire : <\/strong>la Roche-sur-Yon et Cholet mettent en place un couvre-feu de 21\u00a0heures \u00e0 5\u00a0heures du matin du lundi 23\u00a0mars au 31\u00a0mars minuit (renouvelable si besoin). Fontenay-le-Comte de 21h30 \u00e0 6h.<\/li>\n<li><strong>Nouvelle-Aquitaine : <\/strong>Poitiers de 22h \u00e0 5h, L\u00e8ge-Cap Ferret de 22h \u00e0 5h, Le Verdon de 22h \u00e0 5h et Villenave d&rsquo;Ornon de 21h \u00e0 6h.<\/li>\n<li><strong>Guadeloupe : <\/strong>Sainte-Anne, Pointe-\u00e0-Pitre et Les Abymes : de 20h \u00e0 5h jusqu&rsquo;au 31 mars.\u00a0<\/li>\n<li><strong>Mayotte :<\/strong> tout le d\u00e9partement est en couvre-feu entre 20h00 et 5h00.<\/li>\n<\/ul>\n<p>Comme il n&rsquo;y a ni vaccin, ni m\u00e9dicament efficace contre le coronavirus, <a href=\"https:\/\/sante.journaldesfemmes.fr\/maladies\/2619739-coronavirus-conseils-comment-se-proteger-france-mesures-distance-sociale-lavage-main-confinement-gant\/\" target=\"_blank\" rel=\"noopener noreferrer\">le meilleur moyen de s&rsquo;en prot\u00e9ger<\/a> est l&rsquo;application de mesures barri\u00e8re.<\/p>\n<ul>\n<li>Le<strong> port de <a href=\"https:\/\/sante.journaldesfemmes.fr\/maladies\/2609189-masque-coronavirus-covid-19-protection-canard-ffp2-ffp3-fait-maison-patron-tissu-jetable-perime\/\" target=\"_blank\" rel=\"noopener noreferrer\">masques<\/a><\/strong>,<em> \u00ab\u00a0une denr\u00e9e rare\u00a0\u00bb <\/em>aujourd&rsquo;hui a rappel\u00e9 le Pr J\u00e9r\u00f4me Salomon le 18 mars, n&rsquo;a<em>\u00a0\u00ab\u00a0aucun sens si on ne se lave pas les mains puisqu&rsquo;en pratique on touche des surfaces contamin\u00e9es<strong>.<\/strong><\/em>\u00a0 Ils doivent \u00eatre r\u00e9serv\u00e9s aux personnes malades et aux professionnels de sant\u00e9 qui en manquent. Pour les personnes non contamin\u00e9es, ils n&rsquo;ont pas de sens.<\/li>\n<li>Le <a href=\"https:\/\/sante.journaldesfemmes.fr\/quotidien\/1152946-lavage-des-mains-importance-comment-quand-chanson-duree\/\" target=\"_blank\" rel=\"noopener noreferrer\">lavage des mains<\/a>, fondamentale :\u00a0<strong>se laver les mains apr\u00e8s avoir touss\u00e9, \u00e9ternu\u00e9<\/strong>, <strong>avant et apr\u00e8s avoir pr\u00e9par\u00e9 \u00e0 manger, <\/strong>avant de manger, apr\u00e8s \u00eatre all\u00e9 aux toilettes, <strong>apr\u00e8s avoir manipul\u00e9 des animaux<\/strong>&#8230;\u00a0<\/li>\n<li>Appliquer une <strong>distance sociale d&rsquo;un m\u00e8tre partout<\/strong>, tout le temps (devant et dans les magasins&#8230;). Ne plus se\u00a0serrer la main, ne plus se faire la bise.<\/li>\n<li>Utiliser du\u00a0<a href=\"https:\/\/sante.journaldesfemmes.fr\/maladies\/2598700-gel-hydro-alcoolique-efficacite-prix-plafond-composition\/\" target=\"_blank\" rel=\"noopener noreferrer\"><strong>gel antibact\u00e9rien<\/strong><\/a> pour d\u00e9sinfecter les mains en l&rsquo;absence d&rsquo;eau et de savon. Si vous n&rsquo;en trouvez pas en pharmacie, il est <a href=\"https:\/\/sante.journaldesfemmes.fr\/maladies\/2622497-faire-gel-hydroalcoolique-maison-recette-naturelle\/\" target=\"_blank\" rel=\"noopener noreferrer\">possible d&rsquo;en fabriquer<\/a>.\u00a0\u00a0<\/li>\n<\/ul>\n<h3>&gt; <a href=\"https:\/\/sante.journaldesfemmes.fr\/maladies\/2619739-coronavirus-conseils-comment-se-proteger-france-mesures-distance-sociale-lavage-main-confinement-gant\/\" target=\"_blank\" rel=\"noopener noreferrer\">Plus de conseils pour se prot\u00e9ger du coronavirus<\/a><\/h3>\n<p>Les <a href=\"https:\/\/sante.journaldesfemmes.fr\/maladies\/2619471-coronavirus-ou-grippe-differences-symptomes-incubation-diagnostic-mortalite\/\" target=\"_blank\" rel=\"noopener noreferrer\">premiers sympt\u00f4mes d&rsquo;une infection au coronavirus ressemblent \u00e0 un \u00e9tat grippal<\/a>\u00a0: <strong>fi\u00e8vre<\/strong>, <strong>toux s\u00e8che, rhume,<\/strong>\u00a0<strong>douleurs musculaires, fatigue.<\/strong>.. puis, quand elle d\u00e9g\u00e9n\u00e8re, elle entra\u00eene\u00a0des\u00a0<strong>difficult\u00e9s \u00e0 respirer<\/strong>. Les derni\u00e8res observations des m\u00e9decins g\u00e9n\u00e9ralistes et ORL rapportent une<strong> <a href=\"https:\/\/sante.journaldesfemmes.fr\/maladies\/2619933-covid-19-premiers-symptomes-personnes-a-risque-combien-de-temps-coronavirus\/\" target=\"_blank\" rel=\"noopener noreferrer\">perte de l&rsquo;odorat<\/a> et <a href=\"https:\/\/sante.journaldesfemmes.fr\/maladies\/2627543-perte-sens-gout-agueusie-symptome-coronavirus-covid-19-cause-traitement\/\" target=\"_blank\" rel=\"noopener noreferrer\">la perte du go\u00fbt <\/a><\/strong>chez les personnes contamin\u00e9es, le plus souvent <strong>chez des jeunes <\/strong>ayant une forme b\u00e9nigne de la maladie. Le Covid-19 existe sous des formes asymptomatiques (mais les patients sont quand m\u00eame contagieux et peuvent transmettre le virus) et\u00a0b\u00e9nignes (dans 85 % des cas). Les recommandations actuelles sont :<\/p>\n<ul>\n<li><strong>Si vous pr\u00e9sentez des\u00a0sympt\u00f4mes (toux, fi\u00e8vre, mal de t\u00eate) : <\/strong>\u00e9viter les contacts, rester \u00e0 domicile, prenez du parac\u00e9tamol si besoin, appeler un m\u00e9decin, faites une t\u00e9l\u00e9-consultation ou appeler le num\u00e9ro de permanence de soins de la r\u00e9gion.\u00a0<\/li>\n<li><strong>Appeler le\u00a015 uniquement en cas de\u00a0difficult\u00e9s respiratoires : \u00ab\u00a0<\/strong><em>Si cette toux et cette fi\u00e8vre s&rsquo;accompagnent d&rsquo;une g\u00eane respiratoire qui devient permanente avec souffle court, difficult\u00e9 \u00e0 inspirer et \u00e0 expirer, d&rsquo;une aggravation importante de la toux, cela peut signifier une \u00e9volution de la maladie sous la forme d&rsquo;une pneumopathie. Il s&rsquo;agit alors d&rsquo;une urgence respiratoire potentielle et comme dans tous les cas d&rsquo;urgence, il faut alors appeler le 15\u00a0qui prendra les meilleures dispositions pour r\u00e9pondre \u00e0 la situation\u00a0\u00bb, <\/em>pr\u00e9vient le Dr\u00a0Patrick Aub\u00e9, m\u00e9decin g\u00e9n\u00e9raliste.<\/li>\n<\/ul>\n<p>Une <strong>carte interactive<\/strong> montrant l&rsquo;\u00e9volution de l&rsquo;\u00e9pid\u00e9mie de coronavirus dans le monde<strong> en temps r\u00e9el<\/strong> a \u00e9t\u00e9 mise au point par l&rsquo;\u00e9diteur de cartographie en ligne\u00a0HERE Technologies. Bas\u00e9e sur des donn\u00e9es du Center for Systems Science and Engineering (CSSE) de l&rsquo;Universit\u00e9 Johns Hopkins et de DXY, cette carte permet de suivre<strong> la progression du nombre de personnes infect\u00e9es<\/strong>\u00a0rapport\u00e9es par les agences gouvernementales, ainsi que <strong>le nombre de d\u00e9c\u00e8s<\/strong>.<\/p>\n<p><iframe loading=\"lazy\" frameborder=\"0\" height=\"600\" src=\"https:\/\/developer.here.com\/coronavirus\/\" title=\"Suivi du coronavirus COVID-19\" width=\"780\"><\/iframe><\/p>\n<p>Une pand\u00e9mie de coronavirus s\u00e9vit dans le monde obligeant <strong>un tiers de la population mondiale \u00e0 \u00eatre confin\u00e9e<\/strong>, au 28\u00a0mars 2020. le virus a infect\u00e9 plus de\u00a0<strong>598\u00a0000\u00a0personnes <\/strong>dans le monde et fait plus de <strong>27\u00a0000\u00a0morts<\/strong>. <strong>176 pays sont touch\u00e9s<\/strong> (sur 198\u00a0au total dans le monde). L&rsquo;\u00e9pid\u00e9mie progresse d\u00e9sormais davantage hors de Chine d&rsquo;o\u00f9 elle \u00e9tait partie en d\u00e9cembre 2019. L&rsquo;<strong>Europe<\/strong> est l&rsquo;\u00e9picentre avec plus de 300\u00a0000 cas et plus de 17\u00a0000\u00a0morts. Il y a une forte augmentation des cas aux <strong>Etats-Unis qui devient le premier pays le plus touch\u00e9<\/strong> en nombre de cas avec pr\u00e8s de <strong>104 837\u00a0cas<\/strong> au 28\u00a0mars.<\/p>\n<div style=\"text-align:center\">\n<figure class=\"image\" style=\"display:inline-block\"><a class=\"fancy\" href=\"https:\/\/img-3.journaldesfemmes.fr\/8rwTpL208m6Q1qYjsvxaqi6OjRk=\/1080x\/smart\/5b52e721d26c4efcaaafffd44fa0ccea\/ccmcms-jdf\/14602893.jpg\"><img decoding=\"async\" alt=\"carte coronavirus monde\" src=\"https:\/\/img-3.journaldesfemmes.fr\/8rwTpL208m6Q1qYjsvxaqi6OjRk=\/1080x\/smart\/5b52e721d26c4efcaaafffd44fa0ccea\/ccmcms-jdf\/14602893.jpg\"\/><\/a><figcaption data-credit=\"Esri, FAO, NOAA\" data-legend=\"Carte des cas de coronavirus dans le monde au 27 mars 2020 \u00e0 11h30\">Carte des cas de coronavirus dans le monde au 27 mars 2020 \u00e0 11h30 <small>\u00a9\u00a0Esri, FAO, NOAA<\/small><\/figcaption><\/figure>\n<\/div>\n<table border=\"1\" cellpadding=\"1\" cellspacing=\"1\" style=\"width:80%;\">\n<caption>\n<p style=\"text-align: center;\">Les 30 pays du monde enregistrant le plus de morts du coronavirus au samedi 28\u00a0mars \u00e0 09h35<\/p>\n<\/caption>\n<thead>\n<tr>\n<th scope=\"col\" style=\"width: 449px;\">PAYS<\/th>\n<th scope=\"col\" style=\"width: 346px;\">NOMBRE DE MORTS<\/th>\n<\/tr>\n<\/thead>\n<tbody>\n<tr>\n<td style=\"width: 449px;\"><strong>Italie<\/strong><\/td>\n<td style=\"width: 346px;\"><b>9 134<\/b><\/td>\n<\/tr>\n<tr>\n<td style=\"width: 449px;\"><strong>Espagne<\/strong><\/td>\n<td style=\"width: 346px;\"><b>5 138<\/b><\/td>\n<\/tr>\n<tr>\n<td style=\"width: 449px;\"><strong>Chine<\/strong><\/td>\n<td style=\"width: 346px;\"><b>3\u00a0293<\/b><\/td>\n<\/tr>\n<tr>\n<td style=\"width: 449px;\"><strong>Iran<\/strong><\/td>\n<td style=\"width: 346px;\"><b>2 378<\/b><\/td>\n<\/tr>\n<tr>\n<td style=\"width: 449px;\"><strong>France<\/strong><\/td>\n<td style=\"width: 346px;\"><b>1 995<\/b><\/td>\n<\/tr>\n<tr>\n<td style=\"width: 449px;\"><b>US<\/b><\/td>\n<td style=\"width: 346px;\"><b>1 380<\/b><\/td>\n<\/tr>\n<tr>\n<td style=\"width: 449px;\"><strong>Grande-Bretagne<\/strong><\/td>\n<td style=\"width: 346px;\"><strong>465<\/strong><\/td>\n<\/tr>\n<tr>\n<td style=\"width: 449px;\"><strong>Pays-Bas<\/strong><\/td>\n<td style=\"width: 346px;\"><strong>356<\/strong><\/td>\n<\/tr>\n<tr>\n<td style=\"width: 449px;\"><strong>Allemagne<\/strong><\/td>\n<td style=\"width: 346px;\"><strong>222<\/strong><\/td>\n<\/tr>\n<tr>\n<td style=\"width: 449px;\"><strong>Belgique<\/strong><\/td>\n<td style=\"width: 346px;\"><strong>220<\/strong><\/td>\n<\/tr>\n<tr>\n<td style=\"width: 449px;\"><strong>Suisse<\/strong><\/td>\n<td style=\"width: 346px;\"><strong>165<\/strong><\/td>\n<\/tr>\n<tr>\n<td style=\"width: 449px;\"><strong>Cor\u00e9e du Sud<\/strong><\/td>\n<td style=\"width: 346px;\"><strong>131<\/strong><\/td>\n<\/tr>\n<tr>\n<td style=\"width: 449px;\"><strong>Indon\u00e9sie<\/strong><\/td>\n<td style=\"width: 346px;\">78<\/td>\n<\/tr>\n<tr>\n<td style=\"width: 449px;\"><strong>Su\u00e8de<\/strong><\/td>\n<td style=\"width: 346px;\">64<\/td>\n<\/tr>\n<tr>\n<td style=\"width: 449px;\"><strong>Br\u00e9sil<\/strong><\/td>\n<td style=\"width: 346px;\">60<\/td>\n<\/tr>\n<tr>\n<td style=\"width: 449px;\"><strong>Turquie<\/strong><\/td>\n<td style=\"width: 346px;\">59<\/td>\n<\/tr>\n<tr>\n<td style=\"width: 449px;\"><strong>Japon\u00a0<\/strong><\/td>\n<td style=\"width: 346px;\">45<\/td>\n<\/tr>\n<tr>\n<td style=\"width: 449px;\"><strong>Philippines<\/strong><\/td>\n<td style=\"width: 346px;\">45<\/td>\n<\/tr>\n<tr>\n<td style=\"width: 449px;\"><strong>Portugal<\/strong><\/td>\n<td style=\"width: 346px;\">43<\/td>\n<\/tr>\n<tr>\n<td style=\"width: 449px;\"><b>Autriche<\/b><\/td>\n<td style=\"width: 346px;\">42<\/td>\n<\/tr>\n<tr>\n<td style=\"width: 449px;\"><strong>Canada<\/strong><\/td>\n<td style=\"width: 346px;\">35<\/td>\n<\/tr>\n<tr>\n<td style=\"width: 449px;\"><strong>Danemark<\/strong><\/td>\n<td style=\"width: 346px;\">34<\/td>\n<\/tr>\n<tr>\n<td style=\"width: 449px;\"><strong>Equateur<\/strong><\/td>\n<td style=\"width: 346px;\">29<\/td>\n<\/tr>\n<tr>\n<td style=\"width: 449px;\"><strong>Irak<\/strong><\/td>\n<td style=\"width: 346px;\">29<\/td>\n<\/tr>\n<tr>\n<td style=\"width: 449px;\"><strong>Gr\u00e8ce<\/strong><\/td>\n<td style=\"width: 346px;\">23<\/td>\n<\/tr>\n<tr>\n<td style=\"width: 449px;\"><strong>Malaisie<\/strong><\/td>\n<td style=\"width: 346px;\">23<\/td>\n<\/tr>\n<tr>\n<td style=\"width: 449px;\"><strong>Alg\u00e9rie<\/strong><\/td>\n<td style=\"width: 346px;\">21<\/td>\n<\/tr>\n<tr>\n<td style=\"width: 449px;\"><strong>Egypte<\/strong><\/td>\n<td style=\"width: 346px;\">21<\/td>\n<\/tr>\n<tr>\n<td style=\"width: 449px;\"><strong>San Marino \/ Saint-Marin<\/strong><\/td>\n<td style=\"width: 346px;\">21<\/td>\n<\/tr>\n<tr>\n<td style=\"width: 449px;\"><strong>Roumanie<\/strong><\/td>\n<td style=\"width: 346px;\">17<\/td>\n<\/tr>\n<tr>\n<td style=\"width: 449px;\"><strong>Autres<\/strong><\/td>\n<td style=\"width: 346px;\">286<\/td>\n<\/tr>\n<tr>\n<td style=\"width: 449px;\"><u><strong>TOTAL<\/strong><\/u><\/td>\n<td style=\"width: 346px;\"><b>26 816<\/b><\/td>\n<\/tr>\n<\/tbody>\n<\/table>\n<p><em>\u00a0Sources :\u00a0<a href=\"https:\/\/www.who.int\/emergencies\/diseases\/novel-coronavirus-2019\/situation-reports\" target=\"_blank\" rel=\"noopener noreferrer\">WHO<\/a>,\u00a0<a href=\"https:\/\/www.cdc.gov\/coronavirus\/2019-ncov\/index.html\" target=\"_blank\" rel=\"noopener noreferrer\">CDC<\/a>,\u00a0<a href=\"https:\/\/www.ecdc.europa.eu\/en\/geographical-distribution-2019-ncov-cases\" target=\"_blank\" rel=\"noopener noreferrer\">ECDC<\/a>,\u00a0<a href=\"http:\/\/www.nhc.gov.cn\/xcs\/yqtb\/list_gzbd.shtml\" target=\"_blank\" rel=\"noopener noreferrer\">NHC\u00a0<\/a>and\u00a0<a href=\"https:\/\/3g.dxy.cn\/newh5\/view\/pneumonia?scene=2&amp;clicktime=1579582238&amp;enterid=1579582238&amp;from=singlemessage&amp;isappinstalled=0\" target=\"_blank\" rel=\"noopener noreferrer\">DXY<\/a>.<\/em><\/p>\n<table border=\"1\" cellpadding=\"1\" cellspacing=\"1\" style=\"width:80%;\">\n<caption>\n<p style=\"text-align: center;\">Les 20 pays du monde enregistrant le plus de cas positifs au coronavirus au samedi 28\u00a0mars\u00a0\u00e0 09h35<\/p>\n<\/caption>\n<thead>\n<tr>\n<th scope=\"col\" style=\"text-align: center;\">PAYS<\/th>\n<th scope=\"col\" style=\"text-align: center;\">CAS CONFIRMES DE CORONAVIRUS<\/th>\n<\/tr>\n<\/thead>\n<tbody>\n<tr>\n<td style=\"text-align: center; width: 231px;\"><strong>\u00a0Etats-Unis <\/strong><\/td>\n<td style=\"text-align: center;\"><b>104 837<\/b><\/td>\n<\/tr>\n<tr>\n<td style=\"text-align: center; width: 231px;\"><strong>Italie<\/strong><\/td>\n<td style=\"text-align: center;\"><b>86 498<\/b><\/td>\n<\/tr>\n<tr>\n<td style=\"text-align: center; width: 231px;\"><strong>Chine<\/strong><\/td>\n<td style=\"text-align: center;\"><b>81\u00a0736<\/b><\/td>\n<\/tr>\n<tr>\n<td style=\"text-align: center; width: 231px;\"><strong>Espagne<\/strong><\/td>\n<td style=\"text-align: center;\"><b>64 059<\/b><\/td>\n<\/tr>\n<tr>\n<td style=\"text-align: center; width: 231px;\"><strong>Allemagne<\/strong><\/td>\n<td style=\"text-align: center;\"><b>50 178<\/b><\/td>\n<\/tr>\n<tr>\n<td style=\"text-align: center; width: 231px;\"><strong>Iran<\/strong><\/td>\n<td style=\"text-align: center;\"><b>32 332<\/b><\/td>\n<\/tr>\n<tr>\n<td style=\"text-align: center; width: 231px;\"><b>France<\/b><\/td>\n<td style=\"text-align: center;\"><b>32 964<\/b><\/td>\n<\/tr>\n<tr>\n<td style=\"text-align: center; width: 231px;\"><strong>Suisse<\/strong><\/td>\n<td style=\"text-align: center;\"><b>12 928<\/b><\/td>\n<\/tr>\n<tr>\n<td style=\"text-align: center; width: 231px;\"><strong>Royaume-Uni<\/strong><\/td>\n<td style=\"text-align: center;\"><b>14 743<\/b><\/td>\n<\/tr>\n<tr>\n<td style=\"text-align: center; width: 231px;\"><strong>R\u00e9publique de Cor\u00e9e<\/strong><\/td>\n<td style=\"text-align: center;\"><strong>9 332<\/strong><\/td>\n<\/tr>\n<tr>\n<td style=\"text-align: center; width: 231px;\"><strong>Pays-Bas <\/strong><\/td>\n<td style=\"text-align: center;\"><b>8 641<\/b><\/td>\n<\/tr>\n<tr>\n<td style=\"text-align: center; width: 231px;\"><strong>Autriche<\/strong><\/td>\n<td style=\"text-align: center;\">\n<p><b>7 642<\/b><\/p>\n<\/td>\n<\/tr>\n<tr>\n<td style=\"text-align: center; width: 231px;\"><strong>Belgique<\/strong><\/td>\n<td style=\"text-align: center;\"><b>7 284<\/b><\/td>\n<\/tr>\n<tr>\n<td style=\"text-align: center; width: 231px;\"><strong>Canada<\/strong><\/td>\n<td style=\"text-align: center;\"><b>4 613<\/b><\/td>\n<\/tr>\n<tr>\n<td style=\"text-align: center; width: 231px;\"><strong>Norv\u00e8ge <\/strong><\/td>\n<td style=\"text-align: center;\"><b>3 717<\/b><\/td>\n<\/tr>\n<tr>\n<td style=\"text-align: center; width: 231px;\"><b>Portugal<\/b><\/td>\n<td style=\"text-align: center;\"><b>4 268<\/b><\/td>\n<\/tr>\n<tr>\n<td style=\"text-align: center; width: 231px;\"><strong>Australie<\/strong><\/td>\n<td style=\"text-align: center;\"><b>3 143<\/b><\/td>\n<\/tr>\n<tr>\n<td style=\"text-align: center; width: 231px;\"><strong>Br\u00e9sil<\/strong><\/td>\n<td style=\"text-align: center;\"><b>3 027<\/b><\/td>\n<\/tr>\n<tr>\n<td style=\"text-align: center; width: 231px;\"><strong>Su\u00e8de<\/strong><\/td>\n<td style=\"text-align: center;\"><b>3 046<\/b><\/td>\n<\/tr>\n<tr>\n<td style=\"text-align: center; width: 231px;\"><strong>Israel<\/strong><\/td>\n<td style=\"text-align: center;\"><b>3 035<\/b><\/td>\n<\/tr>\n<tr>\n<td style=\"text-align: center; width: 231px;\"><strong>Autres<\/strong><\/td>\n<td style=\"text-align: center;\">48 367<\/td>\n<\/tr>\n<tr>\n<td style=\"text-align: center; width: 231px;\"><u><strong>TOTAL<\/strong><\/u><\/td>\n<td style=\"text-align: center;\"><b>598 245<\/b><\/td>\n<\/tr>\n<\/tbody>\n<\/table>\n<blockquote>\n<p style=\"text-align: right;\">\u00a0<\/p>\n<\/blockquote>\n<p>&gt; <strong><a href=\"https:\/\/gisanddata.maps.arcgis.com\/apps\/opsdashboard\/index.html#\/bda7594740fd40299423467b48e9ecf6\" target=\"_blank\" rel=\"noopener noreferrer\">Voir le nombre de cas dans d&rsquo;autres pays\u00a0<\/a><\/strong><\/p>\n<p><em>Sources\u00a0:\u00a0<a href=\"https:\/\/www.who.int\/emergencies\/diseases\/novel-coronavirus-2019\/situation-reports\" target=\"_blank\" rel=\"noopener noreferrer\">WHO<\/a>,\u00a0<a href=\"https:\/\/www.cdc.gov\/coronavirus\/2019-ncov\/index.html\" target=\"_blank\" rel=\"noopener noreferrer\">CDC<\/a>,\u00a0<a href=\"https:\/\/www.ecdc.europa.eu\/en\/geographical-distribution-2019-ncov-cases\" target=\"_blank\" rel=\"noopener noreferrer\">ECDC<\/a>,\u00a0<a href=\"http:\/\/www.nhc.gov.cn\/xcs\/yqtb\/list_gzbd.shtml\" target=\"_blank\" rel=\"noopener noreferrer\">NHC\u00a0<\/a>and\u00a0<a href=\"https:\/\/3g.dxy.cn\/newh5\/view\/pneumonia?scene=2&amp;clicktime=1579582238&amp;enterid=1579582238&amp;from=singlemessage&amp;isappinstalled=0\" target=\"_blank\" rel=\"noopener noreferrer\">DXY<\/a>.<\/em><\/p>\n<p>Le pr\u00e9sident de la R\u00e9publique a annonc\u00e9 le 16 mars la <strong>fermeture des fronti\u00e8res de l&rsquo;Europe et de l&rsquo;espace Schengen. <\/strong>Concr\u00e8tement, tous les <strong>voyages entre les pays non-Europ\u00e9ens et l&rsquo;UE sont suspendus pendant 30\u00a0jours<\/strong>\u00a0\u00e0 compter du mardi 17 mars. Il est de mani\u00e8re g\u00e9n\u00e9rale pr\u00e9f\u00e9rable de diff\u00e9rer les d\u00e9placements \u00e0 l&rsquo;\u00e9tranger (y compris les croisi\u00e8res)\u00a0compte tenu de l&rsquo;\u00e9volution de l&rsquo;\u00e9pid\u00e9mie de Coronavirus <a href=\"https:\/\/sante.journaldesfemmes.fr\/maladies\/2619933-covid-19-premiers-symptomes-personnes-a-risque-combien-de-temps-coronavirus\/\" target=\"_blank\" rel=\"noopener noreferrer\">Covid-19<\/a>\u00a0et des mesures restrictives prises par certains pays : interdiction d&rsquo;entr\u00e9e sur le territoire, isolement obligatoire, mesures de d\u00e9tection des sympt\u00f4mes&#8230; \u00e0 l&rsquo;\u00e9gard des voyageurs en provenance de France. Les personnes qui pr\u00e9sentent des sympt\u00f4mes potentiellement li\u00e9s au coronavirus Covid-19\u00a0doivent imp\u00e9rativement \u00e9viter tout d\u00e9placement \u00e0 l&rsquo;\u00e9tranger.\u00a0<\/p>\n<p>L&rsquo;Italie est le pays d&rsquo;Europe le plus touch\u00e9 par l&rsquo;\u00e9pid\u00e9mie de coronavirus avec <strong>9 134 d\u00e9c\u00e8s li\u00e9s au coronavirus au 27\u00a0mars (soit le double observ\u00e9 en Chine) et plus de 86 000\u00a0malades dans le pays.\u00a0\u00a0<\/strong>Le lundi <strong>9\u00a0mars,<\/strong> le Pr\u00e9sident du Conseil, Giuseppe Conte, a annonc\u00e9 la <strong>mise en\u00a0quarantaine<\/strong> de tout le territoire soit le <strong>confinement total des 15 millions d&rsquo;Italiens\u00a0jusqu&rsquo;au 3\u00a0avril (renouvelable).\u00a0<\/strong>Les transports et les services publics essentiels continuent \u00e0 fonctionner.<br \/>Il a sinon \u00e9t\u00e9 d\u00e9cid\u00e9 d&rsquo;appliquer des mesures pour beaucoup\u00a0similaires \u00e0 la France\u00a0:<\/p>\n<p>Les d\u00e9placements sont limit\u00e9s sur tout le territoire, sauf pour des raisons professionnelles attest\u00e9es ou de premi\u00e8re n\u00e9cessit\u00e9. Un\u00a0<a href=\"https:\/\/www.interno.gov.it\/it\/notizie\/area-contenimento-rafforzato-estesa-tutta-italia-lemergenza-coronavirus\" rel=\"external noopener noreferrer\" target=\"_blank\" title=\"lien externe\">formulaire d&rsquo;auto-d\u00e9claration<\/a>\u00a0a \u00e9t\u00e9 mis en ligne sur le site du minist\u00e8re de l&rsquo;int\u00e9rieur italien afin de pr\u00e9ciser le motif du\u00a0d\u00e9placement et de faciliter les contr\u00f4les des forces de l&rsquo;ordre. En cas de non-respect des r\u00e8gles \u00e9dict\u00e9es par le d\u00e9cret gouvernemental, les forces de l&rsquo;ordre peuvent arr\u00eater le contrevenant, qui encourt jusqu&rsquo;\u00e0 trois mois d&#8217;emprisonnement ou une <strong>amende <\/strong>allant jusqu&rsquo;\u00e0<strong> 206\u00a0euros<\/strong>.\u00a0<\/p>\n<div style=\"text-align:center\">\n<figure class=\"image\" style=\"display:inline-block\"><a class=\"fancy\" href=\"https:\/\/img-3.journaldesfemmes.fr\/Tokqb4whQOYG56PMV3MGNX6fdSY=\/1080x\/smart\/55fa735b87a64be98f25d1f6d5396391\/ccmcms-jdf\/14504599.jpg\"><img decoding=\"async\" alt=\"cas confirm\u00e9s de coronavirus en Europe et au Royaume-uni\" src=\"https:\/\/img-3.journaldesfemmes.fr\/Tokqb4whQOYG56PMV3MGNX6fdSY=\/1080x\/smart\/55fa735b87a64be98f25d1f6d5396391\/ccmcms-jdf\/14504599.jpg\"\/><\/a><figcaption data-credit=\"ECDC Europa\" data-legend=\"Cas confirm\u00e9s de coronavirus en Europe et au Royaume-Uni au 22 mars 2020.\">Cas confirm\u00e9s de coronavirus en Europe et au Royaume-Uni au 22 mars 2020. <small>\u00a9\u00a0ECDC Europa<\/small><\/figcaption><\/figure>\n<\/div>\n<p>L&rsquo;\u00e9pid\u00e9mie s&rsquo;aggrave en Espagne avec une hausse de 32% du\u00a0nombre de d\u00e9c\u00e8s en un jour et de 25% du nombre de\u00a0cas. L&rsquo;<strong>Espagne<\/strong>\u00a0comptabilise d\u00e9sormais<strong>\u00a05 138\u00a0d\u00e9c\u00e8s et\u00a0plus de 65\u00a0700\u00a0cas<\/strong> confirm\u00e9s\u00a0au 28\u00a0mars, c&rsquo;est\u00a0le deuxi\u00e8me pays le plus touch\u00e9 en Europe et le quatri\u00e8me dans le monde. La r\u00e9gion de Madrid est la plus touch\u00e9e, devant la Catalogne, le Pays basque et l&rsquo;Andalousie.\u00a0Le Premier ministre espagnol Pedro Sanchez a pris des mesures de confinement de la population depuis samedi 14\u00a0mars au soir,\u00a0 impliquant l&rsquo;<strong>interdiction de circuler dans les rues<\/strong> <strong>sauf pour aller travailler<\/strong>, faire des courses (acheter du pain&#8230;) et se soigner. <strong>Le confinement est prolong\u00e9 jusqu&rsquo;au 14 avril.<\/strong> Les forces de l&rsquo;ordre sont charg\u00e9es de s&rsquo;assurer du respect de cette interdiction. Les commerces jug\u00e9s non-essentiels sont ferm\u00e9s dans\u00a0tout le pays.<\/p>\n<aside id=\"NL_756667445\" class=\"newsletter_subscription jNlBlock\"><noscript><br \/>\n            <\/noscript><\/p>\n<h3 class=\"newsletter_subscription-title\">Newsletter <\/h3>\n<p><a href=\"\/\/mailing.ccmbg.com\/archive\/last-85\" target=\"_blank\" class=\"a_hover\" rel=\"noopener noreferrer\">Voir un exemple<\/a><\/p>\n<\/aside>\n<p>Apparu en Chine en d\u00e9cembre 2019 sur un march\u00e9 locale de Wuhan, le coronavirus y a fait de nombreuses victimes. Sur les 380 000\u00a0malades recens\u00e9s dans le monde, <strong>82 000 sont en Chine et 3 296\u00a0en sont mortes<\/strong>. Au 27 mars, l&rsquo;\u00e9pid\u00e9mie est \u00ab\u00a0quasi-\u00e9teinte\u00a0\u00bb en Chine selon le Directeur g\u00e9n\u00e9ral de la Sant\u00e9, J\u00e9r\u00f4me Salomon.\u00a0P\u00e9kin a annonc\u00e9 jeudi 26 mars la fermeture temporaire de\u00a0ses fronti\u00e8res \u00e0 la plupart des \u00e9trangers et va r\u00e9duire ses vols internationaux d\u00e8s samedi 28 mars pour \u00e9viter l&rsquo;importation de nouveaux cas de coronavirus et une reprise de l&rsquo;\u00e9pid\u00e9mie.<\/p>\n<p><u><strong>Autres actualit\u00e9s li\u00e9es au coronavirus\u00a0:\u00a0<\/strong><\/u><\/p>\n<table border=\"1\" cellpadding=\"1\" cellspacing=\"1\" style=\"width:100%;\">\n<thead>\n<tr>\n<th scope=\"col\" style=\"text-align: center;\"><strong>DATES CL\u00c9S DE L&rsquo;\u00c9PID\u00c9MIE<\/strong><\/th>\n<\/tr>\n<\/thead>\n<tbody>\n<tr>\n<td>\n<ul>\n<li><strong>Le 31\u00a0d\u00e9cembre 2019,<\/strong> l&rsquo;Organisation mondiale de la Sant\u00e9 en Chine est inform\u00e9e de plusieurs cas de pneumonies dans la ville de Wuhan. 44\u00a0personnes sont infect\u00e9es entre cette date et le 3\u00a0janvier 2020.<\/li>\n<li><strong>Le 7\u00a0janvier 2020, <\/strong>les autorit\u00e9s chinoises identifient un \u00ab\u00a0nouveau type de coronavirus\u00a0\u00bb.<\/li>\n<li><strong>Le 13\u00a0janvier, <\/strong>un cas import\u00e9 est recens\u00e9 en Tha\u00eflande.<\/li>\n<li><strong>Le 15\u00a0janvier<\/strong>, le virus cause\u00a0la mort d&rsquo;<strong>une premi\u00e8re\u00a0personne \u00e0 Wuhan<\/strong>, un homme de 69\u00a0ans.\u00a0<\/li>\n<li><strong>Le 23\u00a0janvier,<\/strong> trois villes chinoises dont Wuhan sont plac\u00e9es en quarantaine.<\/li>\n<li><strong>Le 25\u00a0janvier, trois personnes\u00a0contamin\u00e9es sont recens\u00e9es en France<\/strong>, deux \u00e0 Paris et une Bordeaux. Ce sont les premiers cas enregistr\u00e9s sur le continent europ\u00e9en.<\/li>\n<li><strong>Le 30\u00a0janvier, <\/strong>l&rsquo;Organisation mondiale de la Sant\u00e9 <strong>d\u00e9cr\u00e8te\u00a0l&rsquo;<a href=\"https:\/\/sante.journaldesfemmes.fr\/maladies\/2608035-urgence-de-sante-publique-de-portee-internationale-definition-oms-coronavirus\/\" target=\"_blank\" rel=\"noopener noreferrer\">urgence de sant\u00e9 mondiale<\/a><\/strong>.\u00a0Cette mesure n&rsquo;avait \u00e9t\u00e9 d\u00e9cr\u00e9t\u00e9e que 5\u00a0fois depuis sa cr\u00e9ation (pour Ebola (deux fois), la grippe H1N1, Zika et la poliomy\u00e9lite).\u00a0<\/li>\n<li><strong>Le 23 f\u00e9vrier, <\/strong>la France d\u00e9clenche le <a href=\"https:\/\/sante.journaldesfemmes.fr\/maladies\/2622449-plan-orsan-reb-definition-signification-qui-declenche-coronavirus-definition\/\" target=\"_blank\" rel=\"noopener noreferrer\">plan ORSAN<\/a>, un dispositif exceptionnel d&rsquo;organisation des soins.<\/li>\n<li><strong>Le 28 f\u00e9vrier,<\/strong> la France passe en stade 2 de l&rsquo;\u00e9pid\u00e9mie.<\/li>\n<li><strong>Le 11 mars, <\/strong>l&rsquo;OMS classifie de <strong>pand\u00e9mie <\/strong>la diffusion de la maladie \u00e0 coronavirus Covid-19 dans le monde.<\/li>\n<li><strong>Le 12\u00a0mars<\/strong>, le pr\u00e9sident de la R\u00e9publique Emmanuel Macron annonce la fermeture nationale des cr\u00e8ches et \u00e9tablissements scolaires de France \u00e0 compter du 16\u00a0mars et \u00ab\u00a0jusqu&rsquo;\u00e0 nouvel ordre\u00a0\u00bb.<\/li>\n<li><strong>Le 13 mars<\/strong>, l&rsquo;OMS d\u00e9signe d\u00e9sormais l&rsquo;Europe comme \u00e9picentre.<\/li>\n<li><strong>Le 14 mars<\/strong>, la France passe au <a href=\"https:\/\/sante.journaldesfemmes.fr\/maladies\/2625289-coronavirus-stade-3-4-2-1-france-mesures-ecole-travail-gouvernement\/\" target=\"_blank\" rel=\"noopener noreferrer\"><strong>stade 3 <\/strong><\/a>de l&rsquo;\u00e9pid\u00e9mie.<\/li>\n<li><strong>Le 16 mars, <\/strong>l&rsquo;Europe <a href=\"http:\/\/www.affinite.fr\/index.php\/2022\/10\/22\/la-creme-glacee-la-nouvelle-culture-commerciale\/\">ferme<\/a> ses fronti\u00e8res ainsi que celles de l&rsquo;espace Schengen. La France met en place un dispositif de confinement interdisant les d\u00e9placements.<\/li>\n<li><strong>Le 20 mars<\/strong>, plusieurs villes fran\u00e7aises, dont Nice, Montpellier, Perpignan, Arras&#8230; imposent un <strong>couvre-feu<\/strong> le soir et la nuit.<\/li>\n<li><strong>Le 26 mars<\/strong>, un premier cas jeune meurt en France, une adolescente de 16 ans, en Ile-de-France.<\/li>\n<li><strong>Le 27 mars,<\/strong> le confinement de la population est renouvel\u00e9 jusqu&rsquo;au 15 avril.<\/li>\n<\/ul>\n<\/td>\n<\/tr>\n<\/tbody>\n<\/table>\n<\/div>\n<p>[ad_2]<br \/>\n<br \/><a href=\"https:\/\/sante.journaldesfemmes.fr\/maladies\/2605417-coronavirus-france-actualite-direct-carte-cas-deces-courbe-pic-italie-symptome-monde-prolongement-chine-italie-espagne-etats-unis\/\">Source link <\/a><\/p>\n","protected":false},"excerpt":{"rendered":"<p>[ad_1] CORONAVIRUS EN DIRECT &#8211; Dans le monde, 598\u00a0000\u00a0personnes ont \u00e9t\u00e9 contamin\u00e9es par le coronavirus et 27\u00a0000\u00a0en sont mortes. En &hellip; <a href=\"http:\/\/www.affinite.fr\/index.php\/2020\/03\/28\/en-direct-le-confinement-prolonge-jusquau-15-avril\/\" class=\"more-link\">Plus <span class=\"screen-reader-text\">en direct, le confinement prolong\u00e9 jusqu&rsquo;au 15\u00a0avril<\/span> <span class=\"meta-nav\">&rarr;<\/span><\/a><\/p>\n","protected":false},"author":1,"featured_media":1255,"comment_status":"open","ping_status":"open","sticky":false,"template":"","format":"standard","meta":{"_sitemap_exclude":false,"_sitemap_priority":"","_sitemap_frequency":"","footnotes":""},"categories":[1],"tags":[],"class_list":["post-1254","post","type-post","status-publish","format-standard","has-post-thumbnail","hentry","category-tous"],"_links":{"self":[{"href":"http:\/\/www.affinite.fr\/index.php\/wp-json\/wp\/v2\/posts\/1254"}],"collection":[{"href":"http:\/\/www.affinite.fr\/index.php\/wp-json\/wp\/v2\/posts"}],"about":[{"href":"http:\/\/www.affinite.fr\/index.php\/wp-json\/wp\/v2\/types\/post"}],"author":[{"embeddable":true,"href":"http:\/\/www.affinite.fr\/index.php\/wp-json\/wp\/v2\/users\/1"}],"replies":[{"embeddable":true,"href":"http:\/\/www.affinite.fr\/index.php\/wp-json\/wp\/v2\/comments?post=1254"}],"version-history":[{"count":0,"href":"http:\/\/www.affinite.fr\/index.php\/wp-json\/wp\/v2\/posts\/1254\/revisions"}],"wp:featuredmedia":[{"embeddable":true,"href":"http:\/\/www.affinite.fr\/index.php\/wp-json\/wp\/v2\/media\/1255"}],"wp:attachment":[{"href":"http:\/\/www.affinite.fr\/index.php\/wp-json\/wp\/v2\/media?parent=1254"}],"wp:term":[{"taxonomy":"category","embeddable":true,"href":"http:\/\/www.affinite.fr\/index.php\/wp-json\/wp\/v2\/categories?post=1254"},{"taxonomy":"post_tag","embeddable":true,"href":"http:\/\/www.affinite.fr\/index.php\/wp-json\/wp\/v2\/tags?post=1254"}],"curies":[{"name":"wp","href":"https:\/\/api.w.org\/{rel}","templated":true}]}}