{"id":12529,"date":"2025-11-28T21:53:40","date_gmt":"2025-11-28T21:53:40","guid":{"rendered":"https:\/\/www.affinite.fr\/index.php\/2025\/11\/28\/en-italie-ce-sapin-de-noel-detient-un-record-du-monde-depuis-34-ans\/"},"modified":"2025-11-28T21:53:40","modified_gmt":"2025-11-28T21:53:40","slug":"en-italie-ce-sapin-de-noel-detient-un-record-du-monde-depuis-34-ans","status":"publish","type":"post","link":"http:\/\/www.affinite.fr\/index.php\/2025\/11\/28\/en-italie-ce-sapin-de-noel-detient-un-record-du-monde-depuis-34-ans\/","title":{"rendered":"En Italie, ce sapin de No\u00ebl d\u00e9tient un record du monde depuis 34\u00a0ans"},"content":{"rendered":"<p> [ad_1]<br \/>\n<\/p>\n<p>\n                            No\u00ebl est (d\u00e9j\u00e0) \u00e0 nos portes\u00a0! Les fleuristes vendent les premiers sapins et l&rsquo;heure est venue de sortir du placard les d\u00e9cos \u00e0 poser sur les branches. En Italie, un sapin XXL s&rsquo;illumine tous les ans depuis plus de trois d\u00e9cennies.<\/p>\n<div>\n<p>Alors que les march\u00e9s de No\u00ebl ont ouvert leurs portes, l&rsquo;esprit des f\u00eates s&#8217;empare du plus grand monde. Vin chaud, illuminations, playlist qui crache les notes de l&rsquo;incontournable tube hivernal <em>All I Want For Christmas Is You<\/em>, cadeaux \u00e0 faire&#8230; La p\u00e9riode est f\u00e9\u00e9rique. Et il n&rsquo;y pas qu&rsquo;\u00e0 Strasbourg que les touristes se pressent pour profiter de l&rsquo;ambiance de No\u00ebl. Dans ce village italien se trouve ainsi un sapin unique au monde qui met des \u00e9toiles dans les yeux des visiteurs.<\/p>\n<p>A Gubbio, une ville de la r\u00e9gion italienne d&rsquo;Ombrie, un sapin de No\u00ebl format XXL s&rsquo;illumine chaque ann\u00e9e en d\u00e9cembre. Et il m\u00e9rite le d\u00e9tour tant il est devenu embl\u00e9matique. Il faut dire qu&rsquo;il d\u00e9tient un record : celui du plus grand arbre de No\u00ebl du monde. Un titre d\u00e9croch\u00e9 en 1991 lorsqu&rsquo;il a \u00e9t\u00e9 inscrit au Livre Guinness des records. Et les chiffres prouvent sa grandeur car il mesure 650 m\u00e8tres, est compos\u00e9 de plus de 300 sources lumineuses, lesquelles sont reli\u00e9es par 8500 m\u00e8tres de c\u00e2bles \u00e9lectriques. On le voit \u00e0 des kilom\u00e8tres \u00e0 la ronde, pr\u00e9cis\u00e9ment sur 50 kilom\u00e8tres ! D&rsquo;autant plus que le sapin est install\u00e9 sur les pentes du Mont Ingino, donc tr\u00e8s en hauteur.<\/p>\n<div style=\"text-align:center\">\n<figure class=\"image\" style=\"display:inline-block\"><a class=\"fancy\" href=\"https:\/\/img-3.journaldesfemmes.fr\/ykT-m5crcn8GRuycyEXSOtfYj5Q=\/1080x\/smart\/b49697f1667f49028c1b3581f8c2a613\/ccmcms-jdf\/40056594.jpg\"><img decoding=\"async\" alt=\"\" src=\"https:\/\/img-3.journaldesfemmes.fr\/SETMZe0h6qYm2sH7_Qjt8_TZ40s=\/600x\/smart\/b49697f1667f49028c1b3581f8c2a613\/ccmcms-jdf\/40056594.jpg\"\/><\/a><figcaption data-credit=\"SIPA \"><small>\u00a9\u00a0SIPA <\/small><\/figcaption><\/figure>\n<\/div>\n<p>Et l&rsquo;installation lumineuse de cet arbre de No\u00ebl n&rsquo;est pas qu&rsquo;esth\u00e9tique. En effet, il est possible de d\u00e9dier une des lumi\u00e8res du sapin \u00e0 une personne ch\u00e8re via l&rsquo;op\u00e9ration <em>Adopte une lumi\u00e8re<\/em>. Pour la somme de 15 euros, on peut \u00eatre le bref propri\u00e9taire d&rsquo;une des lumi\u00e8res multicolores de l&rsquo;\u0153uvre et y adosser un message. Ainsi, certains ont \u00e9crit quelques mots \u00e0 des proches disparus, d&rsquo;autres ont clam\u00e9 leur amour \u00e0 l&rsquo;\u00eatre cher et d&rsquo;autres encore ont partag\u00e9 des citations religieuses ou des messages de paix. Une belle initiative qui colle avec l&rsquo;esprit des f\u00eates, v\u00e9ritable moment de partage, de bonheur et de retrouvailles.<\/p>\n<p>La c\u00e9r\u00e9monie d&rsquo;allumage officielle de cet arbre de No\u00ebl pas comme les autres se tiendra le 7\u00a0d\u00e9cembre \u00e0 18h, au son de la musique.\u00a0L&rsquo;arbre sera ensuite illumin\u00e9 chaque soir \u00e0 partir de 17h et jusqu&rsquo;\u00e0 tard dans la nuit, durant toute la p\u00e9riode des f\u00eates et ce jusqu&rsquo;au dimanche suivant l&rsquo;\u00c9piphanie.<\/p>\n<\/p><\/div>\n<p>[ad_2]<br \/>\n<br \/><a href=\"https:\/\/www.journaldesfemmes.fr\/loisirs\/voyages\/3248922-en-italie-ce-sapin-de-noel-detient-un-record-du-monde-depuis-34-ans\/\">Source link <\/a><\/p>\n","protected":false},"excerpt":{"rendered":"<p>[ad_1] No\u00ebl est (d\u00e9j\u00e0) \u00e0 nos portes\u00a0! Les fleuristes vendent les premiers sapins et l&rsquo;heure est venue de sortir du &hellip; <a href=\"http:\/\/www.affinite.fr\/index.php\/2025\/11\/28\/en-italie-ce-sapin-de-noel-detient-un-record-du-monde-depuis-34-ans\/\" class=\"more-link\">Plus <span class=\"screen-reader-text\">En Italie, ce sapin de No\u00ebl d\u00e9tient un record du monde depuis 34\u00a0ans<\/span> <span class=\"meta-nav\">&rarr;<\/span><\/a><\/p>\n","protected":false},"author":1,"featured_media":12530,"comment_status":"","ping_status":"open","sticky":false,"template":"","format":"standard","meta":{"_sitemap_exclude":false,"_sitemap_priority":"","_sitemap_frequency":"","footnotes":""},"categories":[1],"tags":[],"class_list":["post-12529","post","type-post","status-publish","format-standard","has-post-thumbnail","hentry","category-tous"],"_links":{"self":[{"href":"http:\/\/www.affinite.fr\/index.php\/wp-json\/wp\/v2\/posts\/12529"}],"collection":[{"href":"http:\/\/www.affinite.fr\/index.php\/wp-json\/wp\/v2\/posts"}],"about":[{"href":"http:\/\/www.affinite.fr\/index.php\/wp-json\/wp\/v2\/types\/post"}],"author":[{"embeddable":true,"href":"http:\/\/www.affinite.fr\/index.php\/wp-json\/wp\/v2\/users\/1"}],"replies":[{"embeddable":true,"href":"http:\/\/www.affinite.fr\/index.php\/wp-json\/wp\/v2\/comments?post=12529"}],"version-history":[{"count":0,"href":"http:\/\/www.affinite.fr\/index.php\/wp-json\/wp\/v2\/posts\/12529\/revisions"}],"wp:featuredmedia":[{"embeddable":true,"href":"http:\/\/www.affinite.fr\/index.php\/wp-json\/wp\/v2\/media\/12530"}],"wp:attachment":[{"href":"http:\/\/www.affinite.fr\/index.php\/wp-json\/wp\/v2\/media?parent=12529"}],"wp:term":[{"taxonomy":"category","embeddable":true,"href":"http:\/\/www.affinite.fr\/index.php\/wp-json\/wp\/v2\/categories?post=12529"},{"taxonomy":"post_tag","embeddable":true,"href":"http:\/\/www.affinite.fr\/index.php\/wp-json\/wp\/v2\/tags?post=12529"}],"curies":[{"name":"wp","href":"https:\/\/api.w.org\/{rel}","templated":true}]}}