{"id":1252,"date":"2020-03-28T08:52:26","date_gmt":"2020-03-28T08:52:26","guid":{"rendered":"https:\/\/www.affinite.fr\/index.php\/2020\/03\/28\/le-developpement-reprend-mais-la-version-82-est-bel-et-bien-annulee\/"},"modified":"2020-03-28T08:52:26","modified_gmt":"2020-03-28T08:52:26","slug":"le-developpement-reprend-mais-la-version-82-est-bel-et-bien-annulee","status":"publish","type":"post","link":"http:\/\/www.affinite.fr\/index.php\/2020\/03\/28\/le-developpement-reprend-mais-la-version-82-est-bel-et-bien-annulee\/","title":{"rendered":"le d\u00e9veloppement reprend, mais la version 82 est bel et bien annul\u00e9e"},"content":{"rendered":"<p> [ad_1]<br \/>\n<br \/><img decoding=\"async\" src=\"https:\/\/img.bfmtv.com\/i\/0\/0\/4a2\/e88320d17537dbb0941789d1448a1.jpeg\" \/><\/p>\n<div itemprop=\"articleBody\">\n<p>C\u2019est reparti pour Chrome. Apr\u00e8s avoir \u00e9t\u00e9 mise en pause pendant une huitaine de jours, <a href=\"https:\/\/www.01net.com\/actualites\/google-arrete-temporairement-le-developpement-de-chrome-1877808.html\" target=\"_blank\" rel=\"noopener noreferrer\">le d\u00e9veloppement du navigateur de Google <\/a>va pouvoir reprendre. Toutefois, certains ajustements ont \u00e9t\u00e9 apport\u00e9s au calendrier.\u00a0<\/p>\n<p>Ce sont tout d\u2019abord des mises \u00e0 jour de s\u00e9curit\u00e9 qui seront d\u00e9ploy\u00e9es d\u00e8s la semaine prochaine dans le canal stable. Chrome 81 y sera ensuite disponible la semaine du 7 avril. \u00c0 la mi-mai, c\u2019est la version 83 qui y sera pouss\u00e9e. Chrome 82 est quant \u00e0 lui purement et simplement annul\u00e9.\u00a0<\/p>\n<h3 style=\"color:#333; font-family:arial,helvetica,sans-serif; font-size:23px; font-weight:700\">Bient\u00f4t des infos sur Chrome 84<\/h3>\n<p style=\"color:#333; font-family:arial,helvetica,sans-serif; font-size:18px\">Le canal b\u00eata passera pour sa part \u00e0 la version 81. La version 82 \u00e9tant annul\u00e9e, les canaux Canary et Dev passeront directement \u00e0 Chrome 83. Enfin, des pr\u00e9cisions sur la version 84 seront prochainement annonc\u00e9es par Google sur son blog d\u00e9di\u00e9.\u00a0<\/p>\n<aside class=\"bg-color-0 padding-inside-all-s bloc border-s\">\n<h4 class=\"box-txt-normal\">\n<p><strong>A d\u00e9couvrir aussi en vid\u00e9o<\/strong><\/p>\n<\/h4>\n<\/aside>\n<p>La reprise du d\u00e9veloppement permettra \u00e9galement \u00e0 tous les navigateurs utilisant Chromium de reprendre au fur et \u00e0 mesure leurs mises \u00e0 jour, qu\u2019il s\u2019agisse d\u2019Opera, Brave, Vivaldi <a href=\"https:\/\/www.01net.com\/actualites\/microsoft-le-navigateur-edge-base-sur-chromium-est-disponible-en-version-finale-1841425.html\" target=\"_blank\" rel=\"noopener noreferrer\">et d\u00e9sormais Edge<\/a>.<\/p>\n<p><strong>Source : <a href=\"https:\/\/chromereleases.googleblog.com\/2020\/03\/chrome-and-chrome-os-release-updates.html\" target=\"_blank\" rel=\"noopener noreferrer\">Google<\/a><\/strong><\/p>\n<\/p><\/div>\n<p><script>\n         !function(f,b,e,v,n,t,s){if(f.fbq)return;n=f.fbq=function()\n         {n.callMethod? n.callMethod.apply(n,arguments):n.queue.push(arguments)}\n         ;if(!f._fbq)f._fbq=n;\n             n.push=n;n.loaded=!0;n.version='2.0';n.queue=[];t=b.createElement(e);t.async=!0;\n             t.src=v;s=b.getElementsByTagName(e)[0];s.parentNode.insertBefore(t,s)}(window,\n                 document,'script','https:\/\/connect.facebook.net\/en_US\/fbevents.js');\n         fbq('init', '1065890633454496');\n         fbq('track', 'PageView');\n     <\/script><br \/>\n<br \/>[ad_2]<br \/>\n<br \/><a href=\"https:\/\/www.01net.com\/actualites\/google-chrome-le-developpement-reprend-mais-la-version-82-est-bel-et-bien-annulee-1883382.html\">Source link <\/a><\/p>\n","protected":false},"excerpt":{"rendered":"<p>[ad_1] C\u2019est reparti pour Chrome. Apr\u00e8s avoir \u00e9t\u00e9 mise en pause pendant une huitaine de jours, le d\u00e9veloppement du navigateur &hellip; <a href=\"http:\/\/www.affinite.fr\/index.php\/2020\/03\/28\/le-developpement-reprend-mais-la-version-82-est-bel-et-bien-annulee\/\" class=\"more-link\">Plus <span class=\"screen-reader-text\">le d\u00e9veloppement reprend, mais la version 82 est bel et bien annul\u00e9e<\/span> <span class=\"meta-nav\">&rarr;<\/span><\/a><\/p>\n","protected":false},"author":1,"featured_media":1253,"comment_status":"open","ping_status":"open","sticky":false,"template":"","format":"standard","meta":{"_sitemap_exclude":false,"_sitemap_priority":"","_sitemap_frequency":"","footnotes":""},"categories":[1],"tags":[],"class_list":["post-1252","post","type-post","status-publish","format-standard","has-post-thumbnail","hentry","category-tous"],"_links":{"self":[{"href":"http:\/\/www.affinite.fr\/index.php\/wp-json\/wp\/v2\/posts\/1252"}],"collection":[{"href":"http:\/\/www.affinite.fr\/index.php\/wp-json\/wp\/v2\/posts"}],"about":[{"href":"http:\/\/www.affinite.fr\/index.php\/wp-json\/wp\/v2\/types\/post"}],"author":[{"embeddable":true,"href":"http:\/\/www.affinite.fr\/index.php\/wp-json\/wp\/v2\/users\/1"}],"replies":[{"embeddable":true,"href":"http:\/\/www.affinite.fr\/index.php\/wp-json\/wp\/v2\/comments?post=1252"}],"version-history":[{"count":0,"href":"http:\/\/www.affinite.fr\/index.php\/wp-json\/wp\/v2\/posts\/1252\/revisions"}],"wp:featuredmedia":[{"embeddable":true,"href":"http:\/\/www.affinite.fr\/index.php\/wp-json\/wp\/v2\/media\/1253"}],"wp:attachment":[{"href":"http:\/\/www.affinite.fr\/index.php\/wp-json\/wp\/v2\/media?parent=1252"}],"wp:term":[{"taxonomy":"category","embeddable":true,"href":"http:\/\/www.affinite.fr\/index.php\/wp-json\/wp\/v2\/categories?post=1252"},{"taxonomy":"post_tag","embeddable":true,"href":"http:\/\/www.affinite.fr\/index.php\/wp-json\/wp\/v2\/tags?post=1252"}],"curies":[{"name":"wp","href":"https:\/\/api.w.org\/{rel}","templated":true}]}}