{"id":12509,"date":"2025-11-25T21:51:37","date_gmt":"2025-11-25T21:51:37","guid":{"rendered":"http:\/\/www.affinite.fr\/index.php\/2025\/11\/25\/que-devient-micheline-beaurain-miss-france-1970-carriere-abandonnee-sa-vie-dans-le-sud\/"},"modified":"2025-11-25T21:51:37","modified_gmt":"2025-11-25T21:51:37","slug":"que-devient-micheline-beaurain-miss-france-1970-carriere-abandonnee-sa-vie-dans-le-sud","status":"publish","type":"post","link":"http:\/\/www.affinite.fr\/index.php\/2025\/11\/25\/que-devient-micheline-beaurain-miss-france-1970-carriere-abandonnee-sa-vie-dans-le-sud\/","title":{"rendered":"Que devient\u00a0Micheline Beaurain (Miss France 1970)\u00a0? Carri\u00e8re abandonn\u00e9e, sa vie dans le Sud&#8230;"},"content":{"rendered":"<p> [ad_1]<br \/>\n<\/p>\n<p>\n                            Micheline Beaurain a \u00e9t\u00e9 \u00e9lue Miss France avant m\u00eame que la c\u00e9r\u00e9monie ne soit diffus\u00e9e \u00e0 la t\u00e9l\u00e9vision. Aujourd&rsquo;hui \u00e2g\u00e9e de 75\u00a0ans, elle coule des jours heureux pr\u00e8s de sa famille. Sans jamais renier ses grandes ann\u00e9es\u00a0! Mais que devient-elle\u00a0?<\/p>\n<div>\n<p>C&rsquo;est en 1969\u00a0\u00e0 Mulhouse que le destin de Micheline Beaurain a radicalement chang\u00e9. Couronn\u00e9e Miss France 1970\u00a0alors qu&rsquo;elle n&rsquo;avait que 20\u00a0ans, et que la c\u00e9r\u00e9monie n&rsquo;\u00e9tait pas retransmise sur les petits \u00e9crans des Fran\u00e7ais, elle a ensuite march\u00e9 dans les pas d&rsquo;une certaine Genevi\u00e8ve de Fontenay.\u00a0<\/p>\n<h2>Micheline Beaurain, Miss France 1970, \u00ab\u00a0<em>extr\u00eamement active\u00a0\u00bb\u00a0<\/em>: ses plans d&rsquo;avenir<\/h2>\n<p>Aujourd&rsquo;hui \u00e2g\u00e9e de 75\u00a0ans, Micheline Beaurain, devenue depuis Micheline Blanchet, vit sur la C\u00f4te d&rsquo;Azur, \u00e0 Cannes plus pr\u00e9cis\u00e9ment, o\u00f9 elle s&rsquo;est install\u00e9e tr\u00e8s jeune avec son mari qui, lui, travaillait dans la restauration. <em>\u00ab\u00a0On travaillait ensemble et puis je suis devenue maman\u00a0\u00bb<\/em>, a-t-elle fait savoir \u00e0 nos confr\u00e8res du <a href=\"https:\/\/www.leparisien.fr\/culture-loisirs\/miss-france\/miss-france-2025-javais-gagne-mon-poids-en-bouteilles-de-vin-dalsace-se-souvient-miss-france-1970-14-12-2024-VB3GPXIEQNEYXK43536GR7PNE4.php\" target=\"_blank\" rel=\"noopener\"><em>Parisien<\/em><\/a>\u00a0l&rsquo;an dernier.<\/p>\n<p>Toujours tr\u00e8s active, la retrait\u00e9e aimerait reprendre du service\u00a0: <em>\u00ab\u00a0Il y a un truc qui me plairait aujourd&rsquo;hui, mais je ne pas comment m&rsquo;y prendre\u2026 J&rsquo;aimerais faire de la pub en tant que senior. Je suis tr\u00e8s extr\u00eamement active et j&rsquo;aimerais le rester le plus longtemps possible\u00a0\u00bb<\/em>.\u00a0<\/p>\n<div style=\"text-align:center\">\n<figure class=\"image\" style=\"display:inline-block\"><a class=\"fancy\" href=\"https:\/\/img-3.journaldesfemmes.fr\/_husXaBuBLQNtNkho9-rCIPc31A=\/1080x\/smart\/f200300fca094631a769029c3ab85ef0\/ccmcms-jdf\/40055154.jpg\"><img decoding=\"async\" alt=\"\" src=\"https:\/\/img-3.journaldesfemmes.fr\/nrA83ZDgztbfAKsvM6cePMgC1no=\/600x\/smart\/f200300fca094631a769029c3ab85ef0\/ccmcms-jdf\/40055154.jpg\"\/><\/a><figcaption data-credit=\"LIDO\/SIPA \"><small>\u00a9\u00a0LIDO\/SIPA <\/small><\/figcaption><\/figure>\n<\/div>\n<p>M\u00e8re de trois enfants, et grand-m\u00e8re \u00e0 cinq reprises, la septuag\u00e9naire aper\u00e7ue en d\u00e9cembre 2024\u00a0sur la sc\u00e8ne du Futuroscope lors de l&rsquo;\u00e9lection Miss France 2025\u00a0a m\u00eame pass\u00e9 le flambeau a l&rsquo;une de ses petites-filles. <em>\u00ab\u00a0Je lui ai transmis le virus. Elle est splendide. Tout le monde l&rsquo;a rep\u00e9r\u00e9e. Mais elle a eu d&rsquo;autres contraintes. Peut-\u00eatre l&rsquo;an prochain\u00a0\u00bb<\/em>, a-t-elle expliqu\u00e9.\u00a0<\/p>\n<h2>Micheline Beaurain se souvient de son ann\u00e9e de Miss :\u00a0<em>\u00ab\u00a0J&rsquo;ai fait plein de couvertures de magazines\u00a0\u00bb<\/em><\/h2>\n<p>Micheline Beaurain semble ne garder que de bons souvenirs de son ann\u00e9e de r\u00e8gne. <em>\u00ab\u00a0Oh l\u00e0 l\u00e0, j&rsquo;ai regrett\u00e9 de ne pas \u00eatre plus grosse\u00a0! Comme l&rsquo;\u00e9lection se d\u00e9roulait \u00e0 Mulhouse, j&rsquo;avais eu des grands vins de la r\u00e9gion, des caisses de Tokay, de Sylvaner, de Gewurtztraminer\u00a0\u00bb<\/em>, s&rsquo;est-elle souvenue, toujours dans les colonnes du <em>Parisien<\/em>. Et \u00e0 elle d&rsquo;ajouter\u00a0: <em>\u00ab\u00a0J&rsquo;ai fait plein de couvertures de magazines, et je passais beaucoup dans les \u00e9missions de vari\u00e9t\u00e9s de Maritie et Gilbert Carpentier. Michel Sardou avait chant\u00e9 Le France devant moi\u00a0\u00bb<\/em>.\u00a0<\/p>\n<p>Proche de Genevi\u00e8ve de Fontenay, elle a visiblement partag\u00e9 de grands moments avec la dame au chapeau\u00a0:<em> \u00ab\u00a0On \u00e9tait toujours cinq dans la DS, avec trois Miss derri\u00e8re. C&rsquo;est toujours Genevi\u00e8ve qui conduisait\u00a0! Louis Poirot (le compagnon de Genevi\u00e8ve de Fontenay, ndlr) mettait le fanion bleu-blanc-rouge sur la porti\u00e8re, comme un ministre. Il avait beaucoup d&rsquo;humour et pr\u00e9sentait les shows\u00a0\u00bb<\/em>.\u00a0<\/p>\n<\/p><\/div>\n<p>[ad_2]<br \/>\n<br \/><a href=\"https:\/\/www.journaldesfemmes.fr\/people\/actus\/3247952-que-devient-micheline-beaurain-miss-france-1970-carriere-abandonnee-sa-vie-dans-le-sud\/\">Source link <\/a><\/p>\n","protected":false},"excerpt":{"rendered":"<p>[ad_1] Micheline Beaurain a \u00e9t\u00e9 \u00e9lue Miss France avant m\u00eame que la c\u00e9r\u00e9monie ne soit diffus\u00e9e \u00e0 la t\u00e9l\u00e9vision. Aujourd&rsquo;hui &hellip; <a href=\"http:\/\/www.affinite.fr\/index.php\/2025\/11\/25\/que-devient-micheline-beaurain-miss-france-1970-carriere-abandonnee-sa-vie-dans-le-sud\/\" class=\"more-link\">Plus <span class=\"screen-reader-text\">Que devient\u00a0Micheline Beaurain (Miss France 1970)\u00a0? Carri\u00e8re abandonn\u00e9e, sa vie dans le Sud&#8230;<\/span> <span class=\"meta-nav\">&rarr;<\/span><\/a><\/p>\n","protected":false},"author":1,"featured_media":12510,"comment_status":"","ping_status":"open","sticky":false,"template":"","format":"standard","meta":{"_sitemap_exclude":false,"_sitemap_priority":"","_sitemap_frequency":"","footnotes":""},"categories":[1],"tags":[],"class_list":["post-12509","post","type-post","status-publish","format-standard","has-post-thumbnail","hentry","category-tous"],"_links":{"self":[{"href":"http:\/\/www.affinite.fr\/index.php\/wp-json\/wp\/v2\/posts\/12509"}],"collection":[{"href":"http:\/\/www.affinite.fr\/index.php\/wp-json\/wp\/v2\/posts"}],"about":[{"href":"http:\/\/www.affinite.fr\/index.php\/wp-json\/wp\/v2\/types\/post"}],"author":[{"embeddable":true,"href":"http:\/\/www.affinite.fr\/index.php\/wp-json\/wp\/v2\/users\/1"}],"replies":[{"embeddable":true,"href":"http:\/\/www.affinite.fr\/index.php\/wp-json\/wp\/v2\/comments?post=12509"}],"version-history":[{"count":0,"href":"http:\/\/www.affinite.fr\/index.php\/wp-json\/wp\/v2\/posts\/12509\/revisions"}],"wp:featuredmedia":[{"embeddable":true,"href":"http:\/\/www.affinite.fr\/index.php\/wp-json\/wp\/v2\/media\/12510"}],"wp:attachment":[{"href":"http:\/\/www.affinite.fr\/index.php\/wp-json\/wp\/v2\/media?parent=12509"}],"wp:term":[{"taxonomy":"category","embeddable":true,"href":"http:\/\/www.affinite.fr\/index.php\/wp-json\/wp\/v2\/categories?post=12509"},{"taxonomy":"post_tag","embeddable":true,"href":"http:\/\/www.affinite.fr\/index.php\/wp-json\/wp\/v2\/tags?post=12509"}],"curies":[{"name":"wp","href":"https:\/\/api.w.org\/{rel}","templated":true}]}}