{"id":125,"date":"2020-02-16T12:15:53","date_gmt":"2020-02-16T12:15:53","guid":{"rendered":"https:\/\/www.affinite.fr\/index.php\/2020\/02\/16\/mes-compatriotes-se-sont-ils-fait-larguer-par-le-respect-et-lhumanite-le-modeste-blog-de-miss-bavarde\/"},"modified":"2020-02-16T12:15:53","modified_gmt":"2020-02-16T12:15:53","slug":"mes-compatriotes-se-sont-ils-fait-larguer-par-le-respect-et-lhumanite-le-modeste-blog-de-miss-bavarde","status":"publish","type":"post","link":"http:\/\/www.affinite.fr\/index.php\/2020\/02\/16\/mes-compatriotes-se-sont-ils-fait-larguer-par-le-respect-et-lhumanite-le-modeste-blog-de-miss-bavarde\/","title":{"rendered":"Mes compatriotes se sont-ils fait larguer par le respect et l\u2019humanit\u00e9 ? \u2013 Le modeste blog de Miss Bavarde"},"content":{"rendered":"<p> [ad_1]<br \/>\n<\/p>\n<div>\n<p><img decoding=\"async\" data-attachment-id=\"6036\" data-permalink=\"https:\/\/blogdemissbavarde.wordpress.com\/2019\/03\/24\/mes-compatriotes-se-sont-ils-fait-largues-par-le-respect-et-lhumanite\/adventure-climb-daylight-1183986\/\" data-orig-file=\"https:\/\/blogdemissbavarde.files.wordpress.com\/2019\/03\/adventure-climb-daylight-1183986.jpg\" data-orig-size=\"5057,3359\" data-comments-opened=\"1\" data-image-meta=\"{&quot;aperture&quot;:&quot;0&quot;,&quot;credit&quot;:&quot;&quot;,&quot;camera&quot;:&quot;&quot;,&quot;caption&quot;:&quot;&quot;,&quot;created_timestamp&quot;:&quot;0&quot;,&quot;copyright&quot;:&quot;&quot;,&quot;focal_length&quot;:&quot;0&quot;,&quot;iso&quot;:&quot;0&quot;,&quot;shutter_speed&quot;:&quot;0&quot;,&quot;title&quot;:&quot;&quot;,&quot;orientation&quot;:&quot;0&quot;}\" data-image-title=\"adventure-climb-daylight-1183986\" data-image-description=\"\" data-medium-file=\"https:\/\/blogdemissbavarde.files.wordpress.com\/2019\/03\/adventure-climb-daylight-1183986.jpg?w=300\" data-large-file=\"https:\/\/blogdemissbavarde.files.wordpress.com\/2019\/03\/adventure-climb-daylight-1183986.jpg?w=736\" class=\"alignnone size-full wp-image-6036\" src=\"https:\/\/blogdemissbavarde.files.wordpress.com\/2019\/03\/adventure-climb-daylight-1183986.jpg?w=736\" alt=\"adventure-climb-daylight-1183986\" srcset=\"https:\/\/blogdemissbavarde.files.wordpress.com\/2019\/03\/adventure-climb-daylight-1183986.jpg?w=736 736w, https:\/\/blogdemissbavarde.files.wordpress.com\/2019\/03\/adventure-climb-daylight-1183986.jpg?w=1472 1472w, https:\/\/blogdemissbavarde.files.wordpress.com\/2019\/03\/adventure-climb-daylight-1183986.jpg?w=150 150w, https:\/\/blogdemissbavarde.files.wordpress.com\/2019\/03\/adventure-climb-daylight-1183986.jpg?w=300 300w, https:\/\/blogdemissbavarde.files.wordpress.com\/2019\/03\/adventure-climb-daylight-1183986.jpg?w=768 768w, https:\/\/blogdemissbavarde.files.wordpress.com\/2019\/03\/adventure-climb-daylight-1183986.jpg?w=1024 1024w\" sizes=\"(max-width: 736px) 100vw, 736px\"\/><\/p>\n<p>Oui, oui je suis toujours l\u00e0, juste tr\u00e8s occup\u00e9e par mes 3 clients en free. Mais je suis toujours l\u00e0 et aujourd\u2019hui, je l\u2019ouvre de nouveau ! Avouez que \u00e7a vous manquait ? Alors, non je ne vais pas parler de mecs, de c\u00e9libat comme tr\u00e8s souvent mais d\u2019un sujet plus large. Le respect de l\u2019autre et m\u00eame l\u2019humanit\u00e9 ont-ils largu\u00e9s mes chers (mais pas ch\u00e9ris) compatriotes fran\u00e7ais ? Franchement je me le demande. Je dirais m\u00eame oui !<\/p>\n<p>Vous savez que Twitter est mon r\u00e9seau social pr\u00e9f\u00e9r\u00e9, pourtant ce n\u2019est pas le plus tendre, car c\u2019est au quotidien un floril\u00e8ge de critiques et remarques sur tout et sur rien. Remarquez Insta ne se porte pas mieux mais c\u2019est encore diff\u00e9rent. Quand on passe un peu de temps sur l\u2019oiseau bleu, on en vient \u00e0 se demander ce qui s\u2019est pass\u00e9 pour que le monde ne soit qu\u2019empli de n\u00e9gativit\u00e9, de critiques, de moqueries et de violences en tout genre. A croire qu\u2019on s\u2019est fait largu\u00e9s en beaut\u00e9 par le respect et m\u00eame par l\u2019humanit\u00e9. Franchement les gars,il s\u2019est pass\u00e9 quoi ?<\/p>\n<p><img decoding=\"async\" data-attachment-id=\"6034\" data-permalink=\"https:\/\/blogdemissbavarde.wordpress.com\/?attachment_id=6034\" data-orig-file=\"https:\/\/blogdemissbavarde.files.wordpress.com\/2019\/02\/grass-ground-laying-1877802.jpg\" data-orig-size=\"5319,3546\" data-comments-opened=\"1\" data-image-meta=\"{&quot;aperture&quot;:&quot;0&quot;,&quot;credit&quot;:&quot;&quot;,&quot;camera&quot;:&quot;&quot;,&quot;caption&quot;:&quot;&quot;,&quot;created_timestamp&quot;:&quot;0&quot;,&quot;copyright&quot;:&quot;&quot;,&quot;focal_length&quot;:&quot;0&quot;,&quot;iso&quot;:&quot;0&quot;,&quot;shutter_speed&quot;:&quot;0&quot;,&quot;title&quot;:&quot;&quot;,&quot;orientation&quot;:&quot;0&quot;}\" data-image-title=\"grass-ground-laying-1877802\" data-image-description=\"\" data-medium-file=\"https:\/\/blogdemissbavarde.files.wordpress.com\/2019\/02\/grass-ground-laying-1877802.jpg?w=300\" data-large-file=\"https:\/\/blogdemissbavarde.files.wordpress.com\/2019\/02\/grass-ground-laying-1877802.jpg?w=736\" class=\"alignnone size-full wp-image-6034\" src=\"https:\/\/blogdemissbavarde.files.wordpress.com\/2019\/02\/grass-ground-laying-1877802.jpg?w=736\" alt=\"grass-ground-laying-1877802\" srcset=\"https:\/\/blogdemissbavarde.files.wordpress.com\/2019\/02\/grass-ground-laying-1877802.jpg?w=736 736w, https:\/\/blogdemissbavarde.files.wordpress.com\/2019\/02\/grass-ground-laying-1877802.jpg?w=1472 1472w, https:\/\/blogdemissbavarde.files.wordpress.com\/2019\/02\/grass-ground-laying-1877802.jpg?w=150 150w, https:\/\/blogdemissbavarde.files.wordpress.com\/2019\/02\/grass-ground-laying-1877802.jpg?w=300 300w, https:\/\/blogdemissbavarde.files.wordpress.com\/2019\/02\/grass-ground-laying-1877802.jpg?w=768 768w, https:\/\/blogdemissbavarde.files.wordpress.com\/2019\/02\/grass-ground-laying-1877802.jpg?w=1024 1024w\" sizes=\"(max-width: 736px) 100vw, 736px\"\/><\/p>\n<p>A quel moment en est-on arriv\u00e9 l\u00e0 ? Me dites pas que je suis devenue trop vieille pour Twitter, je l\u2019ai vu naitre ce r\u00e9seau comme tous les autres. Mais j\u2019ai \u00e9galement vu la soci\u00e9t\u00e9 devenir de plus en plus critique, de plus en plus n\u00e9gative et ne voir que du noir partout, ou bien tout l\u2019inverse, que du rose bonbon et un monde de Bisounours ! Le gris a-t-il disparu ? A quel moment on trouve dr\u00f4le de voir un bateau de croisi\u00e8re sombrer et ses passagers paniquer ? A quel moment, on fait des photos d\u2019\u00e9quilibre sur des rails \u00e0 Auschwitz ? A quel moment on se fout de mettre la vie d\u2019\u00eatre humains en danger en mettant le feu \u00e0 une banque ? A quel moment a-t-on arr\u00eat\u00e9 d\u2019\u00eatre soucieux de l\u2019autre et d\u2019avoir de l\u2019empathie ? A quel moment on se critique tout ce qui se passe au gouvernement en croyant qu\u2019on ferait mieux et qu\u2019on sait bien s\u00fbr tout ce qui s\u2019y passe ? A quel moment Marl\u00e8ne se fait lyncher sur Twitter d\u00e8s qu\u2019elle ouvre la bouche ? Parce que c\u2019est une femme ? Parce que le titre de l\u2019article est un titre pute-\u00e0-clic ? Je ne dis pas d\u00e9fendre ses propos mais cette nana s\u2019en prend autant dans la gueule que le pr\u00e9sident ! Par contre qu\u2019un v\u00e9ritable abruti et irrespectueux mec comme Cyril puisse faire de l\u2019audience, se foutre de tout sans impunit\u00e9 pour de l\u2019audience ne d\u00e9range pas beaucoup de monde ! On tourne \u00e0 l\u2019envers les gars o\u00f9 alors je suis une vieille r\u00e9ac comme on disait quand j\u2019\u00e9tais jeune !<\/p>\n<p>Franchement, \u00e7a me sid\u00e8re de voir ce que les r\u00e9seaux sociaux montrent de l\u2019\u00eatre humain. Oh \u00e7a ne doit pas \u00eatre mieux \u00e0 l\u2019\u00e9tranger mais j\u2019ose esp\u00e9rer que l\u2019humanit\u00e9 est toujours quelque part. Je reste toujours passionn\u00e9e par les r\u00e9seaux sociaux, car j\u2019ai toujours \u00e9t\u00e9 passionn\u00e9e par l\u2019autre et son comportement. Allez comprendre pourquoi je suis autant int\u00e9ress\u00e9e par l\u2019autre quand on sait quelle ourse je peux \u00eatre ! J\u2019aime \u00e0 croire que je ne suis pas la seule \u00e0 \u00eatre choqu\u00e9e par cet irrespect, et j\u2019esp\u00e8re que mon humanit\u00e9 et mon respect envers l\u2019autre ne me largueront jamais. C\u2019est la seule histoire d\u2019amour que j\u2019arrive \u00e0 entretenir et qui importe.<\/p>\n<div id=\"jp-post-flair\" class=\"sharedaddy sd-like-enabled sd-sharing-enabled\">\n<div class=\"sharedaddy sd-block sd-like jetpack-likes-widget-wrapper jetpack-likes-widget-unloaded\" id=\"like-post-wrapper-21735930-6035-5e4932785c760\" data-src=\"http:\/\/widgets.wp.com\/likes\/index.html?ver=20190321#blog_id=21735930&amp;post_id=6035&amp;origin=blogdemissbavarde.wordpress.com&amp;obj_id=21735930-6035-5e4932785c760\" data-name=\"like-post-frame-21735930-6035-5e4932785c760\">\n<h3 class=\"sd-title\">WordPress:<\/h3>\n<p><span class=\"button\"><span>J&rsquo;aime<\/span><\/span> <span class=\"loading\">chargement\u2026<\/span><\/p>\n<p><span class=\"sd-text-color\"\/><a class=\"sd-link-color\"\/><\/div>\n<p><h3 class=\"jp-relatedposts-headline\"><em>Sur le m\u00eame th\u00e8me<\/em><\/h3>\n<\/p>\n<\/div><\/div>\n<p>[ad_2]<br \/>\n<br \/><a href=\"https:\/\/blogdemissbavarde.wordpress.com\/2019\/03\/24\/mes-compatriotes-se-sont-ils-fait-largues-par-le-respect-et-lhumanite\/\">Source link <\/a><\/p>\n","protected":false},"excerpt":{"rendered":"<p>[ad_1] Oui, oui je suis toujours l\u00e0, juste tr\u00e8s occup\u00e9e par mes 3 clients en free. Mais je suis toujours &hellip; <a href=\"http:\/\/www.affinite.fr\/index.php\/2020\/02\/16\/mes-compatriotes-se-sont-ils-fait-larguer-par-le-respect-et-lhumanite-le-modeste-blog-de-miss-bavarde\/\" class=\"more-link\">Plus <span class=\"screen-reader-text\">Mes compatriotes se sont-ils fait larguer par le respect et l\u2019humanit\u00e9 ? \u2013 Le modeste blog de Miss Bavarde<\/span> <span class=\"meta-nav\">&rarr;<\/span><\/a><\/p>\n","protected":false},"author":1,"featured_media":126,"comment_status":"open","ping_status":"open","sticky":false,"template":"","format":"standard","meta":{"_sitemap_exclude":false,"_sitemap_priority":"","_sitemap_frequency":"","footnotes":""},"categories":[1],"tags":[],"class_list":["post-125","post","type-post","status-publish","format-standard","has-post-thumbnail","hentry","category-tous"],"_links":{"self":[{"href":"http:\/\/www.affinite.fr\/index.php\/wp-json\/wp\/v2\/posts\/125"}],"collection":[{"href":"http:\/\/www.affinite.fr\/index.php\/wp-json\/wp\/v2\/posts"}],"about":[{"href":"http:\/\/www.affinite.fr\/index.php\/wp-json\/wp\/v2\/types\/post"}],"author":[{"embeddable":true,"href":"http:\/\/www.affinite.fr\/index.php\/wp-json\/wp\/v2\/users\/1"}],"replies":[{"embeddable":true,"href":"http:\/\/www.affinite.fr\/index.php\/wp-json\/wp\/v2\/comments?post=125"}],"version-history":[{"count":0,"href":"http:\/\/www.affinite.fr\/index.php\/wp-json\/wp\/v2\/posts\/125\/revisions"}],"wp:featuredmedia":[{"embeddable":true,"href":"http:\/\/www.affinite.fr\/index.php\/wp-json\/wp\/v2\/media\/126"}],"wp:attachment":[{"href":"http:\/\/www.affinite.fr\/index.php\/wp-json\/wp\/v2\/media?parent=125"}],"wp:term":[{"taxonomy":"category","embeddable":true,"href":"http:\/\/www.affinite.fr\/index.php\/wp-json\/wp\/v2\/categories?post=125"},{"taxonomy":"post_tag","embeddable":true,"href":"http:\/\/www.affinite.fr\/index.php\/wp-json\/wp\/v2\/tags?post=125"}],"curies":[{"name":"wp","href":"https:\/\/api.w.org\/{rel}","templated":true}]}}