{"id":12489,"date":"2025-11-22T21:47:08","date_gmt":"2025-11-22T21:47:08","guid":{"rendered":"https:\/\/www.affinite.fr\/index.php\/2025\/11\/22\/dans-le-village-prefere-des-francais-le-marche-de-noel-se-tient-dans-un-cadre-magique\/"},"modified":"2025-11-22T21:47:08","modified_gmt":"2025-11-22T21:47:08","slug":"dans-le-village-prefere-des-francais-le-marche-de-noel-se-tient-dans-un-cadre-magique","status":"publish","type":"post","link":"http:\/\/www.affinite.fr\/index.php\/2025\/11\/22\/dans-le-village-prefere-des-francais-le-marche-de-noel-se-tient-dans-un-cadre-magique\/","title":{"rendered":"Dans le village pr\u00e9f\u00e9r\u00e9 des Fran\u00e7ais, le march\u00e9 de No\u00ebl se tient dans un cadre magique"},"content":{"rendered":"<p> [ad_1]<br \/>\n<br \/><img decoding=\"async\" src=\"https:\/\/img-3.journaldesfemmes.fr\/yQv1xYstvCiopb7o2-SxREP23e4=\/1280x\/smart\/7784646093e34825add856ab8ff46119\/ccmcms-jdf\/40055578.jpg\" \/><\/p>\n<p>\n                            La France regorge de villages magnifiques mais un en particulier a tap\u00e9 dans l&rsquo;\u0153il des Fran\u00e7ais. Et, dans cette petite commune de province, on prend No\u00ebl tr\u00e8s au s\u00e9rieux.<\/p>\n<div>\n<p>En 2025, les Fran\u00e7ais ont vot\u00e9 et ont \u00e9lu\u00a0leur village pr\u00e9f\u00e9r\u00e9. Alors que Gordes a \u00e9t\u00e9 d\u00e9sign\u00e9 plus beau village du monde par le site am\u00e9ricain\u00a0<em>Travel + Leisure<\/em> et que Conques-en-Rouergue a \u00e9t\u00e9 consacr\u00e9 de son c\u00f4t\u00e9 par le guide touristique <em>Le Petit Fut\u00e9<\/em>, c&rsquo;est un autre\u00a0petit bourg m\u00e9di\u00e9val qui a gagn\u00e9 le coeur du grand public&#8230; Ici, No\u00ebl y est d&rsquo;ailleurs magique.<\/p>\n<p>Dans ce village, les habitants vivent \u00e0 l&rsquo;ann\u00e9e et \u00e7a change tout : ateliers d&rsquo;artisans, caf\u00e9s qui ouvrent sur la place, visites guid\u00e9es en saison. En \u00e9t\u00e9, le village vibre au rythme de sa f\u00eate m\u00e9di\u00e9vale. Costumes, musiciens, spectacles de rue, pendant deux jours, le d\u00e9cor d&rsquo;\u00e9poque reprend vie. L&rsquo;\u00e9v\u00e9nement attire un public fid\u00e8le, s\u00e9duit par l&rsquo;ambiance conviviale et l&rsquo;authenticit\u00e9 du lieu. Mais c&rsquo;est en d\u00e9cembre que le village conna\u00eet l&rsquo;un de ses temps forts avec le No\u00ebl des Lumi\u00e8res.<\/p>\n<p>L&rsquo;\u00e9v\u00e9nement se d\u00e9roule chaque premier week-end de d\u00e9cembre, cette ann\u00e9e les 6\u00a0et 7, le samedi de 13h \u00e0 20h et le dimanche de 10h \u00e0 19h. L&rsquo;objectif est de valoriser le savoir-faire artisanal et d&rsquo;animer le centre historique en basse saison.\u00a0 Ici, la p\u00e9riode de No\u00ebl attire autant pour la qualit\u00e9 des animations que pour son cadre historique class\u00e9, rare pour un march\u00e9 de cette taille. Contrairement aux grandes villes telles que Strasbourg o\u00f9 les installations sont surtout temporaires, tout se d\u00e9roule dans un patrimoine authentique, avec une abbaye du XIII\u1d49 si\u00e8cle en toile de fond.<\/p>\n<p>On parle du charmant village de\u00a0Saint-Antoine-l&rsquo;Abbaye, dans l&rsquo;Is\u00e8re.\u00a0Avec son titre de de Village pr\u00e9f\u00e9r\u00e9 des Fran\u00e7ais 2025, les retomb\u00e9es \u00e9conomiques sont imm\u00e9diates\u00a0: selon les estimations, la fr\u00e9quentation devrait augmenter de 30% dans l&rsquo;ann\u00e9e.<\/p>\n<p>La p\u00e9riode des f\u00eates de fin d&rsquo;ann\u00e9e donnera l&rsquo;occasion aux touristes curieux de d\u00e9couvrir le village sous un autre jour.\u00a0Le programme du march\u00e9 de No\u00ebl comprend des stands de producteurs, des expositions d&rsquo;artisanat, des ateliers pour les enfants et des animations musicales. Les artisans r\u00e9gionaux y pr\u00e9sentent des produits fabriqu\u00e9s sur place\u00a0: miel, confitures, c\u00e9ramiques, tissus, bougies et d\u00e9corations. Les illuminations, install\u00e9es d\u00e8s la fin novembre, couvrent l&rsquo;abbaye, les remparts et les ruelles principales.\u00a0<\/p>\n<p>Entre son abbaye gothique, son mus\u00e9e d\u00e9partemental, sa f\u00eate m\u00e9di\u00e9vale et son No\u00ebl des Lumi\u00e8res au charme hivernal ind\u00e9niable, il s&rsquo;impose cette ann\u00e9e comme la destination fran\u00e7aise la plus pl\u00e9biscit\u00e9e. Un endroit \u00e0 ne pas manquer, notamment pour une sortie avec les enfants.<\/p>\n<\/p><\/div>\n<p>[ad_2]<br \/>\n<br \/><a href=\"https:\/\/www.journaldesfemmes.fr\/loisirs\/voyages\/3247744-dans-le-village-prefere-des-francais-le-marche-de-noel-se-tient-dans-un-cadre-magique\/\">Source link <\/a><\/p>\n","protected":false},"excerpt":{"rendered":"<p>[ad_1] La France regorge de villages magnifiques mais un en particulier a tap\u00e9 dans l&rsquo;\u0153il des Fran\u00e7ais. Et, dans cette &hellip; <a href=\"http:\/\/www.affinite.fr\/index.php\/2025\/11\/22\/dans-le-village-prefere-des-francais-le-marche-de-noel-se-tient-dans-un-cadre-magique\/\" class=\"more-link\">Plus <span class=\"screen-reader-text\">Dans le village pr\u00e9f\u00e9r\u00e9 des Fran\u00e7ais, le march\u00e9 de No\u00ebl se tient dans un cadre magique<\/span> <span class=\"meta-nav\">&rarr;<\/span><\/a><\/p>\n","protected":false},"author":1,"featured_media":12490,"comment_status":"","ping_status":"open","sticky":false,"template":"","format":"standard","meta":{"_sitemap_exclude":false,"_sitemap_priority":"","_sitemap_frequency":"","footnotes":""},"categories":[1],"tags":[],"class_list":["post-12489","post","type-post","status-publish","format-standard","has-post-thumbnail","hentry","category-tous"],"_links":{"self":[{"href":"http:\/\/www.affinite.fr\/index.php\/wp-json\/wp\/v2\/posts\/12489"}],"collection":[{"href":"http:\/\/www.affinite.fr\/index.php\/wp-json\/wp\/v2\/posts"}],"about":[{"href":"http:\/\/www.affinite.fr\/index.php\/wp-json\/wp\/v2\/types\/post"}],"author":[{"embeddable":true,"href":"http:\/\/www.affinite.fr\/index.php\/wp-json\/wp\/v2\/users\/1"}],"replies":[{"embeddable":true,"href":"http:\/\/www.affinite.fr\/index.php\/wp-json\/wp\/v2\/comments?post=12489"}],"version-history":[{"count":0,"href":"http:\/\/www.affinite.fr\/index.php\/wp-json\/wp\/v2\/posts\/12489\/revisions"}],"wp:featuredmedia":[{"embeddable":true,"href":"http:\/\/www.affinite.fr\/index.php\/wp-json\/wp\/v2\/media\/12490"}],"wp:attachment":[{"href":"http:\/\/www.affinite.fr\/index.php\/wp-json\/wp\/v2\/media?parent=12489"}],"wp:term":[{"taxonomy":"category","embeddable":true,"href":"http:\/\/www.affinite.fr\/index.php\/wp-json\/wp\/v2\/categories?post=12489"},{"taxonomy":"post_tag","embeddable":true,"href":"http:\/\/www.affinite.fr\/index.php\/wp-json\/wp\/v2\/tags?post=12489"}],"curies":[{"name":"wp","href":"https:\/\/api.w.org\/{rel}","templated":true}]}}