{"id":12419,"date":"2025-11-09T02:58:10","date_gmt":"2025-11-09T02:58:10","guid":{"rendered":"https:\/\/www.affinite.fr\/index.php\/2025\/11\/09\/les-ateliers-de-dessin-pour-les-enfants-de-georges-co\/"},"modified":"2025-11-09T02:58:10","modified_gmt":"2025-11-09T02:58:10","slug":"les-ateliers-de-dessin-pour-les-enfants-de-georges-co","status":"publish","type":"post","link":"http:\/\/www.affinite.fr\/index.php\/2025\/11\/09\/les-ateliers-de-dessin-pour-les-enfants-de-georges-co\/","title":{"rendered":"Les ateliers de dessin pour les enfants de Georges &#038; Co"},"content":{"rendered":"<p> [ad_1]<br \/>\n<br \/><img decoding=\"async\" src=\"https:\/\/maison.com\/images\/medias\/000\/026\/000026355\/200.jpg\" \/><\/p>\n<div itemprop=\"articleBody\">\n<p>\n  Le nouveau concept store parisien\u00a0 <strong>Georges &amp; Co<\/strong> d\u00e9di\u00e9 \u00e0 l&rsquo;\u00e9criture a d\u00e9j\u00e0 fait couler beaucoup d&rsquo;encre depuis son ouverture en 2011 avec son bar \u00e0 encres de toutes les couleurs,\u00a0 son carroussel de stylos, ses carnets pour tous les go\u00fbts et tous les prix et sa machine \u00ab\u00a0Georgette\u00a0\u00bb v\u00e9ritable secr\u00e9taire <strong>calligraphe<\/strong> qui \u00e9crit vos faire parts ou invitations en nombre.\u00a0 C\u00f4t\u00e9 ateliers <strong>Georges &amp; Co<\/strong> proposait d\u00e9j\u00e0 des cours pour adultes : <strong>calligraphie<\/strong> sous la houlette du calligraphe <strong>Serge Cortesi<\/strong>, de cartonnage et marqueterie cr\u00e9ative par <strong>Claude Jeantet<\/strong> mais aussi un atelier cr\u00e9atif de jouets en carton pour enfants et un atelier d\u2019\u00e9criture cr\u00e9ative pour les adolescents.\n<\/p>\n<p>\n  Vos enfants r\u00eavaient de cr\u00e9er leur bande dessin\u00e9e ou de d\u00e9couvrir toutes les astuces des dessinateurs ce sera possible d\u00e8s la rentr\u00e9e prochaine Chez <strong>Georges &amp; Co<\/strong> avec 3 th\u00e9matiques d\u2019ateliers de <strong>dessin<\/strong> ouverts aux 6-11 ans, aux juniors 9-15 ans, aux ados, mais aussi aux adultes.\n<\/p>\n<p>\n  Un atelier cr\u00e9atif o\u00f9 l\u2019on peut s\u2019inscrire et participer tout au long de l\u2019ann\u00e9e au cours \u00e0 l\u2019unit\u00e9 ou au trimestre.<\/p>\n<p>ATELIERS BANDE DESSIN\u00c9E<br \/>Dessinez comme Herg\u00e9 ou\u00a0Goscinny&#8230; A vous de jouer pour cr\u00e9er votre propre histoire !<br \/>Juniors 9-15 ans\u00a0\u00a0samedi cours de 1h30 (28 \u20ac\/cours &#8211; 250 \u20ac le trimestre)<br \/>Ados\/adultes mardi cours de 2h \u00a0(A partir de 16 ans &#8211; 38 \u20ac\/cours &#8211; 350 \u20ac le trimestre)<\/p>\n<p>ATELIERS DESSIN<br \/>Faites appel \u00e0 votre imagination&#8230;.<br \/>Ados\/adultes jeudi 18h-19h30 (38 \u20ac\/cours &#8211; 330 \u20ac le trimestre)<\/p>\n<p>ATELIERS DESSIN CREATIF<br \/>A chacun son envie&#8230;modelage, \u00e9criture dans le sable, peinture, carton, histoire et signification des couleurs&#8230;.<br \/>6-11 ans le samedi pendant 1h (28 \u20ac\/cours &#8211; 330 \u20ac le trimestre)\n<\/p>\n<p>\n  Les amoureux de la plume et de la cr\u00e9ation trouveront leur bonheur d\u00e8s la rentr\u00e9e prochaine chez <strong>Georges &amp; Co.<\/strong>\n<\/p>\n<p>\n  Cette boutique est ferm\u00e9e et a \u00e9t\u00e9 remplac\u00e9e par un antiquaire \u00e0 cette m\u00eame adresse.\n<\/p>\n<p>\n  Article publi\u00e9 le 17\/07\/2012 et mis \u00e0 jour par maison.com le 20\/10\/2025\n<\/p>\n<\/p><\/div>\n<p><script async defer crossorigin=\"anonymous\" src=\"https:\/\/connect.facebook.net\/fr_FR\/sdk.js#xfbml=1&#038;version=v6.0&#038;appId=252025098257546&#038;autoLogAppEvents=1\"><\/script><br \/>\n<br \/>[ad_2]<br \/>\n<br \/><a href=\"https:\/\/maison.com\/loisirs-creatifs\/enfants-creatifs\/ateliers-dessin-pour-enfants-georges-co-6559\/\">Source link <\/a><\/p>\n","protected":false},"excerpt":{"rendered":"<p>[ad_1] Le nouveau concept store parisien\u00a0 Georges &amp; Co d\u00e9di\u00e9 \u00e0 l&rsquo;\u00e9criture a d\u00e9j\u00e0 fait couler beaucoup d&rsquo;encre depuis son &hellip; <a href=\"http:\/\/www.affinite.fr\/index.php\/2025\/11\/09\/les-ateliers-de-dessin-pour-les-enfants-de-georges-co\/\" class=\"more-link\">Plus <span class=\"screen-reader-text\">Les ateliers de dessin pour les enfants de Georges &#038; Co<\/span> <span class=\"meta-nav\">&rarr;<\/span><\/a><\/p>\n","protected":false},"author":1,"featured_media":12420,"comment_status":"","ping_status":"open","sticky":false,"template":"","format":"standard","meta":{"_sitemap_exclude":false,"_sitemap_priority":"","_sitemap_frequency":"","footnotes":""},"categories":[1],"tags":[],"class_list":["post-12419","post","type-post","status-publish","format-standard","has-post-thumbnail","hentry","category-tous"],"_links":{"self":[{"href":"http:\/\/www.affinite.fr\/index.php\/wp-json\/wp\/v2\/posts\/12419"}],"collection":[{"href":"http:\/\/www.affinite.fr\/index.php\/wp-json\/wp\/v2\/posts"}],"about":[{"href":"http:\/\/www.affinite.fr\/index.php\/wp-json\/wp\/v2\/types\/post"}],"author":[{"embeddable":true,"href":"http:\/\/www.affinite.fr\/index.php\/wp-json\/wp\/v2\/users\/1"}],"replies":[{"embeddable":true,"href":"http:\/\/www.affinite.fr\/index.php\/wp-json\/wp\/v2\/comments?post=12419"}],"version-history":[{"count":0,"href":"http:\/\/www.affinite.fr\/index.php\/wp-json\/wp\/v2\/posts\/12419\/revisions"}],"wp:featuredmedia":[{"embeddable":true,"href":"http:\/\/www.affinite.fr\/index.php\/wp-json\/wp\/v2\/media\/12420"}],"wp:attachment":[{"href":"http:\/\/www.affinite.fr\/index.php\/wp-json\/wp\/v2\/media?parent=12419"}],"wp:term":[{"taxonomy":"category","embeddable":true,"href":"http:\/\/www.affinite.fr\/index.php\/wp-json\/wp\/v2\/categories?post=12419"},{"taxonomy":"post_tag","embeddable":true,"href":"http:\/\/www.affinite.fr\/index.php\/wp-json\/wp\/v2\/tags?post=12419"}],"curies":[{"name":"wp","href":"https:\/\/api.w.org\/{rel}","templated":true}]}}