{"id":12415,"date":"2025-11-08T21:18:06","date_gmt":"2025-11-08T21:18:06","guid":{"rendered":"https:\/\/www.affinite.fr\/index.php\/2025\/11\/08\/pourquoi-il-na-pas-eu-denfant-biologique-pour-une-raison-tres-simple\/"},"modified":"2025-11-08T21:18:06","modified_gmt":"2025-11-08T21:18:06","slug":"pourquoi-il-na-pas-eu-denfant-biologique-pour-une-raison-tres-simple","status":"publish","type":"post","link":"http:\/\/www.affinite.fr\/index.php\/2025\/11\/08\/pourquoi-il-na-pas-eu-denfant-biologique-pour-une-raison-tres-simple\/","title":{"rendered":"Pourquoi il n&rsquo;a pas eu d&rsquo;enfant biologique\u00a0? \u00ab\u00a0Pour une raison tr\u00e8s simple&#8230;\u00a0\u00bb"},"content":{"rendered":"<p> [ad_1]<br \/>\n<\/p>\n<p>\n                            Mari\u00e9 depuis 52\u00a0ans \u00e0 Dany Saval, l&rsquo;animateur Michel Drucker n&rsquo;a jamais eu d&rsquo;enfant biologique. Il s&rsquo;est livr\u00e9 sur le sujet sans filtre.<\/p>\n<div>\n<p>Guillaume Pley a re\u00e7u dans son podcast <em>Legend<\/em>\u00a0un mythe de la t\u00e9l\u00e9vision fran\u00e7aise\u00a0: <a href=\"https:\/\/www.journaldesfemmes.fr\/people\/personnalites\/2844758-michel-drucker-age\/\" title=\"Michel Drucker\">Michel Drucker<\/a>. Visage embl\u00e9matique du petit \u00e9cran fran\u00e7ais, l&rsquo;animateur aujourd&rsquo;hui \u00e2g\u00e9 de 83\u00a0ans a accept\u00e9 de parler de sa vie intime.<\/p>\n<h2>Michel Drucker a <em>\u00ab\u00a0laiss\u00e9 tomber la paternit\u00e9\u00a0\u00bb<\/em> : <em>\u00ab\u00a0J&rsquo;aurais \u00e9t\u00e9 un mauvais p\u00e8re\u00a0\u00bb<\/em><\/h2>\n<p>Michel Drucker a donc parl\u00e9 de son couple avec <a href=\"https:\/\/www.journaldesfemmes.fr\/people\/personnalites\/2663897-dany-saval-mariages-drucker-couple-enfants\/\" title=\"Dany Saval\">Dany Saval<\/a> et de son non d\u00e9sir d&rsquo;avoir un enfant. Mari\u00e9 depuis 1973\u00a0\u00e0 sa femme, qu&rsquo;il a \u00e9pous\u00e9e \u00e0 Las Vegas, l&rsquo;animateur star de France 2 n&rsquo;a effectivement jamais eu d&rsquo;enfant biologique avec elle. Amoureux depuis leurs 29\u00a0ans, ils ont \u00e9lev\u00e9 ensemble la fille que Dany a eu avec le compositeur Maurice Jarre : la discr\u00e8te St\u00e9phanie Jarre. Une d\u00e9coratrice de plateaux de t\u00e9l\u00e9vision, aujourd&rsquo;hui \u00e2g\u00e9e de 59\u00a0ans, que le pr\u00e9sentateur l\u00e9gendaire du PAF consid\u00e8re comme sa propre fille.\u00a0<\/p>\n<div style=\"text-align:center\">\n<figure class=\"image\" style=\"display:inline-block\"><a class=\"fancy\" href=\"https:\/\/img-3.journaldesfemmes.fr\/NNoF8QD90s_6EcNCZ63aUkLkSsc=\/1080x\/smart\/a85be2d25c3b4add8191c63d3c36af7e\/ccmcms-jdf\/40053590.jpg\"><img decoding=\"async\" alt=\"\" src=\"https:\/\/img-3.journaldesfemmes.fr\/XOyY_GlVu_-lK-0k6oHQEAOWv3o=\/600x\/smart\/a85be2d25c3b4add8191c63d3c36af7e\/ccmcms-jdf\/40053590.jpg\"\/><\/a><figcaption data-credit=\"SIPA \" data-legend=\"Michel Drucker et sa femme\">Michel Drucker et sa femme <small>\u00a9\u00a0SIPA <\/small><\/figcaption><\/figure>\n<\/div>\n<p>Sans filtre tout au long de l&rsquo;entretien, le pr\u00e9sentateur de<em> Vivement dimanche<\/em> a fait savoir qu&rsquo;il n&rsquo;avait jamais eu envie d&rsquo;avoir des enfants. <em>\u00ab\u00a0Pour une raison tr\u00e8s simple\u00a0: j&rsquo;aurais \u00e9t\u00e9 un mauvais p\u00e8re. J&rsquo;ai laiss\u00e9 tomber \u00e0 l&rsquo;\u00e2ge o\u00f9 on doit \u00eatre p\u00e8re. J&rsquo;\u00e9tais &lsquo;boulot, boulot, boulot'\u00a0\u00bb<\/em>, a-t-il avou\u00e9. <em>\u00ab\u00a0Elle (sa femme, ndlr) a beaucoup souffert lorsqu&rsquo;elle a eu St\u00e9phanie, \u00e7a s&rsquo;est tr\u00e8s mal pass\u00e9. Je savais qu&rsquo;avoir un second enfant serait tr\u00e8s compliqu\u00e9\u00a0\u00bb<\/em>, a-t-il ensuite d\u00e9clar\u00e9. Avant de compl\u00e9ter\u00a0: <em>\u00ab\u00a0J&rsquo;ai eu la chance d&rsquo;avoir St\u00e9phanie, une petite fille qui avait 5\u00a0ans et dont je me suis occup\u00e9e comme de la mienne\u00a0\u00bb<\/em>.\u00a0<\/p>\n<h2>Michel Drucker, beau-p\u00e8re de St\u00e9phanie Jarre :<em>\u00a0\u00ab\u00a0Je n&rsquo;ai pas \u00e9prouv\u00e9 le besoin\u00a0d&rsquo;avoir un autre enfant\u00a0\u00bb<\/em>\u00a0<\/h2>\n<p><em>\u00ab\u00a0Je ne suis pas certain que j&rsquo;aurais \u00e9t\u00e9 un bon p\u00e8re. Ce n&rsquo;est pas tout de faire des enfants mais apr\u00e8s, t&rsquo;es parti pour 20\u00a0ans, pour toute la vie, pour perp\u00e8te\u00a0\u00bb<\/em>, a d&rsquo;ailleurs fait savoir le grand ami du regrett\u00e9 Johnny Hallyday. <em>\u00ab\u00a0J&rsquo;ai des copains qui ont \u00e9t\u00e9 p\u00e8res assez tard, vers 60\/62\u00a0ans. Mon fr\u00e8re Jean l&rsquo;a \u00e9t\u00e9 \u00e0 plus de 60\u00a0ans\u2026 Ce n&rsquo;est pas la m\u00eame chose. Je pense \u00e0 l&rsquo;enfant, il sera orphelin tr\u00e8s t\u00f4t\u00a0\u00bb<\/em>, a poursuivi Michel Drucker.<\/p>\n<p>Des dires qui viennent confirmer ceux d\u00e9j\u00e0 tenus par Michel Drucker en 2023\u00a0dans les colonnes de <em>Gala<\/em>\u00a0:<em> \u00ab\u00a0St\u00e9phanie est n\u00e9e dans des conditions tr\u00e8s compliqu\u00e9es. Dany aurait pris des risques en retombant enceinte. Elle ne voulait pas revivre \u00e7a\u00a0\u00bb<\/em>. <em>\u00ab\u00a0Les ann\u00e9es ont pass\u00e9 et je n&rsquo;ai pas \u00e9prouv\u00e9 le besoin d&rsquo;avoir un autre enfant\u00a0\u00bb<\/em>, avait-il alors clam\u00e9.<\/p>\n<\/p><\/div>\n<p>[ad_2]<br \/>\n<br \/><a href=\"https:\/\/www.journaldesfemmes.fr\/people\/actus\/3245914-michel-drucker-pourquoi-il-n-a-pas-eu-d-enfant-biologique\/\">Source link <\/a><\/p>\n","protected":false},"excerpt":{"rendered":"<p>[ad_1] Mari\u00e9 depuis 52\u00a0ans \u00e0 Dany Saval, l&rsquo;animateur Michel Drucker n&rsquo;a jamais eu d&rsquo;enfant biologique. Il s&rsquo;est livr\u00e9 sur le &hellip; <a href=\"http:\/\/www.affinite.fr\/index.php\/2025\/11\/08\/pourquoi-il-na-pas-eu-denfant-biologique-pour-une-raison-tres-simple\/\" class=\"more-link\">Plus <span class=\"screen-reader-text\">Pourquoi il n&rsquo;a pas eu d&rsquo;enfant biologique\u00a0? \u00ab\u00a0Pour une raison tr\u00e8s simple&#8230;\u00a0\u00bb<\/span> <span class=\"meta-nav\">&rarr;<\/span><\/a><\/p>\n","protected":false},"author":1,"featured_media":12416,"comment_status":"","ping_status":"open","sticky":false,"template":"","format":"standard","meta":{"_sitemap_exclude":false,"_sitemap_priority":"","_sitemap_frequency":"","footnotes":""},"categories":[1],"tags":[],"class_list":["post-12415","post","type-post","status-publish","format-standard","has-post-thumbnail","hentry","category-tous"],"_links":{"self":[{"href":"http:\/\/www.affinite.fr\/index.php\/wp-json\/wp\/v2\/posts\/12415"}],"collection":[{"href":"http:\/\/www.affinite.fr\/index.php\/wp-json\/wp\/v2\/posts"}],"about":[{"href":"http:\/\/www.affinite.fr\/index.php\/wp-json\/wp\/v2\/types\/post"}],"author":[{"embeddable":true,"href":"http:\/\/www.affinite.fr\/index.php\/wp-json\/wp\/v2\/users\/1"}],"replies":[{"embeddable":true,"href":"http:\/\/www.affinite.fr\/index.php\/wp-json\/wp\/v2\/comments?post=12415"}],"version-history":[{"count":0,"href":"http:\/\/www.affinite.fr\/index.php\/wp-json\/wp\/v2\/posts\/12415\/revisions"}],"wp:featuredmedia":[{"embeddable":true,"href":"http:\/\/www.affinite.fr\/index.php\/wp-json\/wp\/v2\/media\/12416"}],"wp:attachment":[{"href":"http:\/\/www.affinite.fr\/index.php\/wp-json\/wp\/v2\/media?parent=12415"}],"wp:term":[{"taxonomy":"category","embeddable":true,"href":"http:\/\/www.affinite.fr\/index.php\/wp-json\/wp\/v2\/categories?post=12415"},{"taxonomy":"post_tag","embeddable":true,"href":"http:\/\/www.affinite.fr\/index.php\/wp-json\/wp\/v2\/tags?post=12415"}],"curies":[{"name":"wp","href":"https:\/\/api.w.org\/{rel}","templated":true}]}}