{"id":12397,"date":"2025-11-05T21:13:18","date_gmt":"2025-11-05T21:13:18","guid":{"rendered":"http:\/\/www.affinite.fr\/index.php\/2025\/11\/05\/cela-devait-durer-quelques-semaines-mais-rien-na-change\/"},"modified":"2025-11-05T21:13:18","modified_gmt":"2025-11-05T21:13:18","slug":"cela-devait-durer-quelques-semaines-mais-rien-na-change","status":"publish","type":"post","link":"http:\/\/www.affinite.fr\/index.php\/2025\/11\/05\/cela-devait-durer-quelques-semaines-mais-rien-na-change\/","title":{"rendered":"cela devait durer quelques semaines mais rien n&rsquo;a chang\u00e9"},"content":{"rendered":"<p> [ad_1]<br \/>\n<\/p>\n<p>\n                            Voil\u00e0 un village insolite\u00a0! Ici, toutes les maisons ont \u00e9t\u00e9 repeintes en bleu et, quand les habitants ont eu la possibilit\u00e9 de revenir en arri\u00e8re, ils ont refus\u00e9&#8230;<\/p>\n<div>\n<p>Si les touristes connaissaient d\u00e9j\u00e0\u00a0Chefchaouen (au Maroc) ou Burano (en Italie), un autre village se distingue aussi gr\u00e2ce aux murs de ses maisons toutes color\u00e9es&#8230; en bleu. Cela ressemble \u00e0 un d\u00e9cor mais c&rsquo;est un v\u00e9ritable hameau, paisible, qui abrite quelques 227 habitants \u00e0 l&rsquo;ann\u00e9e. Ils ont tous donn\u00e9 leur accord et, par la suite, presque personne n&rsquo;a plus voulu revenir \u00e0 d&rsquo;autres fa\u00e7ades&#8230;\u00a0<\/p>\n<p>Cela remonte \u00e0 2011. A cette \u00e9poque, les maisons de ce petit village avaient alors des murs blancs. Mais une proposition, totalement inattendue, est venue faire bouger les lignes. En effet, le studio am\u00e9ricain\u00a0Sony Pictures a demand\u00e9 au maire de ce village s&rsquo;il \u00e9tait possible d&rsquo;en faire le lieu d&rsquo;accueil de l&rsquo;avant-premi\u00e8re mondiale de l&rsquo;un de leurs films. Et cela passait pas un coup marketing visant \u00e0 transformer la totalit\u00e9 des b\u00e2timents du village &#8211; \u00e9glise, mairie et m\u00eame cimeti\u00e8re &#8211; en bleu. Requ\u00eate accept\u00e9e. Pour quoi faire ? Pour faire la promotion du film d&rsquo;animation\u00a0<em>Les Schtroumpfs <\/em>!<\/p>\n<p>Mais quel village a \u00e9t\u00e9 choisi\u00a0? Il s&rsquo;agit de\u00a0J\u00fazcar, petite commune\u00a0de la province de Malaga, en Andalousie. Les murs enduits de chaux de ce \u00ab\u00a0<em>pueblo blanco<\/em>\u00a0\u00bb ont donc \u00e9t\u00e9 transform\u00e9s gr\u00e2ce \u00e0 9000\u00a0kilos de peinture et cela a permis au studio de faire le lancement mondial de son film avec les com\u00e9diens\u00a0Neil Patrick Harris et Jayma Mays au casting.\u00a0<\/p>\n<div style=\"text-align:center\">\n<figure class=\"image\" style=\"display:inline-block\"><a class=\"fancy\" href=\"https:\/\/img-3.journaldesfemmes.fr\/kNsV2PJ-eOY1ftPRISDlgniqj7w=\/1080x\/smart\/1e4089870c844ae19e42047781eb2054\/ccmcms-jdf\/40053006.jpg\"><img decoding=\"async\" alt=\"\" src=\"https:\/\/img-3.journaldesfemmes.fr\/cyFdeE6UW8YBJEkWELhhIUvnjEc=\/600x\/smart\/1e4089870c844ae19e42047781eb2054\/ccmcms-jdf\/40053006.jpg\"\/><\/a><figcaption data-credit=\"ANDBZ\/ABACA\" data-legend=\"Le village de J\u00fazcar\">Le village de J\u00fazcar <small>\u00a9\u00a0ANDBZ\/ABACA<\/small><\/figcaption><\/figure>\n<\/div>\n<p>L&rsquo;op\u00e9ration marketing ne devait durer que quelques semaines, le temps de promouvoir le long-m\u00e9trage ; lequel a cumul\u00e9 550\u00a0millions de dollars de recettes au box-office. Une fois la campagne termin\u00e9e, le studio devait rendre au bourg son apparence d&rsquo;autrefois, avec ses fa\u00e7ades blanches. Mais le plan a chang\u00e9 apr\u00e8s un vote des habitants&#8230;<\/p>\n<p>En effet, une fois d\u00e9sign\u00e9\u00a0Premier village mondial des Schtroumpfs,\u00a0J\u00fazcar a connu un boom touristique ph\u00e9nom\u00e9nal ! En quelques mois, le paisible village a vu d\u00e9filer 80 000 curieux. Le maire a alors proc\u00e9d\u00e9 \u00e0 un vote et la majorit\u00e9 des habitants ont vot\u00e9 contre un retour aux fa\u00e7ades blanches. Il faut dire que cet afflux de touristes a boost\u00e9 l&rsquo;\u00e9conomie locale : caf\u00e9s, commerces, boulangeries&#8230; tout le monde en profite encore.<\/p>\n<p>Par ailleurs, ce n&rsquo;est pas le seul village color\u00e9 d&rsquo;Espagne. Ceux qui voyagent connaissent peut-\u00eatre aussi\u00a0Villajoyosa, une ville d&rsquo;environ 37 000 habitants dans la province d&rsquo;Alicante. Ici, les immeubles sont de toutes les couleurs, du bord de mer jusqu&rsquo;aux rues derri\u00e8re. De quoi attirer les touristes avides de belles photos pour Instagram.<\/p>\n<\/p><\/div>\n<p>[ad_2]<br \/>\n<br \/><a href=\"https:\/\/www.journaldesfemmes.fr\/societe\/actu\/3245806-ce-village-a-ete-entierement-repeint-en-bleu-de-l-eglise-a-la-mairie-cela-devait-durer-quelques-semaines-mais-rien-n-a-change\/\">Source link <\/a><\/p>\n","protected":false},"excerpt":{"rendered":"<p>[ad_1] Voil\u00e0 un village insolite\u00a0! Ici, toutes les maisons ont \u00e9t\u00e9 repeintes en bleu et, quand les habitants ont eu &hellip; <a href=\"http:\/\/www.affinite.fr\/index.php\/2025\/11\/05\/cela-devait-durer-quelques-semaines-mais-rien-na-change\/\" class=\"more-link\">Plus <span class=\"screen-reader-text\">cela devait durer quelques semaines mais rien n&rsquo;a chang\u00e9<\/span> <span class=\"meta-nav\">&rarr;<\/span><\/a><\/p>\n","protected":false},"author":1,"featured_media":12398,"comment_status":"","ping_status":"open","sticky":false,"template":"","format":"standard","meta":{"_sitemap_exclude":false,"_sitemap_priority":"","_sitemap_frequency":"","footnotes":""},"categories":[1],"tags":[],"class_list":["post-12397","post","type-post","status-publish","format-standard","has-post-thumbnail","hentry","category-tous"],"_links":{"self":[{"href":"http:\/\/www.affinite.fr\/index.php\/wp-json\/wp\/v2\/posts\/12397"}],"collection":[{"href":"http:\/\/www.affinite.fr\/index.php\/wp-json\/wp\/v2\/posts"}],"about":[{"href":"http:\/\/www.affinite.fr\/index.php\/wp-json\/wp\/v2\/types\/post"}],"author":[{"embeddable":true,"href":"http:\/\/www.affinite.fr\/index.php\/wp-json\/wp\/v2\/users\/1"}],"replies":[{"embeddable":true,"href":"http:\/\/www.affinite.fr\/index.php\/wp-json\/wp\/v2\/comments?post=12397"}],"version-history":[{"count":0,"href":"http:\/\/www.affinite.fr\/index.php\/wp-json\/wp\/v2\/posts\/12397\/revisions"}],"wp:featuredmedia":[{"embeddable":true,"href":"http:\/\/www.affinite.fr\/index.php\/wp-json\/wp\/v2\/media\/12398"}],"wp:attachment":[{"href":"http:\/\/www.affinite.fr\/index.php\/wp-json\/wp\/v2\/media?parent=12397"}],"wp:term":[{"taxonomy":"category","embeddable":true,"href":"http:\/\/www.affinite.fr\/index.php\/wp-json\/wp\/v2\/categories?post=12397"},{"taxonomy":"post_tag","embeddable":true,"href":"http:\/\/www.affinite.fr\/index.php\/wp-json\/wp\/v2\/tags?post=12397"}],"curies":[{"name":"wp","href":"https:\/\/api.w.org\/{rel}","templated":true}]}}