{"id":12393,"date":"2025-11-04T21:12:34","date_gmt":"2025-11-04T21:12:34","guid":{"rendered":"http:\/\/www.affinite.fr\/index.php\/2025\/11\/04\/le-declic-jai-regarde-la\/"},"modified":"2025-11-04T21:12:34","modified_gmt":"2025-11-04T21:12:34","slug":"le-declic-jai-regarde-la","status":"publish","type":"post","link":"http:\/\/www.affinite.fr\/index.php\/2025\/11\/04\/le-declic-jai-regarde-la\/","title":{"rendered":"Le d\u00e9clic\u00a0? \u00ab\u00a0J&rsquo;ai regard\u00e9 la&#8230;\u00a0\u00bb"},"content":{"rendered":"<p> [ad_1]<br \/>\n<\/p>\n<p>\n                            Cette fois, c&rsquo;est la der des ders pour Michel Sardou\u00a0! Apr\u00e8s avoir habit\u00e9 en Corse, \u00e0 Paris et en Normandie, le chanteur a pos\u00e9 ses valises dans le Var. Il a achet\u00e9 une villa XXL pour ses vieux jours. Il a expliqu\u00e9 son choix en interview.<\/p>\n<div>\n<p>Apr\u00e8s avoir fait ses adieux \u00e0 la sc\u00e8ne, <a href=\"https:\/\/www.journaldesfemmes.fr\/people\/personnalites\/2778165-michel-sardou-femme-age-tournee-mariages-johnny-business-mort-enfants-77-ans\/\" title=\"Michel Sardou\">Michel Sardou<\/a> profite pleinement de sa retraite au soleil. Le chanteur aujourd&rsquo;hui \u00e2g\u00e9 de 78 ans, qui partage sa vie avec sa tr\u00e8s discr\u00e8te femme Anne-Marie P\u00e9rier, a achet\u00e9 en 2023 une vaste maison dans le Var. Pr\u00e9cis\u00e9ment au cap B\u00e9nat, un domaine priv\u00e9 pour riches propri\u00e9taires situ\u00e9 \u00e0 Bormes-les-Mimosas.<\/p>\n<h2>Pourquoi Michel Sardou s&rsquo;est install\u00e9 \u00e0 B\u00e9nat ?<\/h2>\n<p>Interrog\u00e9 par <a href=\"https:\/\/www.nicematin.com\/culture\/people\/pourquoi-le-chanteur-michel-sardou-a-choisi-de-poser-ses-valises-dans-le-var-10655097\" target=\"_blank\" rel=\"noopener\"><em>Nice-Matin<\/em><\/a>, Michel Sardou a justifi\u00e9 son choix d&rsquo;acheter une villa XXL avec piscine, face aux \u00eeles de Porquerolles et de Port-Cros :\u00a0\u00ab\u00a0<em>Je ne voulais pas de Nice, ni de Cannes. J&rsquo;ai cherch\u00e9 vers Cassis avant de me rapprocher d&rsquo;ici\u2026<\/em>\u00ab\u00a0. L&rsquo;interpr\u00e8te des tubes <em>Afrique adieu<\/em>, <em>La maladie d&rsquo;amour <\/em>ou encore<em> Etre une femme<\/em> a toujours aim\u00e9 le soleil, lui qui a longtemps poss\u00e9d\u00e9 une demeure en Corse avant de s&rsquo;en s\u00e9parer. Pour s&rsquo;offrir cette nouvelle b\u00e2tisse, Michel Sardou a fait un choix radical en vendant son appartement de Paris et son manoir en Normandie !\u00a0<\/p>\n<div style=\"text-align:center\">\n<figure class=\"image\" style=\"display:inline-block\"><a class=\"fancy\" href=\"https:\/\/img-3.journaldesfemmes.fr\/7CDHHtbcygIk1lcF9r9ikVXnUP0=\/1080x\/smart\/9587a7603b6b419686f6c9a82ff103a6\/ccmcms-jdf\/40052953.jpg\"><img decoding=\"async\" alt=\"\" src=\"https:\/\/img-3.journaldesfemmes.fr\/kBrLKl5vKjwJaJLclmybWMod3aw=\/600x\/smart\/9587a7603b6b419686f6c9a82ff103a6\/ccmcms-jdf\/40052953.jpg\"\/><\/a><figcaption data-credit=\"Wyters Alban\/ABACA\" data-legend=\"Michel Sardou et sa femme Anne-Marie P\u00e9rier\">Michel Sardou et sa femme Anne-Marie P\u00e9rier <small>\u00a9\u00a0Wyters Alban\/ABACA<\/small><\/figcaption><\/figure>\n<\/div>\n<p>Mais pourquoi ici et pas ailleurs ?\u00a0\u00ab\u00a0<em>J&rsquo;ai regard\u00e9 la vue. La bo\u00eete, l\u00e0 <\/em>[la mer\u00a0m\u00e9diterran\u00e9e, face \u00e0 ses fen\u00eatres, ndlr]<em>, elle m&rsquo;\u00e9tonne quand m\u00eame (&#8230;)\u00a0Ici, on ne m&#8217;emmerde pas. On ne me demande pas de selfie\u2026<\/em>\u00ab\u00a0. Et Michel Sardou, qui ne ferme pas la porte \u00e0 d&rsquo;autres activit\u00e9s professionnelles comme refaire du th\u00e9\u00e2tre, de raconter qu&rsquo;il ne fait \u00ab\u00a0<em>pas grand-chose<\/em>\u00a0\u00bb si ce n&rsquo;est promener sa chienne Sissi \u00ab\u00a0<em>\u00e0 la plage, parce qu&rsquo;elle aime nager<\/em>.\u00a0\u00bb Par ailleurs, il souhaite demander au maire l&rsquo;autorisation d&rsquo;organiser \u00ab\u00a0<em>un vrai championnat<\/em>\u00a0\u00bb de boules en l&rsquo;honneur de son p\u00e8re. \u00ab\u00a0<em>J&rsquo;ai de quoi m&rsquo;occuper\u00a0!<\/em>\u00ab\u00a0, a-t-il assur\u00e9.<\/p>\n<h2>Combien vaut la maison de Michel Sardou ?\u00a0<\/h2>\n<p>Le chanteur a tr\u00e8s bien gagn\u00e9 sa vie dans la chanson, lui qui a d\u00e9but\u00e9 sa carri\u00e8re dans les ann\u00e9es 1960 chez Barclay Records.\u00a0Ainsi, <em>Nice-Matin<\/em> d\u00e9voilait pr\u00e9c\u00e9demment que Michel Sardou avait donc pu acqu\u00e9rir \u00ab\u00a0<em>une villa de 600 m\u00b2 avec piscine et vue mer, achet\u00e9e en septembre 2023\u00a0pour 6,3\u00a0millions d&rsquo;euros avant travaux.<\/em>\u00a0\u00bb Une tr\u00e8s jolie somme !<\/p>\n<p>Le seul souci de sa nouvelle maison ? C&rsquo;est monsieur le maire, Fran\u00e7ois Arizzi, qui en parle le mieux. Invit\u00e9 chez les Sardou, il relatait sa rencontre avec le couple aupr\u00e8s du quotidien local : \u00ab\u00a0<em>On a \u00e9voqu\u00e9 ses probl\u00e8mes d&rsquo;assainissement et d&rsquo;\u00e9pandage. Ce que l&rsquo;ancien propri\u00e9taire, un industriel, n&rsquo;avait pas fait \u00e0 l&rsquo;\u00e9poque<\/em>.\u00a0\u00bb<\/p>\n<\/p><\/div>\n<p>[ad_2]<br \/>\n<br \/><a href=\"https:\/\/www.journaldesfemmes.fr\/people\/actus\/3246352-michel-sardou-et-sa-derniere-maison-du-cap-benat-le-declic-j-ai-regarde-la\/\">Source link <\/a><\/p>\n","protected":false},"excerpt":{"rendered":"<p>[ad_1] Cette fois, c&rsquo;est la der des ders pour Michel Sardou\u00a0! Apr\u00e8s avoir habit\u00e9 en Corse, \u00e0 Paris et en &hellip; <a href=\"http:\/\/www.affinite.fr\/index.php\/2025\/11\/04\/le-declic-jai-regarde-la\/\" class=\"more-link\">Plus <span class=\"screen-reader-text\">Le d\u00e9clic\u00a0? \u00ab\u00a0J&rsquo;ai regard\u00e9 la&#8230;\u00a0\u00bb<\/span> <span class=\"meta-nav\">&rarr;<\/span><\/a><\/p>\n","protected":false},"author":1,"featured_media":12394,"comment_status":"","ping_status":"open","sticky":false,"template":"","format":"standard","meta":{"_sitemap_exclude":false,"_sitemap_priority":"","_sitemap_frequency":"","footnotes":""},"categories":[1],"tags":[],"class_list":["post-12393","post","type-post","status-publish","format-standard","has-post-thumbnail","hentry","category-tous"],"_links":{"self":[{"href":"http:\/\/www.affinite.fr\/index.php\/wp-json\/wp\/v2\/posts\/12393"}],"collection":[{"href":"http:\/\/www.affinite.fr\/index.php\/wp-json\/wp\/v2\/posts"}],"about":[{"href":"http:\/\/www.affinite.fr\/index.php\/wp-json\/wp\/v2\/types\/post"}],"author":[{"embeddable":true,"href":"http:\/\/www.affinite.fr\/index.php\/wp-json\/wp\/v2\/users\/1"}],"replies":[{"embeddable":true,"href":"http:\/\/www.affinite.fr\/index.php\/wp-json\/wp\/v2\/comments?post=12393"}],"version-history":[{"count":0,"href":"http:\/\/www.affinite.fr\/index.php\/wp-json\/wp\/v2\/posts\/12393\/revisions"}],"wp:featuredmedia":[{"embeddable":true,"href":"http:\/\/www.affinite.fr\/index.php\/wp-json\/wp\/v2\/media\/12394"}],"wp:attachment":[{"href":"http:\/\/www.affinite.fr\/index.php\/wp-json\/wp\/v2\/media?parent=12393"}],"wp:term":[{"taxonomy":"category","embeddable":true,"href":"http:\/\/www.affinite.fr\/index.php\/wp-json\/wp\/v2\/categories?post=12393"},{"taxonomy":"post_tag","embeddable":true,"href":"http:\/\/www.affinite.fr\/index.php\/wp-json\/wp\/v2\/tags?post=12393"}],"curies":[{"name":"wp","href":"https:\/\/api.w.org\/{rel}","templated":true}]}}