{"id":12375,"date":"2025-11-01T14:54:07","date_gmt":"2025-11-01T14:54:07","guid":{"rendered":"https:\/\/www.affinite.fr\/index.php\/2025\/11\/01\/courances-un-jardin-a-visiter\/"},"modified":"2025-11-01T14:54:07","modified_gmt":"2025-11-01T14:54:07","slug":"courances-un-jardin-a-visiter","status":"publish","type":"post","link":"http:\/\/www.affinite.fr\/index.php\/2025\/11\/01\/courances-un-jardin-a-visiter\/","title":{"rendered":"Courances, un jardin \u00e0 visiter"},"content":{"rendered":"<p> [ad_1]<br \/>\n<br \/><img decoding=\"async\" src=\"https:\/\/maison.com\/images\/medias\/000\/000\/000000241\/200.jpg\" \/><\/p>\n<div itemprop=\"articleBody\">\n<p>\n  A 50 km de Paris, autour du ch\u00e2teau Louis XIII, une grande promenade \u00e0 faire pendant le week-end et d\u00e9couvrir ce magnifique parc dont la cr\u00e9ation remonte au XVI \u00e8me si\u00e8cle qui joue au d\u00e9tour des all\u00e9es et des bosquets, le romantisme et le classicisme.<\/p>\n<p>L\u2019All\u00e9e d\u2019arriv\u00e9e bord\u00e9e par deux canaux plant\u00e9s de platanes centenaires est majestueuse. 75 hectares, 17 pi\u00e8ces d\u2019eau aliment\u00e9es par les 14 sources d\u2019eau \u00ab courantes \u00bb, un jardin japonais, un parc \u00e0 l\u2019esprit \u00ab fran\u00e7ais \u00bb imagin\u00e9 par les Duch\u00eane au d\u00e9but du XX \u00e8me si\u00e8cle, un sous-bois de foug\u00e8res, un vrai bonheur pour les amateurs de jardin, qui sauront appr\u00e9cier les statues de pierre qui se fondent dans les platanes et les buis arborescents. Perspectives de cama\u00efeux de verts, reflets des arbres sur le miroir de l\u2019eau, gouttes d\u2019eau que l\u2019on entend sourdre des sources secr\u00e8tes, senteurs marqu\u00e9es des buis apr\u00e8s l\u2019ond\u00e9e, odeurs de l\u2019herbe fra\u00eechement coup\u00e9e. Prenez le temps de vous impr\u00e9gner de cet endroit unique.<\/p>\n<p>Le salon de th\u00e9 \u00ab La Foulerie \u00bb est tout aussi charmant : des grands canap\u00e9s en chintz bleu vous attendent avec tous les livres de jardin, pour prendre un th\u00e9 et profiter de la terrasse ensoleill\u00e9e.<\/p>\n<p>Ouvert tous les week-ends du mois d&rsquo;avril \u00e0 tout d\u00e9but novembre de 14 h \u00e0 18 h 30 \u2013<br \/>Parc du Ch\u00e2teau de Courances \u2013 91490 \u2013 Courances<br \/>Tel : 01 64 98 41 18 : le week-end \u2013 du lundi au vendredi : 01 40 62 07 71<br \/>En semaine, le jardin est r\u00e9serv\u00e9 aux visites de groupes sur rendez-vous au : 01 40 62 07 71<br \/>Email : <a href=\"mailto:info@domainedecourances.com\">info@domainedecourances.com<\/a><br \/>Site : <a href=\"https:\/\/www.domainedecourances.com\">www.domainedecourances.com<\/a><br \/>De Paris : Autouroute A6 \u2013 sortie N\u00b0 13 \u2013 Milly-la-For\u00eat \u2013 ou Gare SNCF de Avon Fontainebleau \u2013 puis navette. Rens : 01 60 39 60 39<br \/>Ou encore RER ligne D jusqu\u2019\u00e0 Boutigny, puis taxi<\/p>\n<p>Article publi\u00e9 le 02\/03\/2009 et mis \u00e0 jour par maison.com le 22\/10\/2025\n<\/p>\n<\/p><\/div>\n<p><script async defer crossorigin=\"anonymous\" src=\"https:\/\/connect.facebook.net\/fr_FR\/sdk.js#xfbml=1&#038;version=v6.0&#038;appId=252025098257546&#038;autoLogAppEvents=1\"><\/script><br \/>\n<br \/>[ad_2]<br \/>\n<br \/><a href=\"https:\/\/maison.com\/jardin\/jardins-visiter\/courances-jardin-visiter-dans-essone-27\/\">Source link <\/a><\/p>\n","protected":false},"excerpt":{"rendered":"<p>[ad_1] A 50 km de Paris, autour du ch\u00e2teau Louis XIII, une grande promenade \u00e0 faire pendant le week-end et &hellip; <a href=\"http:\/\/www.affinite.fr\/index.php\/2025\/11\/01\/courances-un-jardin-a-visiter\/\" class=\"more-link\">Plus <span class=\"screen-reader-text\">Courances, un jardin \u00e0 visiter<\/span> <span class=\"meta-nav\">&rarr;<\/span><\/a><\/p>\n","protected":false},"author":1,"featured_media":12376,"comment_status":"","ping_status":"open","sticky":false,"template":"","format":"standard","meta":{"_sitemap_exclude":false,"_sitemap_priority":"","_sitemap_frequency":"","footnotes":""},"categories":[1],"tags":[],"class_list":["post-12375","post","type-post","status-publish","format-standard","has-post-thumbnail","hentry","category-tous"],"_links":{"self":[{"href":"http:\/\/www.affinite.fr\/index.php\/wp-json\/wp\/v2\/posts\/12375"}],"collection":[{"href":"http:\/\/www.affinite.fr\/index.php\/wp-json\/wp\/v2\/posts"}],"about":[{"href":"http:\/\/www.affinite.fr\/index.php\/wp-json\/wp\/v2\/types\/post"}],"author":[{"embeddable":true,"href":"http:\/\/www.affinite.fr\/index.php\/wp-json\/wp\/v2\/users\/1"}],"replies":[{"embeddable":true,"href":"http:\/\/www.affinite.fr\/index.php\/wp-json\/wp\/v2\/comments?post=12375"}],"version-history":[{"count":0,"href":"http:\/\/www.affinite.fr\/index.php\/wp-json\/wp\/v2\/posts\/12375\/revisions"}],"wp:featuredmedia":[{"embeddable":true,"href":"http:\/\/www.affinite.fr\/index.php\/wp-json\/wp\/v2\/media\/12376"}],"wp:attachment":[{"href":"http:\/\/www.affinite.fr\/index.php\/wp-json\/wp\/v2\/media?parent=12375"}],"wp:term":[{"taxonomy":"category","embeddable":true,"href":"http:\/\/www.affinite.fr\/index.php\/wp-json\/wp\/v2\/categories?post=12375"},{"taxonomy":"post_tag","embeddable":true,"href":"http:\/\/www.affinite.fr\/index.php\/wp-json\/wp\/v2\/tags?post=12375"}],"curies":[{"name":"wp","href":"https:\/\/api.w.org\/{rel}","templated":true}]}}