{"id":12373,"date":"2025-10-31T21:09:14","date_gmt":"2025-10-31T21:09:14","guid":{"rendered":"http:\/\/www.affinite.fr\/index.php\/2025\/10\/31\/personne-nose-donner-cette-info-sur-un-cv-pourtant-ca-permet-de-decrocher-un-entretien-plus-vite\/"},"modified":"2025-10-31T21:09:14","modified_gmt":"2025-10-31T21:09:14","slug":"personne-nose-donner-cette-info-sur-un-cv-pourtant-ca-permet-de-decrocher-un-entretien-plus-vite","status":"publish","type":"post","link":"http:\/\/www.affinite.fr\/index.php\/2025\/10\/31\/personne-nose-donner-cette-info-sur-un-cv-pourtant-ca-permet-de-decrocher-un-entretien-plus-vite\/","title":{"rendered":"Personne n&rsquo;ose donner cette info sur un CV, pourtant \u00e7a permet de d\u00e9crocher un entretien plus vite"},"content":{"rendered":"<p> [ad_1]<br \/>\n<br \/><img decoding=\"async\" src=\"https:\/\/img-3.journaldesfemmes.fr\/KwYCiCtM2qG4TqopQ9InzqMBh2w=\/1280x\/smart\/df1582686a8f414db6d6885c20b0fb6b\/ccmcms-jdf\/40051984.jpg\" \/><\/p>\n<p>\n                            Une petite ligne en plus, pla\u00e7ant directement votre candidature en haut de la pile.<\/p>\n<div>\n<p>Les candidatures s&rsquo;accumulent, les r\u00e9ponses se font rares, et les candidats finissent par douter. Mais selon une directrice des ressources humaines, une information souvent pass\u00e9e sous silence ferait toute la diff\u00e9rence pour parvenir \u00e0 d\u00e9crocher un entretien d&#8217;embauche avant tout le monde.\u00a0<\/p>\n<p>En effet, les recruteurs re\u00e7oivent des dizaines, parfois des centaines de candidatures pour un m\u00eame poste, c&rsquo;est pourquoi il suffit g\u00e9n\u00e9ralement d&rsquo;un d\u00e9tail pour qu&rsquo;un CV soit \u00e9cart\u00e9 sans un regard. Dans ce contexte ultra concurrentiel, la strat\u00e9gie compte presque autant que les comp\u00e9tences. Avery Morgan, DRH chez EduBirdie, plateforme sp\u00e9cialis\u00e9e dans l&rsquo;accompagnement des \u00e9tudiants et jeunes actifs, observe ce ph\u00e9nom\u00e8ne tous les jours.<em> \u00ab\u00a0Les candidats sont de plus en plus frustr\u00e9s. Ils postulent, attendent des semaines, et finissent par \u00eatre ghost\u00e9s. Pourtant, certains petits ajustements dans un CV peuvent radicalement changer la donne.\u00a0\u00bb<\/em> Selon elle, il ne suffit plus d&#8217;empiler les exp\u00e9riences. Ce qui attire aujourd&rsquo;hui l&rsquo;\u0153il d&rsquo;un recruteur, c&rsquo;est la clart\u00e9 et l&rsquo;audace.<\/p>\n<p>Avery Morgan le constate\u00a0: les employeurs cherchent avant tout des profils s\u00fbrs d&rsquo;eux, capables d&rsquo;exprimer clairement ce qu&rsquo;ils veulent. <em>\u00ab\u00a0Le march\u00e9 du travail s&rsquo;est tendu. Les entreprises n&rsquo;ont pas le temps de deviner les attentes des candidats. Elles veulent savoir o\u00f9 elles mettent les pieds.\u00a0\u00bb<\/em> R\u00e9sultat\u00a0: ceux qui annoncent la couleur d\u00e8s le d\u00e9part passent souvent en t\u00eate de pile. Cette transparence t\u00e9moigne de la ma\u00eetrise de son parcours. Elle montre qu&rsquo;on conna\u00eet sa valeur, qu&rsquo;on s&rsquo;est renseign\u00e9 sur les standards du secteur et qu&rsquo;on n&rsquo;a pas peur d&rsquo;en parler. C&rsquo;est aussi, d&rsquo;apr\u00e8s la sp\u00e9cialiste, une fa\u00e7on de filtrer les offres qui ne correspondent pas r\u00e9ellement \u00e0 ses ambitions.<\/p>\n<p>On parle ici du salaire. Oui, indiquer ses attentes salariales noir sur blanc dans son CV &#8211; ou dans sa lettre de motivation &#8211; acc\u00e9l\u00e8re souvent le processus. <em>\u00ab\u00a058\u00a0% de la g\u00e9n\u00e9ration Z ne postulent m\u00eame pas sans avoir affich\u00e9 le salaire\u00a0\u00bb,<\/em> rappelle la DRH.<\/p>\n<p>Et pour cause\u00a0: cette donn\u00e9e, encore jug\u00e9e taboue par beaucoup, permet en r\u00e9alit\u00e9 d&rsquo;instaurer une relation plus \u00e9quilibr\u00e9e d\u00e8s le d\u00e9part. <em>\u00ab\u00a0En g\u00e9n\u00e9ral, si vous ne mentionnez rien, l&rsquo;entreprise proposera le minimum. Mais si vous affichez vos attentes, vous fixez un cadre\u00a0\u00bb<\/em>, insiste-t-elle. \u00c9videmment, elle conseille d&rsquo;abord de se renseigner sur les taux du march\u00e9 avant de se positionner, afin d&rsquo;\u00eatre \u00e0 la fois r\u00e9aliste et cr\u00e9dible.\u00a0<\/p>\n<\/p><\/div>\n<p>[ad_2]<br \/>\n<br \/><a href=\"https:\/\/www.journaldesfemmes.fr\/societe\/actu\/3245696-personne-n-ose-donner-cette-info-sur-un-cv-pourtant-ca-permet-de-decrocher-un-entretien-plus-vite\/\">Source link <\/a><\/p>\n","protected":false},"excerpt":{"rendered":"<p>[ad_1] Une petite ligne en plus, pla\u00e7ant directement votre candidature en haut de la pile. Les candidatures s&rsquo;accumulent, les r\u00e9ponses &hellip; <a href=\"http:\/\/www.affinite.fr\/index.php\/2025\/10\/31\/personne-nose-donner-cette-info-sur-un-cv-pourtant-ca-permet-de-decrocher-un-entretien-plus-vite\/\" class=\"more-link\">Plus <span class=\"screen-reader-text\">Personne n&rsquo;ose donner cette info sur un CV, pourtant \u00e7a permet de d\u00e9crocher un entretien plus vite<\/span> <span class=\"meta-nav\">&rarr;<\/span><\/a><\/p>\n","protected":false},"author":1,"featured_media":12374,"comment_status":"","ping_status":"open","sticky":false,"template":"","format":"standard","meta":{"_sitemap_exclude":false,"_sitemap_priority":"","_sitemap_frequency":"","footnotes":""},"categories":[1],"tags":[],"class_list":["post-12373","post","type-post","status-publish","format-standard","has-post-thumbnail","hentry","category-tous"],"_links":{"self":[{"href":"http:\/\/www.affinite.fr\/index.php\/wp-json\/wp\/v2\/posts\/12373"}],"collection":[{"href":"http:\/\/www.affinite.fr\/index.php\/wp-json\/wp\/v2\/posts"}],"about":[{"href":"http:\/\/www.affinite.fr\/index.php\/wp-json\/wp\/v2\/types\/post"}],"author":[{"embeddable":true,"href":"http:\/\/www.affinite.fr\/index.php\/wp-json\/wp\/v2\/users\/1"}],"replies":[{"embeddable":true,"href":"http:\/\/www.affinite.fr\/index.php\/wp-json\/wp\/v2\/comments?post=12373"}],"version-history":[{"count":0,"href":"http:\/\/www.affinite.fr\/index.php\/wp-json\/wp\/v2\/posts\/12373\/revisions"}],"wp:featuredmedia":[{"embeddable":true,"href":"http:\/\/www.affinite.fr\/index.php\/wp-json\/wp\/v2\/media\/12374"}],"wp:attachment":[{"href":"http:\/\/www.affinite.fr\/index.php\/wp-json\/wp\/v2\/media?parent=12373"}],"wp:term":[{"taxonomy":"category","embeddable":true,"href":"http:\/\/www.affinite.fr\/index.php\/wp-json\/wp\/v2\/categories?post=12373"},{"taxonomy":"post_tag","embeddable":true,"href":"http:\/\/www.affinite.fr\/index.php\/wp-json\/wp\/v2\/tags?post=12373"}],"curies":[{"name":"wp","href":"https:\/\/api.w.org\/{rel}","templated":true}]}}