{"id":12361,"date":"2025-10-30T02:53:12","date_gmt":"2025-10-30T02:53:12","guid":{"rendered":"https:\/\/www.affinite.fr\/index.php\/2025\/10\/30\/faut-il-changer-de-fournisseur-delectrictie-ou-de-gaz-naturel\/"},"modified":"2025-10-30T02:53:12","modified_gmt":"2025-10-30T02:53:12","slug":"faut-il-changer-de-fournisseur-delectrictie-ou-de-gaz-naturel","status":"publish","type":"post","link":"http:\/\/www.affinite.fr\/index.php\/2025\/10\/30\/faut-il-changer-de-fournisseur-delectrictie-ou-de-gaz-naturel\/","title":{"rendered":"Faut-il changer de fournisseur d&rsquo;\u00e9lectricti\u00e9 ou de gaz naturel ?"},"content":{"rendered":"<p> [ad_1]<br \/>\n<br \/><img decoding=\"async\" src=\"https:\/\/maison.com\/images\/medias\/000\/055\/000055451\/200.jpg\" \/><\/p>\n<div itemprop=\"articleBody\">\n<p>\n  En 2007, lors des premiers pas de la lib\u00e9ralisation du march\u00e9 de l&rsquo;\u00e9nergie, la question de quitter les fournisseurs historiques (EDF et Gaz de France) se posait \u00e0 peine. La m\u00e9fiance dominait et le conseil, prudent, \u00e9tait souvent de conserver les tarifs r\u00e9glement\u00e9s (TRV).\n<\/p>\n<p>\n  Dix-huit ans plus tard, le paysage \u00e9nerg\u00e9tique fran\u00e7ais est m\u00e9connaissable. Apr\u00e8s une crise des prix sans pr\u00e9c\u00e9dent en 2022-2023, la fin des boucliers tarifaires et la fermeture aux nouveaux clients du tarif r\u00e9glement\u00e9 du gaz, la question n&rsquo;est plus \u00ab\u00a0faut-il changer ?\u00a0\u00bb, mais plut\u00f4t \u00ab\u00a0comment et pour qui changer ?\u00a0\u00bb.\n<\/p>\n<p>\n  Si vous n&rsquo;avez jamais chang\u00e9 de contrat depuis 2007, vous \u00eates aujourd&rsquo;hui dans l&rsquo;une de ces deux situations :\n<\/p>\n<ol start=\"1\">\n<li>\n<p>\n      <b>Pour le gaz :<\/b> Votre tarif r\u00e9glement\u00e9 (TRV) chez Engie (ex-GDF) a \u00e9t\u00e9 <b>supprim\u00e9 le 30 juin 2023<\/b>. Si vous n&rsquo;avez rien fait, vous avez \u00e9t\u00e9 bascul\u00e9 automatiquement sur une offre de march\u00e9 par d\u00e9faut, appel\u00e9e \u00ab\u00a0Passerelle\u00a0\u00bb.\n    <\/p>\n<\/li>\n<li>\n<p>\n      <b>Pour l&rsquo;\u00e9lectricit\u00e9 :<\/b> Vous \u00eates probablement encore au \u00ab\u00a0Tarif Bleu\u00a0\u00bb (TRV) d&rsquo;EDF. Ce tarif est le seul qui ait surv\u00e9cu, mais il a subi la fin du \u00ab\u00a0bouclier tarifaire\u00a0\u00bb le 1er f\u00e9vrier 2025, entra\u00eenant de fortes hausses.\n    <\/p>\n<\/li>\n<\/ol>\n<p>\n  Analyser sa facture est devenu une n\u00e9cessit\u00e9. Voici les deux motivations principales qui, aujourd&rsquo;hui, poussent au changement.\n<\/p>\n<h3>\n  \u00a0<br \/>\n<\/h3>\n<h3>\n  1. La motivation \u00e9conomique : faire (enfin) des \u00e9conomies<br \/>\n<\/h3>\n<p>\n  En 2007, l&rsquo;article original conseillait de rester au TRV, car les offres alternatives \u00e9taient rares et peu comp\u00e9titives.\n<\/p>\n<p>\n  <b>Ce qui a chang\u00e9 en 2025 :<\/b> C&rsquo;est d\u00e9sormais l&rsquo;inverse. Le TRV de l&rsquo;\u00e9lectricit\u00e9 sert de r\u00e9f\u00e9rence, mais il est rarement le plus \u00e9conomique. Depuis la fin du bouclier tarifaire, les fournisseurs alternatifs (TotalEnergies, Ekwateur, Octopus Energy, Eni, Vattenfall, etc.) proposent des offres de march\u00e9 souvent plus agressives.\n<\/p>\n<p>\n  Le consommateur fait face \u00e0 deux grands types d&rsquo;offres :\n<\/p>\n<ul>\n<li>\n<p>\n      <b>Les offres \u00e0 prix fixe :<\/b> Elles garantissent un prix du kWh (hors taxes) stable pendant 1, 2 ou 3 ans. C&rsquo;est l&rsquo;option \u00ab\u00a0s\u00e9curit\u00e9\u00a0\u00bb pour ceux qui craignent une nouvelle flamb\u00e9e des march\u00e9s, mais le prix de d\u00e9part est souvent l\u00e9g\u00e8rement sup\u00e9rieur au TRV.\n    <\/p>\n<\/li>\n<li>\n<p>\n      <b>Les offres \u00e0 prix index\u00e9 (sur le TRV ou le march\u00e9 de gros) :<\/b> Elles suivent les fluctuations, \u00e0 la hausse comme \u00e0 la baisse. Apr\u00e8s la crise, les prix de gros ayant baiss\u00e9, ces offres sont souvent tr\u00e8s comp\u00e9titives en 2025, mais plus risqu\u00e9es.\n    <\/p>\n<\/li>\n<\/ul>\n<p>\n  Pour le gaz, la situation est encore plus claire : l&rsquo;offre \u00ab\u00a0Passerelle\u00a0\u00bb d&rsquo;Engie pour les ex-clients du TRV n&rsquo;est pas la plus comp\u00e9titive. Rester passif, c&rsquo;est l&rsquo;assurance de payer plus cher.\n<\/p>\n<p>\n  <b>Le conseil 2025 :<\/b> N&rsquo;attendez plus. Utiliser un comparateur ind\u00e9pendant est indispensable. Le seul outil public et exhaustif est celui du <b>M\u00e9diateur national de l&rsquo;\u00e9nergie<\/b> (comparateur.energie-info.fr).\n<\/p>\n<p>\n  \u00a0\n<\/p>\n<h3>\n  2. La motivation \u00e9cologique : choisir une \u00e9nergie <i>vraiment<\/i> verte<br \/>\n<\/h3>\n<p>\n  En 2007, l&rsquo;article mettait en garde contre le \u00ab\u00a0greenwashing\u00a0\u00bb des offres \u00ab\u00a0vertes\u00a0\u00bb qui, d\u00e9j\u00e0 \u00e0 l&rsquo;\u00e9poque, se contentaient d&rsquo;acheter des \u00ab\u00a0Garanties d&rsquo;Origine\u00a0\u00bb (GO) sans investir dans de nouveaux moyens de production. Il citait un label \u00e9mergent, \u00ab\u00a0EVE\u00a0\u00bb, et un classement Greenpeace qui pl\u00e9biscitait Enercoop.\n<\/p>\n<p>\n  <b>Ce qui a chang\u00e9 en 2025 :<\/b> Le \u00ab\u00a0greenwashing\u00a0\u00bb est plus que jamais d&rsquo;actualit\u00e9. La plupart des offres \u00ab\u00a0vertes\u00a0\u00bb standards ne font qu&rsquo;acheter des GO sur le march\u00e9 europ\u00e9en, d\u00e9connectant l&rsquo;acte d&rsquo;achat de la production r\u00e9elle.\n<\/p>\n<p>\n  Cependant, la situation s&rsquo;est clarifi\u00e9e pour le consommateur engag\u00e9 :\n<\/p>\n<ul>\n<li>\n<p>\n      <b>Le Label de r\u00e9f\u00e9rence :<\/b> Le label \u00ab\u00a0EVE\u00a0\u00bb de 2007 n&rsquo;existe plus. Il a \u00e9t\u00e9 remplac\u00e9 par le seul label reconnu par l&rsquo;\u00c9tat : <b>\u00ab\u00a0VertVolt\u00a0\u00bb<\/b>, g\u00e9r\u00e9 par l&rsquo;ADEME (l&rsquo;Agence de la Transition \u00c9cologique).\n    <\/p>\n<\/li>\n<li>\n<p>\n      Le label <b>\u00ab\u00a0VertVolt\u00a0\u00bb<\/b>, cr\u00e9\u00e9 en 2023, permet effectivement de distinguer les offres r\u00e9ellement vertes, mais son adoption reste encore limit\u00e9e parmi les grands fournisseurs.\n    <\/p>\n<\/li>\n<li>\n<p>\n      <b>Les niveaux d&rsquo;engagement :<\/b> Ce label audite les offres des fournisseurs et propose deux niveaux :\n    <\/p>\n<ul>\n<li>\n<p>\n          <b>Niveau 1 (\u00ab\u00a0Choix engag\u00e9\u00a0\u00bb) :<\/b> Le fournisseur ach\u00e8te son \u00e9lectricit\u00e9 et ses Garanties d&rsquo;Origine au <i>m\u00eame producteur renouvelable fran\u00e7ais<\/i>.\n        <\/p>\n<\/li>\n<li>\n<p>\n          <b>Niveau 2 (\u00ab\u00a0Choix tr\u00e8s engag\u00e9\u00a0\u00bb) :<\/b> Le fournisseur va plus loin, en achetant \u00e0 des installations r\u00e9centes, non soutenues par l&rsquo;\u00c9tat, ou issues de la gouvernance partag\u00e9e (projets citoyens).\n        <\/p>\n<\/li>\n<\/ul>\n<\/li>\n<li>\n<p>\n      <b>Les classements :<\/b> Les classements (Greenpeace, Hello Watt) existent toujours. Ils continuent de classer les fournisseurs \u00ab\u00a0historiques\u00a0\u00bb (EDF, Engie) ou les g\u00e9ants (TotalEnergies, Eni) comme \u00ab\u00a0vraiment mauvais\u00a0\u00bb pour le climat, car si une <i>partie<\/i> de leurs offres est verte, l&rsquo;essentiel de leurs investissements mondiaux reste tourn\u00e9 vers les \u00e9nergies fossiles ou le nucl\u00e9aire.\n    <\/p>\n<\/li>\n<li>\n<p>\n      <b>Le prix :<\/b> Si, en 2007, Enercoop (le fournisseur le plus vert) \u00e9tait 30% plus cher, l&rsquo;\u00e9cart s&rsquo;est consid\u00e9rablement r\u00e9duit. Des fournisseurs labellis\u00e9s \u00ab\u00a0VertVolt\u00a0\u00bb (comme Enercoop, mais aussi Octopus Energy, Alterna, et certaines offres sp\u00e9cifiques chez d&rsquo;autres) proposent des tarifs devenus plus comp\u00e9titifs, m\u00eame si un \u00e9cart de prix persiste.\n    <\/p>\n<\/li>\n<\/ul>\n<p>\n  <b>Le conseil 2025 :<\/b> Si votre motivation est \u00e9cologique, ne vous contentez pas de l&rsquo;argument \u00ab\u00a0vert\u00a0\u00bb. Exigez un fournisseur proposant une offre labellis\u00e9e <b>VertVolt<\/b> par l&rsquo;ADEME.\n<\/p>\n<h3>\n  Conclusion : ce qu&rsquo;il faut savoir avant de changer<br \/>\n<\/h3>\n<p>\n  En 2007, la conclusion \u00e9tait d&rsquo;attendre. En 2025, la conclusion est d&rsquo;agir.\n<\/p>\n<p>\n  Que votre motivation soit \u00e9conomique (depuis la fin du bouclier tarifaire) ou \u00e9cologique (gr\u00e2ce au label VertVolt), rester sur les contrats historiques n&rsquo;est plus la solution optimale.\n<\/p>\n<p>\n  Les craintes de 2007 ont \u00e9t\u00e9 lev\u00e9es par la loi. Il est crucial de rappeler que changer de fournisseur est :\n<\/p>\n<ul>\n<li>\n<p>\n      <b>Gratuit :<\/b> Aucun frais de r\u00e9siliation ou d&rsquo;activation.\n    <\/p>\n<\/li>\n<li>\n<p>\n      <b>Sans coupure :<\/b> L&rsquo;\u00e9nergie est livr\u00e9e par les m\u00eames gestionnaires (Enedis pour l&rsquo;\u00e9lectricit\u00e9, GRDF pour le gaz). C&rsquo;est juste une affaire administrative.\n    <\/p>\n<\/li>\n<li>\n<p>\n      <b>Sans engagement :<\/b> Vous pouvez changer de fournisseur autant de fois que vous le souhaitez, et m\u00eame revenir au TRV de l&rsquo;\u00e9lectricit\u00e9 (Tarif Bleu EDF) \u00e0 tout moment.\n    <\/p>\n<\/li>\n<li>\n<p>\n      <b>Simple :<\/b> Il suffit de souscrire chez un nouveau fournisseur ; c&rsquo;est lui qui s&rsquo;occupe de r\u00e9silier votre ancien contrat.\n    <\/p>\n<\/li>\n<li>\n<p>\n      <b>Attention :<\/b> Il faut\u00a0cependant bien v\u00e9rifier la solidit\u00e9 financi\u00e8re des petits fournisseurs alternatifs, plusieurs ayant fait faillite lors de la crise \u00e9nerg\u00e9tique. .\n    <\/p>\n<\/li>\n<\/ul>\n<p>(Mise \u00e0 jour d&rsquo;un article de 2007 <a href=\"https:\/\/maison.com\/brico-travaux\/confort\/faut-changer-fournisseur-electrictie-gaz-naturel-4761\/\" target=\"_blank\" rel=\"noopener\">https:\/\/maison.com\/brico-travaux\/confort\/faut-changer-fournisseur-electrictie-gaz-naturel-4761\/<\/a>)\n<\/p>\n<p>\n  \u00a0\n<\/p>\n<\/p><\/div>\n<p><script async defer crossorigin=\"anonymous\" src=\"https:\/\/connect.facebook.net\/fr_FR\/sdk.js#xfbml=1&#038;version=v6.0&#038;appId=252025098257546&#038;autoLogAppEvents=1\"><\/script><br \/>\n<br \/>[ad_2]<br \/>\n<br \/><a href=\"https:\/\/maison.com\/brico-travaux\/confort\/faut-changer-fournisseur-electricite-gaz-9802\/\">Source link <\/a><\/p>\n","protected":false},"excerpt":{"rendered":"<p>[ad_1] En 2007, lors des premiers pas de la lib\u00e9ralisation du march\u00e9 de l&rsquo;\u00e9nergie, la question de quitter les fournisseurs &hellip; <a href=\"http:\/\/www.affinite.fr\/index.php\/2025\/10\/30\/faut-il-changer-de-fournisseur-delectrictie-ou-de-gaz-naturel\/\" class=\"more-link\">Plus <span class=\"screen-reader-text\">Faut-il changer de fournisseur d&rsquo;\u00e9lectricti\u00e9 ou de gaz naturel ?<\/span> <span class=\"meta-nav\">&rarr;<\/span><\/a><\/p>\n","protected":false},"author":1,"featured_media":12362,"comment_status":"","ping_status":"open","sticky":false,"template":"","format":"standard","meta":{"_sitemap_exclude":false,"_sitemap_priority":"","_sitemap_frequency":"","footnotes":""},"categories":[1],"tags":[],"class_list":["post-12361","post","type-post","status-publish","format-standard","has-post-thumbnail","hentry","category-tous"],"_links":{"self":[{"href":"http:\/\/www.affinite.fr\/index.php\/wp-json\/wp\/v2\/posts\/12361"}],"collection":[{"href":"http:\/\/www.affinite.fr\/index.php\/wp-json\/wp\/v2\/posts"}],"about":[{"href":"http:\/\/www.affinite.fr\/index.php\/wp-json\/wp\/v2\/types\/post"}],"author":[{"embeddable":true,"href":"http:\/\/www.affinite.fr\/index.php\/wp-json\/wp\/v2\/users\/1"}],"replies":[{"embeddable":true,"href":"http:\/\/www.affinite.fr\/index.php\/wp-json\/wp\/v2\/comments?post=12361"}],"version-history":[{"count":0,"href":"http:\/\/www.affinite.fr\/index.php\/wp-json\/wp\/v2\/posts\/12361\/revisions"}],"wp:featuredmedia":[{"embeddable":true,"href":"http:\/\/www.affinite.fr\/index.php\/wp-json\/wp\/v2\/media\/12362"}],"wp:attachment":[{"href":"http:\/\/www.affinite.fr\/index.php\/wp-json\/wp\/v2\/media?parent=12361"}],"wp:term":[{"taxonomy":"category","embeddable":true,"href":"http:\/\/www.affinite.fr\/index.php\/wp-json\/wp\/v2\/categories?post=12361"},{"taxonomy":"post_tag","embeddable":true,"href":"http:\/\/www.affinite.fr\/index.php\/wp-json\/wp\/v2\/tags?post=12361"}],"curies":[{"name":"wp","href":"https:\/\/api.w.org\/{rel}","templated":true}]}}