{"id":12357,"date":"2025-10-29T21:07:25","date_gmt":"2025-10-29T21:07:25","guid":{"rendered":"http:\/\/www.affinite.fr\/index.php\/2025\/10\/29\/cette-destination-detrone-marrakech-dans-le-coeur-des-francais-pour-le-pont-de-novembre\/"},"modified":"2025-10-29T21:07:25","modified_gmt":"2025-10-29T21:07:25","slug":"cette-destination-detrone-marrakech-dans-le-coeur-des-francais-pour-le-pont-de-novembre","status":"publish","type":"post","link":"http:\/\/www.affinite.fr\/index.php\/2025\/10\/29\/cette-destination-detrone-marrakech-dans-le-coeur-des-francais-pour-le-pont-de-novembre\/","title":{"rendered":"Cette destination d\u00e9tr\u00f4ne Marrakech dans le c\u0153ur des Fran\u00e7ais pour le pont de Novembre"},"content":{"rendered":"<p> [ad_1]<br \/>\n<br \/><img decoding=\"async\" src=\"https:\/\/img-3.journaldesfemmes.fr\/n2RSVYAjDfw1LOgJygF_0w5db08=\/1280x\/smart\/92f268c1e6764431ae14e3e198b4248b\/ccmcms-jdf\/40052129.jpg\" \/><\/p>\n<p>\n                            O\u00f9 poser ses valises pour le pont du 11\u00a0novembre\u00a0? Si les destinations ne manquent pas, une ville en particulier tire cette ann\u00e9e son \u00e9pingle du jeu. Et elle s&rsquo;offre m\u00eame le luxe de passer devant la populaire Marrakech.<\/p>\n<div>\n<p>Quand l&rsquo;automne s&rsquo;installe et que les Fran\u00e7ais r\u00eavent de retrouver la chaleur du soleil, nombreux sont ceux \u00e0 prendre l&rsquo;avion direction Marrakech ; c&rsquo;est d&rsquo;ailleurs devenu le refuge de nombreuses stars qui y poss\u00e8dent une maison. Mais la cit\u00e9 marocaine se fait aujourd&rsquo;hui d\u00e9tr\u00f4ner dans le c\u0153ur des voyageurs&#8230;<\/p>\n<p>En effet, c&rsquo;est ce qui ressort d&rsquo;une \u00e9tude men\u00e9e par\u00a0le moteur de recherches sp\u00e9cialis\u00e9 dans le tourisme\u00a0<a href=\"https:\/\/www.liligo.com\/\" target=\"_blank\" rel=\"noopener\"><em>Liligo<\/em><\/a>, sur la base de recherches effectu\u00e9es par les voyageurs du 1er ao\u00fbt au 20 octobre dernier pour pr\u00e9voir un s\u00e9jour entre le 7 et le 11 novembre. Les Fran\u00e7ais veulent profiter du jour f\u00e9ri\u00e9, tant qu&rsquo;il y en a encore, et de ce week-end prolong\u00e9 de 4 jours (en posant seulement un cong\u00e9 la journ\u00e9e du 10). Premier constat : \u00ab\u00a0<em>Les trois destinations les plus pl\u00e9biscit\u00e9es qui composent le podium affichent la m\u00eame logique\u00a0: les Fran\u00e7ais recherchent avant tout un climat doux et ensoleill\u00e9 alors que les temp\u00e9ratures commencent \u00e0 baisser dans l&rsquo;Hexagon<\/em>e.\u00a0\u00bb<\/p>\n<p>Sur la troisi\u00e8me marche du podium, on retrouve ainsi la ville de Tunis. Puis, en deuxi\u00e8me position, Marrakech. La ville, r\u00e9put\u00e9e pour ses sites touristiques exceptionnels comme le\u00a0Jardin Majorelle ou la Place Jemaa el fna,\u00a0perd une place dans le classement par rapport \u00e0 l&rsquo;ann\u00e9e derni\u00e8re. Selon <em>Liligo<\/em>, elle\u00a0<span style=\"font-size: 1rem;\">est accessible pour 213 euros le vol. Mais alors qui d\u00e9croche la premi\u00e8re place ? Il s&rsquo;agit\u00a0<\/span>d&rsquo;Istanbul, d\u00e9sign\u00e9e selon cette \u00e9tude comme la destination pr\u00e9f\u00e9r\u00e9e des Fran\u00e7ais pour l&rsquo;Armistice. La ville turque est accessible pour 195 euros l&rsquo;aller retour par personne. Et, sur place, il y a tant \u00e0 voir !<\/p>\n<p>En effet, la d\u00e9couverte de la ville stambouliote &#8211; la plus visit\u00e9e au monde en 2023 selon les donn\u00e9es d&rsquo;Euromonitor International\u00a0&#8211; m\u00e8ne les touristes dans les rues du quartier de Balat avec ses maisons color\u00e9es id\u00e9ales pour faire de belles photos pour Instagram, les adeptes du shopping iront de leur c\u00f4t\u00e9 vers Karak\u00f6y et ceux qui veulent d\u00e9couvrir le patrimoine se rendront \u00e0 Sultanahmet pour admirer la mosqu\u00e9e Bleue, Sainte-Sophie ou encore le Palais de Topkap\u0131&#8230;\u00a0Un d\u00e9tour par le Grand Bazar s&rsquo;impose aussi et offre un d\u00e9paysement total avec ses plus de 4\u00a0000\u00a0boutiques o\u00f9 se m\u00ealent couleurs vives, objets artisanaux et senteurs envo\u00fbtantes d&rsquo;\u00e9pices et de caf\u00e9 !<\/p>\n<\/p><\/div>\n<p>[ad_2]<br \/>\n<br \/><a href=\"https:\/\/www.journaldesfemmes.fr\/loisirs\/voyages\/3245762-cette-destination-detrone-marrakech-dans-le-coeur-des-francais-pour-le-pont-de-novembre\/\">Source link <\/a><\/p>\n","protected":false},"excerpt":{"rendered":"<p>[ad_1] O\u00f9 poser ses valises pour le pont du 11\u00a0novembre\u00a0? Si les destinations ne manquent pas, une ville en particulier &hellip; <a href=\"http:\/\/www.affinite.fr\/index.php\/2025\/10\/29\/cette-destination-detrone-marrakech-dans-le-coeur-des-francais-pour-le-pont-de-novembre\/\" class=\"more-link\">Plus <span class=\"screen-reader-text\">Cette destination d\u00e9tr\u00f4ne Marrakech dans le c\u0153ur des Fran\u00e7ais pour le pont de Novembre<\/span> <span class=\"meta-nav\">&rarr;<\/span><\/a><\/p>\n","protected":false},"author":1,"featured_media":12358,"comment_status":"","ping_status":"open","sticky":false,"template":"","format":"standard","meta":{"_sitemap_exclude":false,"_sitemap_priority":"","_sitemap_frequency":"","footnotes":""},"categories":[1],"tags":[],"class_list":["post-12357","post","type-post","status-publish","format-standard","has-post-thumbnail","hentry","category-tous"],"_links":{"self":[{"href":"http:\/\/www.affinite.fr\/index.php\/wp-json\/wp\/v2\/posts\/12357"}],"collection":[{"href":"http:\/\/www.affinite.fr\/index.php\/wp-json\/wp\/v2\/posts"}],"about":[{"href":"http:\/\/www.affinite.fr\/index.php\/wp-json\/wp\/v2\/types\/post"}],"author":[{"embeddable":true,"href":"http:\/\/www.affinite.fr\/index.php\/wp-json\/wp\/v2\/users\/1"}],"replies":[{"embeddable":true,"href":"http:\/\/www.affinite.fr\/index.php\/wp-json\/wp\/v2\/comments?post=12357"}],"version-history":[{"count":0,"href":"http:\/\/www.affinite.fr\/index.php\/wp-json\/wp\/v2\/posts\/12357\/revisions"}],"wp:featuredmedia":[{"embeddable":true,"href":"http:\/\/www.affinite.fr\/index.php\/wp-json\/wp\/v2\/media\/12358"}],"wp:attachment":[{"href":"http:\/\/www.affinite.fr\/index.php\/wp-json\/wp\/v2\/media?parent=12357"}],"wp:term":[{"taxonomy":"category","embeddable":true,"href":"http:\/\/www.affinite.fr\/index.php\/wp-json\/wp\/v2\/categories?post=12357"},{"taxonomy":"post_tag","embeddable":true,"href":"http:\/\/www.affinite.fr\/index.php\/wp-json\/wp\/v2\/tags?post=12357"}],"curies":[{"name":"wp","href":"https:\/\/api.w.org\/{rel}","templated":true}]}}