{"id":12317,"date":"2025-10-22T20:58:48","date_gmt":"2025-10-22T20:58:48","guid":{"rendered":"http:\/\/www.affinite.fr\/index.php\/2025\/10\/22\/cette-commune-epinglee-pour-un-choix-esthetique-aberrant\/"},"modified":"2025-10-22T20:58:48","modified_gmt":"2025-10-22T20:58:48","slug":"cette-commune-epinglee-pour-un-choix-esthetique-aberrant","status":"publish","type":"post","link":"http:\/\/www.affinite.fr\/index.php\/2025\/10\/22\/cette-commune-epinglee-pour-un-choix-esthetique-aberrant\/","title":{"rendered":"cette commune \u00e9pingl\u00e9e pour un choix esth\u00e9tique aberrant"},"content":{"rendered":"<p> [ad_1]<br \/>\n<\/p>\n<p>\n                Si la beaut\u00e9 de certaines villes de France n&rsquo;est plus \u00e0 prouver, force est de constater qu&rsquo;il existe partout sur le territoire des communes bien moins charmantes&#8230;            <\/p>\n<div>\n<p>Des rues color\u00e9es de Provence aux b\u00e2timents somptueux de la capitale en passant par l&rsquo;esth\u00e9tique unique des petits villages de Bretagne, d&rsquo;Alsace ou du Sud-Ouest, notre pays se distingue par son architecture, son patrimoine et sa vari\u00e9t\u00e9 de styles. Mais n&rsquo;allez pas croire que la beaut\u00e9 se niche aux quatre coins de l&rsquo;Hexagone&#8230; Comme chaque ann\u00e9e,\u00a0l&rsquo;association <a href=\"https:\/\/www.paysagesdefrance.org\/actualites\/365\/prix-de-la-france-moche-2025-le-palmares\/\" target=\"_blank\" rel=\"noopener\">Paysages de France<\/a> a r\u00e9v\u00e9l\u00e9 son classement des endroits&#8230; les plus moches de France !<\/p>\n<p>Bien s\u00fbr, la beaut\u00e9 et la laideur restent des notions tr\u00e8s subjectives, mais certains adh\u00e9rents de l&rsquo;association ont tout de m\u00eame r\u00e9ussi \u00e0 se mettre d&rsquo;accord cette ann\u00e9e encore\u2026 Ainsi, le classement se veut ironique et souhaite d\u00e9noncer la pollution visuelle grandissante dans l&rsquo;Hexagone.<em> \u00ab\u00a0Il ne s&rsquo;agit pas d&rsquo;un concours des villes les plus laides, mais de lieux qui symbolisent la d\u00e9figuration du paysage\u00a0\u00bb<\/em>, assurent les organisateurs de ce concours peu commun, qui doit faire grincer des dents les maires des villes \u00e9pingl\u00e9es. Et \u00e0 eux de conclure\u00a0: <em>\u00ab\u00a0Esp\u00e9rons que ces prix 2025\u00a0ouvriront les yeux de ceux qui se voilent la face au nom du progr\u00e8s.\u00a0\u00bb<\/em><\/p>\n<div style=\"text-align:center\">\n<figure class=\"image\" style=\"display:inline-block\"><a class=\"fancy\" href=\"https:\/\/img-3.journaldesfemmes.fr\/j5EgU0OAGkA61VmGO4tPL0TmOIw=\/1080x\/smart\/8412633e79f5457d8292356760f5b978\/ccmcms-jdf\/40051186.jpg\"><img decoding=\"async\" alt=\"Vendargues-france-moche\" src=\"https:\/\/img-3.journaldesfemmes.fr\/hlBp1MpJxQu3N6fvp6CE0Hwk_2A=\/450x\/smart\/8412633e79f5457d8292356760f5b978\/ccmcms-jdf\/40051186.jpg\"\/><\/a><figcaption data-credit=\"Paysagesdefrance.org\" data-legend=\"Vendargues (H\u00e9rault) et sa for\u00eat publicitaire \">Vendargues (H\u00e9rault) et sa for\u00eat publicitaire <small>\u00a9\u00a0Paysagesdefrance.org<\/small><\/figcaption><\/figure>\n<\/div>\n<p>C&rsquo;est le village de Saint-Gervais, une commune de 2700\u00a0habitants situ\u00e9e dans le d\u00e9partement de la Vend\u00e9e (en r\u00e9gion Pays de la Loire), qui se retrouve cette ann\u00e9e sur la premi\u00e8re place de ce podium peu glorieux avec la mention <em>\u00ab\u00a0Rien ne nous sera \u00e9pargn\u00e9\u00a0\u00bb<\/em>. R\u00e9f\u00e9rence \u00e0 un panneau d&rsquo;information municipal num\u00e9rique flambant neuf install\u00e9 juste devant les portes d&rsquo;une belle \u00e9glise historique\u2026 Comme quoi, il y a des choix qui courent automatiquement \u00e0 notre perte. Celui-ci r\u00e9ouvre d&rsquo;ailleurs l&rsquo;\u00e9ternel d\u00e9bat entre la modernit\u00e9 et le patrimoine\u00a0!\u00a0<\/p>\n<p>Au total, quatre villes sortent du lot dans cette cuv\u00e9e 2025. Dans la commune de Vendargues, dans l&rsquo;H\u00e9rault, les utilisateurs ont d\u00e9nich\u00e9 une <em>\u00ab\u00a0for\u00eat publicitaire\u00a0\u00bb<\/em> constitu\u00e9e de dizaines de panneaux color\u00e9s install\u00e9s sur le bord de la route. \u00c0 Bernay, dans l&rsquo;Eure, les habitants ont quant \u00e0 eux rep\u00e9r\u00e9 un panneau publicitaire inutilement plac\u00e9 en plein milieu d&rsquo;un champ\u00a0!<\/p>\n<p>Enfin, \u00e0 Limoges (Haute-Vienne), les visiteurs peuvent vite se sentir \u00e9touff\u00e9s par la grande distribution. Et pour cause, un panneau publicitaire gigantesque tr\u00f4ne \u00e0 l&rsquo;entr\u00e9e d&rsquo;une zone commerciale. Si bien que Paysages de France a renomm\u00e9 l&rsquo;endroit <em>\u00ab\u00a0Monument au moche\u00a0\u00bb<\/em>\u00a0!\u00a0<\/p>\n<\/p><\/div>\n<p>[ad_2]<br \/>\n<br \/><a href=\"https:\/\/www.journaldesfemmes.fr\/societe\/actu\/3245030-villes-les-plus-moches-de-france-cette-commune-epinglee-pour-un-choix-esthetique-aberrant\/\">Source link <\/a><\/p>\n","protected":false},"excerpt":{"rendered":"<p>[ad_1] Si la beaut\u00e9 de certaines villes de France n&rsquo;est plus \u00e0 prouver, force est de constater qu&rsquo;il existe partout &hellip; <a href=\"http:\/\/www.affinite.fr\/index.php\/2025\/10\/22\/cette-commune-epinglee-pour-un-choix-esthetique-aberrant\/\" class=\"more-link\">Plus <span class=\"screen-reader-text\">cette commune \u00e9pingl\u00e9e pour un choix esth\u00e9tique aberrant<\/span> <span class=\"meta-nav\">&rarr;<\/span><\/a><\/p>\n","protected":false},"author":1,"featured_media":12318,"comment_status":"","ping_status":"open","sticky":false,"template":"","format":"standard","meta":{"_sitemap_exclude":false,"_sitemap_priority":"","_sitemap_frequency":"","footnotes":""},"categories":[1],"tags":[],"class_list":["post-12317","post","type-post","status-publish","format-standard","has-post-thumbnail","hentry","category-tous"],"_links":{"self":[{"href":"http:\/\/www.affinite.fr\/index.php\/wp-json\/wp\/v2\/posts\/12317"}],"collection":[{"href":"http:\/\/www.affinite.fr\/index.php\/wp-json\/wp\/v2\/posts"}],"about":[{"href":"http:\/\/www.affinite.fr\/index.php\/wp-json\/wp\/v2\/types\/post"}],"author":[{"embeddable":true,"href":"http:\/\/www.affinite.fr\/index.php\/wp-json\/wp\/v2\/users\/1"}],"replies":[{"embeddable":true,"href":"http:\/\/www.affinite.fr\/index.php\/wp-json\/wp\/v2\/comments?post=12317"}],"version-history":[{"count":0,"href":"http:\/\/www.affinite.fr\/index.php\/wp-json\/wp\/v2\/posts\/12317\/revisions"}],"wp:featuredmedia":[{"embeddable":true,"href":"http:\/\/www.affinite.fr\/index.php\/wp-json\/wp\/v2\/media\/12318"}],"wp:attachment":[{"href":"http:\/\/www.affinite.fr\/index.php\/wp-json\/wp\/v2\/media?parent=12317"}],"wp:term":[{"taxonomy":"category","embeddable":true,"href":"http:\/\/www.affinite.fr\/index.php\/wp-json\/wp\/v2\/categories?post=12317"},{"taxonomy":"post_tag","embeddable":true,"href":"http:\/\/www.affinite.fr\/index.php\/wp-json\/wp\/v2\/tags?post=12317"}],"curies":[{"name":"wp","href":"https:\/\/api.w.org\/{rel}","templated":true}]}}