{"id":123,"date":"2020-02-16T12:11:56","date_gmt":"2020-02-16T12:11:56","guid":{"rendered":"https:\/\/www.affinite.fr\/index.php\/2020\/02\/16\/mes-coups-de-coeur-a-vienne\/"},"modified":"2020-02-16T12:11:56","modified_gmt":"2020-02-16T12:11:56","slug":"mes-coups-de-coeur-a-vienne","status":"publish","type":"post","link":"http:\/\/www.affinite.fr\/index.php\/2020\/02\/16\/mes-coups-de-coeur-a-vienne\/","title":{"rendered":"Mes coups de coeur \u00e0 Vienne"},"content":{"rendered":"<p> [ad_1]<br \/>\n<\/p>\n<div>\n<p>Si vous venez visiter Vienne pendant 3 ou 4 jours, je vous propose de d\u00e9couvrir mes coups de coeur \u00e0 Vienne.<\/p>\n<p>Bien s\u00fbr il y a les incontournables de Vienne, de beaux monuments, de beaux mus\u00e9es, mais il y a aussi des petits coups de coeur beaucoup moins connus.<span id=\"more-405\"\/><\/p>\n<p>Pour commencer, je dirais que le meilleur moyen d\u2019avoir une vision d\u2019ensemble de la ville de Vienne, c\u2019est de prendre le bus Hop ON, hop OFF. Vous avez plusieurs circuits disponibles. Il y a la ligne rouge qui fait le centre-ville et l\u2019est de Vienne et la ligne bleue qui elle vous permet de d\u00e9couvrir l\u2019ouest de la ville de Vienne.<\/p>\n<h2>Les visites incontournables de Vienne<\/h2>\n<p><strong>Se promener le long de la Ring strasse<\/strong> est un incontournable de Vienne, vous y d\u00e9couvrirez le centre historique de Vienne avec ses magnifiques b\u00e2timents. Le soir venu, l\u2019avenue est encore plus belle je trouve.\u00a0 En vous promenant, vous passerez devant le mus\u00e9e des Beaux Arts, le Parlement, l\u2019H\u00f4tel de Ville, le Palais de Justice, le Th\u00e9\u00e2tre, mais aussi le magnifique Op\u00e9ra.<\/p>\n<p>Si vous aimez les mus\u00e9es, j\u2019ai quelques recommandations \u00e0 vous faire comme <strong>la visite de la maison de Mozart<\/strong>. Vous pourrez y d\u00e9couvrir l\u2019appartement dans lequel l\u2019artiste a pass\u00e9 10 ans et o\u00f9 il a compos\u00e9 \u00ab\u00a0Les Noces de Figaro\u00a0\u00bb.<br \/>Dans le m\u00eame genre, il y a aussi <strong>la maison de Beethoven<\/strong> que vous pouvez visiter.<\/p>\n<p>J\u2019aime \u00e9galement recommander d\u2019aller dans le quartier\u00a0Hiezting o\u00f9 vous pourrez <strong>visiter le\u00a0Palais de Sch\u00f6nbrunn<\/strong>. Pour vous y rendre, rien de plus simple, vous pouvez prendre le m\u00e9tro U4 et sortir \u00e0 la station Schonbr\u00fcnn.<\/p>\n<p>Pour vous donner d\u2019autres id\u00e9es de visites \u00e0 Vienne :<\/p>\n<p><iframe loading=\"lazy\" title=\"Vienna on a Budget - VIENNA\/NOW\" width=\"1170\" height=\"658\" src=\"http:\/\/www.jclblog.fr\/about:blank\" frameborder=\"0\" allow=\"accelerometer; autoplay; encrypted-media; gyroscope; picture-in-picture\" allowfullscreen=\"\" data-rocket-lazyload=\"fitvidscompatible\" data-lazy-src=\"https:\/\/www.youtube.com\/embed\/dCOtnr_J_B0?feature=oembed\"><\/iframe><\/p>\n<p><noscript><iframe loading=\"lazy\" title=\"Vienna on a Budget - VIENNA\/NOW\" width=\"1170\" height=\"658\" src=\"https:\/\/www.youtube.com\/embed\/dCOtnr_J_B0?feature=oembed\" frameborder=\"0\" allow=\"accelerometer; autoplay; encrypted-media; gyroscope; picture-in-picture\" allowfullscreen=\"\"><\/iframe><\/noscript><\/p>\n<h2>O\u00f9 dormir \u00e0 Vienne ?<\/h2>\n<p>Il y a beaucoup d\u2019h\u00f4tels tr\u00e8s sympas \u00e0 Vienne, je vais vous en recommander deux que j\u2019appr\u00e9cie particuli\u00e8rement.<\/p>\n<p>Pour commencer, il y a l\u2019h\u00f4tel Post Wienn qui est juste \u00e0 c\u00f4t\u00e9 du m\u00e9tro dans le 1er arrondissement de Vienne. C\u2019est pratique pour pouvoir bouger facilement dans la ville durant quelques jours.<br \/>L\u2019h\u00f4tel Op\u00e9ra Suites est \u00e9galement tr\u00e8s bien plac\u00e9 puisqu\u2019il est dans une zone pi\u00e9tonne. Vous aurez donc tout \u00e0 porter de main, il suffira de sortir de l\u2019h\u00f4tel et d\u00e9ambuler dans les rues pi\u00e9tonnes\u00a0 alentour.<\/p>\n<h2>O\u00f9 manger \u00e0 Vienne ?<\/h2>\n<p>Si vous cherchez \u00e0 manger \u00e0 Vienne, il y a beaucoup de stands \u00e0 saucisses et vous pouvez notamment aller au \u00ab\u00a0W\u00fcrstelstand Am Hohen Markt\u00a0\u00bb qui propose de bonnes saucisses viennoises ?<\/p>\n<p><img loading=\"lazy\" decoding=\"async\" class=\"size-full wp-image-411 aligncenter\" src=\"http:\/\/www.jclblog.fr\/wp-content\/uploads\/2018\/02\/saucisses-vienne.jpg\" alt=\"saucisses-vienne\" width=\"700\" height=\"393\" srcset=\"http:\/\/www.jclblog.fr\/wp-content\/uploads\/2018\/02\/saucisses-vienne.jpg 700w, http:\/\/www.jclblog.fr\/wp-content\/uploads\/2018\/02\/saucisses-vienne-300x168.jpg 300w, http:\/\/www.jclblog.fr\/wp-content\/uploads\/2018\/02\/saucisses-vienne-585x328.jpg 585w\" sizes=\"(max-width: 700px) 100vw, 700px\"\/><\/p>\n<p>C\u2019est un incontournable de votre s\u00e9jour, il faut absolument essayer au moins une fois !<br \/>Il y a beaucoup de stands \u00e0 saucisses et les stands sont ouverts assez tard en g\u00e9n\u00e9ral (jusqu\u2019\u00e0 4 heures du matin pour certains).<\/p>\n<p>Si vous cherchez d\u2019autres conseils et astuces pour d\u00e9couvrir Vienne avec un petit budget, je vous invite \u00e0 d\u00e9couvrir cette infographie<\/p>\n<p><img loading=\"lazy\" decoding=\"async\" class=\"wp-image-409 aligncenter\" src=\"http:\/\/www.jclblog.fr\/wp-content\/uploads\/2018\/02\/vienne-petit-budget-410x1024.jpg\" alt=\"vienne-petit-budget\" width=\"800\" height=\"2000\" srcset=\"http:\/\/www.jclblog.fr\/wp-content\/uploads\/2018\/02\/vienne-petit-budget-410x1024.jpg 410w, http:\/\/www.jclblog.fr\/wp-content\/uploads\/2018\/02\/vienne-petit-budget-120x300.jpg 120w, http:\/\/www.jclblog.fr\/wp-content\/uploads\/2018\/02\/vienne-petit-budget-768x1920.jpg 768w, http:\/\/www.jclblog.fr\/wp-content\/uploads\/2018\/02\/vienne-petit-budget-1170x2925.jpg 1170w, http:\/\/www.jclblog.fr\/wp-content\/uploads\/2018\/02\/vienne-petit-budget-585x1462.jpg 585w\" sizes=\"(max-width: 800px) 100vw, 800px\"\/><\/p>\n<p><span class=\"entry-title\">Mes coups de coeur \u00e0 Vienne<\/span> was last modified: <span class=\"updated\"> f\u00e9vrier 6th, 2018<\/span> by <span class=\"author vcard\"><span class=\"fn\">JCL<\/span><\/span><\/p>\n<\/div>\n<p>[ad_2]<br \/>\n<br \/><a href=\"http:\/\/www.jclblog.fr\/coups-de-coeur-a-vienne\/\">Source link <\/a><\/p>\n","protected":false},"excerpt":{"rendered":"<p>[ad_1] Si vous venez visiter Vienne pendant 3 ou 4 jours, je vous propose de d\u00e9couvrir mes coups de coeur &hellip; <a href=\"http:\/\/www.affinite.fr\/index.php\/2020\/02\/16\/mes-coups-de-coeur-a-vienne\/\" class=\"more-link\">Plus <span class=\"screen-reader-text\">Mes coups de coeur \u00e0 Vienne<\/span> <span class=\"meta-nav\">&rarr;<\/span><\/a><\/p>\n","protected":false},"author":1,"featured_media":124,"comment_status":"open","ping_status":"open","sticky":false,"template":"","format":"standard","meta":{"_sitemap_exclude":false,"_sitemap_priority":"","_sitemap_frequency":"","footnotes":""},"categories":[1],"tags":[],"class_list":["post-123","post","type-post","status-publish","format-standard","has-post-thumbnail","hentry","category-tous"],"_links":{"self":[{"href":"http:\/\/www.affinite.fr\/index.php\/wp-json\/wp\/v2\/posts\/123"}],"collection":[{"href":"http:\/\/www.affinite.fr\/index.php\/wp-json\/wp\/v2\/posts"}],"about":[{"href":"http:\/\/www.affinite.fr\/index.php\/wp-json\/wp\/v2\/types\/post"}],"author":[{"embeddable":true,"href":"http:\/\/www.affinite.fr\/index.php\/wp-json\/wp\/v2\/users\/1"}],"replies":[{"embeddable":true,"href":"http:\/\/www.affinite.fr\/index.php\/wp-json\/wp\/v2\/comments?post=123"}],"version-history":[{"count":0,"href":"http:\/\/www.affinite.fr\/index.php\/wp-json\/wp\/v2\/posts\/123\/revisions"}],"wp:featuredmedia":[{"embeddable":true,"href":"http:\/\/www.affinite.fr\/index.php\/wp-json\/wp\/v2\/media\/124"}],"wp:attachment":[{"href":"http:\/\/www.affinite.fr\/index.php\/wp-json\/wp\/v2\/media?parent=123"}],"wp:term":[{"taxonomy":"category","embeddable":true,"href":"http:\/\/www.affinite.fr\/index.php\/wp-json\/wp\/v2\/categories?post=123"},{"taxonomy":"post_tag","embeddable":true,"href":"http:\/\/www.affinite.fr\/index.php\/wp-json\/wp\/v2\/tags?post=123"}],"curies":[{"name":"wp","href":"https:\/\/api.w.org\/{rel}","templated":true}]}}