{"id":1228,"date":"2020-03-27T21:43:52","date_gmt":"2020-03-27T21:43:52","guid":{"rendered":"https:\/\/www.affinite.fr\/index.php\/2020\/03\/27\/plus-belle-la-vie-du-mardi-31-mars-2020-resume-en-avance-de-lepisode-4027-spoilers-news-series-a-la-tv\/"},"modified":"2020-03-27T21:43:52","modified_gmt":"2020-03-27T21:43:52","slug":"plus-belle-la-vie-du-mardi-31-mars-2020-resume-en-avance-de-lepisode-4027-spoilers-news-series-a-la-tv","status":"publish","type":"post","link":"http:\/\/www.affinite.fr\/index.php\/2020\/03\/27\/plus-belle-la-vie-du-mardi-31-mars-2020-resume-en-avance-de-lepisode-4027-spoilers-news-series-a-la-tv\/","title":{"rendered":"Plus belle la vie du mardi 31 mars 2020 : r\u00e9sum\u00e9 en avance de l&rsquo;\u00e9pisode 4027 [SPOILERS] &#8211; News S\u00e9ries \u00e0 la TV"},"content":{"rendered":"<p> [ad_1]<br \/>\n<\/p>\n<div id=\"article-container\">\n<p class=\"article-lead\">Dans le prochain \u00e9pisode de \u00ab\u00a0Plus belle la vie\u00a0\u00bb&#8230; Face \u00e0 la duplicit\u00e9 d\u2019Andr\u00e8s, Luna tente de mener ce dernier sur le chemin de la r\u00e9demption. L\u00e9a et Baptiste tentent tout pour innocenter Alexandra. Mouss serait-il candidat \u00e0 la coloc ?<\/p>\n<div id=\"article-content\">\n<figure class=\"article-figure article-main-figure\"><img loading=\"lazy\" decoding=\"async\" class=\"article-figure-img\" width=\"640\" height=\"360\" src=\"http:\/\/fr.web.img4.acsta.net\/r_640_360\/newsv7\/20\/03\/27\/12\/22\/3361421.jpg\"\/><figcaption class=\"article-figcaption-copy\">Capture d&rsquo;\u00e9cran\/FTV<\/figcaption><\/figure>\n<p><strong>Attention, les paragraphes qui suivent contiennent des spoilers sur l&rsquo;\u00e9pisode de<span>\u00a0<\/span><a title=\"Plus belle la vie (France) (Drame,Soap)\" href=\"http:\/\/www.allocine.fr\/series\/ficheserie_gen_cserie=322.html\">Plus Belle la vie<\/a><\/strong><strong>\u00a0diffus\u00e9 mardi soir sur France 3 !<\/strong><\/p>\n<p>Luna veut qu\u2019Andr\u00e8s se rach\u00e8te<\/p>\n<p>Afin de prot\u00e9ger sa fille, Jean-Paul lui fait s\u00e9cher l\u2019\u00e9cole et l\u2019emm\u00e8ne avec lui au commissariat. Avec l\u2019aide d\u2019Irina, il remonte la trace de Max, dealer et homme de Pavel. De son c\u00f4t\u00e9, Luna d\u00e9clare \u00e0 Andr\u00e8s qu\u2019elle ne l\u2019aime plus. Alors qu\u2019elle croise Jean-Paul et Lucie sur la place du Mistral, elle reconna\u00eet Samir en train de les surveiller. Luna avertit alors Andr\u00e8s qu\u2019il risque de la perdre pour toujours s\u2019il s\u2019en prend \u00e0 Jean-Paul\u2026<\/p>\n<p>Mila accepte que Mouss vienne \u00e0 la coloc<\/p>\n<p>Si Mila accepte que Mouss vienne vivre \u00e0 la coloc, ce dernier n\u2019a pas encore les ressources financi\u00e8res suffisantes. Au centre, Bertrand refuse de lui faire de fausses fiches de paye et l\u2019encourage \u00e0 se trouver du travail.<\/p>\n<p>Pendant ce temps \u00e0 l&rsquo;h\u00f4pital, Ghika affirme \u00e0 Gabriel que Jeanne a contract\u00e9 la peste pulmonaire, pr\u00e9textant avoir re\u00e7u les r\u00e9sultats de ses analyses.<\/p>\n<p>L\u2019enqu\u00eate de Baptiste et L\u00e9a pi\u00e9tine<\/p>\n<p>A l\u2019\u00e9colodge, L\u00e9a parvient \u00e0 fouiller dans le portable de Charlotte mais ne trouve rien de concluant. Par ailleurs, elle fait la connaissance d\u2019Aur\u00e9lien, r\u00e9ceptionniste \u00e0 mi-temps. Plus tard, Baptiste avoue que leur enqu\u00eate ne m\u00e8ne \u00e0 rien. L\u00e9a le supplie de l\u2019aider encore un peu.<\/p>\n<\/p><\/div>\n<\/p><\/div>\n<p>[ad_2]<br \/>\n<br \/><a href=\"http:\/\/rss.allocine.fr\/~r\/ac\/actualites\/~3\/Ms_O9-mHdus\/fichearticle_gen_carticle=18688573.html\">Source link <\/a><\/p>\n","protected":false},"excerpt":{"rendered":"<p>[ad_1] Dans le prochain \u00e9pisode de \u00ab\u00a0Plus belle la vie\u00a0\u00bb&#8230; Face \u00e0 la duplicit\u00e9 d\u2019Andr\u00e8s, Luna tente de mener ce &hellip; <a href=\"http:\/\/www.affinite.fr\/index.php\/2020\/03\/27\/plus-belle-la-vie-du-mardi-31-mars-2020-resume-en-avance-de-lepisode-4027-spoilers-news-series-a-la-tv\/\" class=\"more-link\">Plus <span class=\"screen-reader-text\">Plus belle la vie du mardi 31 mars 2020 : r\u00e9sum\u00e9 en avance de l&rsquo;\u00e9pisode 4027 [SPOILERS] &#8211; News S\u00e9ries \u00e0 la TV<\/span> <span class=\"meta-nav\">&rarr;<\/span><\/a><\/p>\n","protected":false},"author":1,"featured_media":1229,"comment_status":"open","ping_status":"open","sticky":false,"template":"","format":"standard","meta":{"_sitemap_exclude":false,"_sitemap_priority":"","_sitemap_frequency":"","footnotes":""},"categories":[1],"tags":[],"class_list":["post-1228","post","type-post","status-publish","format-standard","has-post-thumbnail","hentry","category-tous"],"_links":{"self":[{"href":"http:\/\/www.affinite.fr\/index.php\/wp-json\/wp\/v2\/posts\/1228"}],"collection":[{"href":"http:\/\/www.affinite.fr\/index.php\/wp-json\/wp\/v2\/posts"}],"about":[{"href":"http:\/\/www.affinite.fr\/index.php\/wp-json\/wp\/v2\/types\/post"}],"author":[{"embeddable":true,"href":"http:\/\/www.affinite.fr\/index.php\/wp-json\/wp\/v2\/users\/1"}],"replies":[{"embeddable":true,"href":"http:\/\/www.affinite.fr\/index.php\/wp-json\/wp\/v2\/comments?post=1228"}],"version-history":[{"count":0,"href":"http:\/\/www.affinite.fr\/index.php\/wp-json\/wp\/v2\/posts\/1228\/revisions"}],"wp:featuredmedia":[{"embeddable":true,"href":"http:\/\/www.affinite.fr\/index.php\/wp-json\/wp\/v2\/media\/1229"}],"wp:attachment":[{"href":"http:\/\/www.affinite.fr\/index.php\/wp-json\/wp\/v2\/media?parent=1228"}],"wp:term":[{"taxonomy":"category","embeddable":true,"href":"http:\/\/www.affinite.fr\/index.php\/wp-json\/wp\/v2\/categories?post=1228"},{"taxonomy":"post_tag","embeddable":true,"href":"http:\/\/www.affinite.fr\/index.php\/wp-json\/wp\/v2\/tags?post=1228"}],"curies":[{"name":"wp","href":"https:\/\/api.w.org\/{rel}","templated":true}]}}