{"id":12277,"date":"2025-10-15T02:45:22","date_gmt":"2025-10-15T02:45:22","guid":{"rendered":"https:\/\/www.affinite.fr\/index.php\/2025\/10\/15\/le-role-du-syndic\/"},"modified":"2025-10-15T02:45:22","modified_gmt":"2025-10-15T02:45:22","slug":"le-role-du-syndic","status":"publish","type":"post","link":"http:\/\/www.affinite.fr\/index.php\/2025\/10\/15\/le-role-du-syndic\/","title":{"rendered":"Le r\u00f4le du syndic"},"content":{"rendered":"<p> [ad_1]<br \/>\n<br \/><img decoding=\"async\" src=\"https:\/\/maison.com\/images\/medias\/000\/034\/000034577\/200.jpg\" \/><\/p>\n<div itemprop=\"articleBody\">\n<p style=\"margin-left:21.3pt;\">\n  Mais avant tout, il faut savoir qu\u2019<strong>il existe deux types de syndics\u00a0:<\/strong>\n<\/p>\n<ul>\n<li>\n    <strong>les syndics professionnels<\/strong> qui doivent poss\u00e9der une carte de gestion pour pouvoir exercer ce m\u00e9tier\u00a0;\n  <\/li>\n<\/ul>\n<ul>\n<li>\n    <strong>les syndics non professionnels<\/strong> qui sont des copropri\u00e9taires\u00a0; ils peuvent \u00eatre d\u00e9sign\u00e9s comme syndic uniquement dans leur copropri\u00e9t\u00e9.\n  <\/li>\n<\/ul>\n<p style=\"margin-left:1.0cm;\">\n  \u00a0\n<\/p>\n<ol>\n<li>\n    <strong>La fonction et les obligations du syndic<\/strong>\n  <\/li>\n<\/ol>\n<p style=\"margin-left:35.4pt;\">\n  Qu\u2019il soit professionnel ou non, pour remplir sa fonction vis-\u00e0-vis du syndicat des copropri\u00e9taires, <strong>un syndic a des obligations<\/strong> (conform\u00e9ment \u00e0 l\u2019article 18 de la loi du 10 juillet 1965), ainsi il doit\u00a0:\n<\/p>\n<ul>\n<li style=\"margin-left: 36pt;\">\n    <strong>veiller \u00e0 faire respecter le r\u00e8glement de copropri\u00e9t\u00e9<\/strong>, ainsi que les d\u00e9cisions vot\u00e9es en assembl\u00e9e g\u00e9n\u00e9rale\u00a0;\n  <\/li>\n<\/ul>\n<ul>\n<li style=\"margin-left: 36pt;\">\n    <strong>veiller \u00e0 l\u2019entretien et \u00e0 la conservation de l\u2019immeuble,<\/strong> ainsi qu\u2019\u00e0 son administration\u00a0;\n  <\/li>\n<\/ul>\n<ul>\n<li style=\"margin-left: 36pt;\">\u00e9tablir et tenir un <strong>carnet d\u2019entretien de l\u2019immeuble<\/strong>\u00a0;\n  <\/li>\n<\/ul>\n<ul>\n<li style=\"margin-left: 36pt;\">\u00e9tablir un <strong>budget pr\u00e9visionnel annuel,<\/strong> et le soumettre au vote de l\u2019assembl\u00e9e g\u00e9n\u00e9rale\u00a0;\n  <\/li>\n<\/ul>\n<ul>\n<li style=\"margin-left: 36pt;\">\n    <strong>ouvrir un compte bancaire s\u00e9par\u00e9<\/strong> au nom du syndicat des copropri\u00e9taires <strong>;<\/strong>\n  <\/li>\n<\/ul>\n<ul>\n<li style=\"margin-left: 36pt;\">\n    <strong>soumettre au vote de l\u2019assembl\u00e9e g\u00e9n\u00e9rale<\/strong> (lors de sa premi\u00e8re d\u00e9signation et au moins tous les 3 ans)<strong>,<\/strong> la d\u00e9cision de constituer des <strong>provisions sp\u00e9ciales<\/strong> en vue de faire face aux <strong>travaux d\u2019entretien et de conservation des parties communes<\/strong> et des \u00e9quipements communs\u00a0(fonds travaux ou fonds de pr\u00e9voyance)<strong>;<\/strong>\n  <\/li>\n<\/ul>\n<ul>\n<li style=\"margin-left: 36pt;\">\n    <strong>repr\u00e9senter le syndicat dans tous les actes civils<\/strong> et en cas de contentieux\u00a0;\u00a0\n  <\/li>\n<\/ul>\n<p style=\"margin-left:18.0pt;\">\n  \u00a0\n<\/p>\n<p style=\"margin-left:7.1pt;\">\n  <strong>\u00c0 savoir\u00a0:<\/strong> La plupart des copropri\u00e9t\u00e9s sont g\u00e9r\u00e9es par un syndic professionnel qui est soumis \u00e0 certaines obligations :\n<\/p>\n<ul>\n<li>\n    <strong>Il ne peut exercer sans \u00eatre titulaire d\u2019une carte de gestion<\/strong> (d\u00e9livr\u00e9e par la pr\u00e9fecture pour 10 ans).\n  <\/li>\n<\/ul>\n<ul>\n<li>\n    <strong>Il doit avoir une \u00abgarantie financi\u00e8re\u00bb<\/strong> (pour garantir les fonds des syndicats de copropri\u00e9taires qu\u2019il g\u00e8re).\n  <\/li>\n<\/ul>\n<ul>\n<li>Il a l\u2019obligation d\u2019avoir une assurance de responsabilit\u00e9 civile professionnelle.\n  <\/li>\n<\/ul>\n<p>\n  \u00a0\n<\/p>\n<ol>\n<li value=\"2\">\n    <strong>Le contrat de syndic<\/strong>\n  <\/li>\n<\/ol>\n<p style=\"margin-left:18.0pt;\">\n  Il doit soumettre un <strong>contrat de gestion \u00e0 l\u2019assembl\u00e9e g\u00e9n\u00e9rale<\/strong> (appel\u00e9 aussi \u00abmandat de gestion\u00bb) qui <strong>d\u00e9termine ses honoraires.<\/strong> Ce contrat, pour \u00eatre valable, doit contenir\u00a0:\n<\/p>\n<ul>\n<li>\n    <strong>Les honoraires d\u00e9taill\u00e9s<\/strong>\u00a0du syndic ; en pratique ils se composent de deux parties (forfait annuel pour gestion courante, et d\u00e9tail des prestations particuli\u00e8res factur\u00e9es hors forfait). Nous vous conseillons d\u2019\u00eatre particuli\u00e8rement vigilant sur le niveau des prestations particuli\u00e8res, qui viendront s\u2019ajouter au montant du contrat \u00e0 la fin de l\u2019ann\u00e9e.\n  <\/li>\n<\/ul>\n<ul>\n<li>\n    <strong>La dur\u00e9e du mandat du syndic<\/strong>, doit \u00eatre mentionn\u00e9e de date \u00e0 date, et ne peut pas d\u00e9passer 3 ans (mais un mandat peut \u00eatre renouvel\u00e9 sans limite). Nous vous conseillons fortement de privil\u00e9gier le vote d\u2019un mandat d\u2019une dur\u00e9e d\u2019un an maximum, et vous recommandons de veiller \u00e0 ce qu\u2019une p\u00e9riode de pr\u00e9avis soit pr\u00e9vue dans le contrat.\n  <\/li>\n<\/ul>\n<ul>\n<li>\n    <strong>Le nombre de visites de l\u2019immeuble incluses dans le forfait de base<\/strong> du contrat doit \u00e9galement \u00eatre pr\u00e9cis\u00e9 (mensuelles ou trimestrielles\u2026), et nous vous conseillons de pr\u00e9ciser qu\u2019elles devront se faire <strong>avec la pr\u00e9sence d\u2019un membre du conseil syndical.<\/strong> Ces visites sont importantes pour faire le tour de la copropri\u00e9t\u00e9 et faire un point d\u2019avancement sur les actions en cours avec le syndic.\n  <\/li>\n<\/ul>\n<p>\n  <strong style=\"text-decoration: underline\">Pour plus d\u2019informations<\/strong>\u00a0:\u00a0\n<\/p>\n<p>\n  ARC\u00a0:\u00a0 <a href=\"https:\/\/www.arc-copro.fr\/\">www.arc-copro.fr<\/a><br \/>Editions Vuibert\u00a0: <a href=\"https:\/\/www.vuibert.fr\/\">www.vuibert.fr<\/a>\n<\/p>\n<p>\n  Article mis en ligne le 11\/11\/2013, et mis \u00e0 jour par maison.com le 10\/10\/2025\n<\/p>\n<\/p><\/div>\n<p><script async defer crossorigin=\"anonymous\" src=\"https:\/\/connect.facebook.net\/fr_FR\/sdk.js#xfbml=1&#038;version=v6.0&#038;appId=252025098257546&#038;autoLogAppEvents=1\"><\/script><br \/>\n<br \/>[ad_2]<br \/>\n<br \/><a href=\"https:\/\/maison.com\/immobilier\/copropriete\/role-syndic-7584\/\">Source link <\/a><\/p>\n","protected":false},"excerpt":{"rendered":"<p>[ad_1] Mais avant tout, il faut savoir qu\u2019il existe deux types de syndics\u00a0: les syndics professionnels qui doivent poss\u00e9der une &hellip; <a href=\"http:\/\/www.affinite.fr\/index.php\/2025\/10\/15\/le-role-du-syndic\/\" class=\"more-link\">Plus <span class=\"screen-reader-text\">Le r\u00f4le du syndic<\/span> <span class=\"meta-nav\">&rarr;<\/span><\/a><\/p>\n","protected":false},"author":1,"featured_media":12278,"comment_status":"","ping_status":"open","sticky":false,"template":"","format":"standard","meta":{"_sitemap_exclude":false,"_sitemap_priority":"","_sitemap_frequency":"","footnotes":""},"categories":[1],"tags":[],"class_list":["post-12277","post","type-post","status-publish","format-standard","has-post-thumbnail","hentry","category-tous"],"_links":{"self":[{"href":"http:\/\/www.affinite.fr\/index.php\/wp-json\/wp\/v2\/posts\/12277"}],"collection":[{"href":"http:\/\/www.affinite.fr\/index.php\/wp-json\/wp\/v2\/posts"}],"about":[{"href":"http:\/\/www.affinite.fr\/index.php\/wp-json\/wp\/v2\/types\/post"}],"author":[{"embeddable":true,"href":"http:\/\/www.affinite.fr\/index.php\/wp-json\/wp\/v2\/users\/1"}],"replies":[{"embeddable":true,"href":"http:\/\/www.affinite.fr\/index.php\/wp-json\/wp\/v2\/comments?post=12277"}],"version-history":[{"count":0,"href":"http:\/\/www.affinite.fr\/index.php\/wp-json\/wp\/v2\/posts\/12277\/revisions"}],"wp:featuredmedia":[{"embeddable":true,"href":"http:\/\/www.affinite.fr\/index.php\/wp-json\/wp\/v2\/media\/12278"}],"wp:attachment":[{"href":"http:\/\/www.affinite.fr\/index.php\/wp-json\/wp\/v2\/media?parent=12277"}],"wp:term":[{"taxonomy":"category","embeddable":true,"href":"http:\/\/www.affinite.fr\/index.php\/wp-json\/wp\/v2\/categories?post=12277"},{"taxonomy":"post_tag","embeddable":true,"href":"http:\/\/www.affinite.fr\/index.php\/wp-json\/wp\/v2\/tags?post=12277"}],"curies":[{"name":"wp","href":"https:\/\/api.w.org\/{rel}","templated":true}]}}