{"id":12273,"date":"2025-10-14T20:45:33","date_gmt":"2025-10-14T20:45:33","guid":{"rendered":"http:\/\/www.affinite.fr\/index.php\/2025\/10\/14\/ce-marche-de-noel-feerique-proche-de-la-france-va-ravir-les-fans-de-trains\/"},"modified":"2025-10-14T20:45:33","modified_gmt":"2025-10-14T20:45:33","slug":"ce-marche-de-noel-feerique-proche-de-la-france-va-ravir-les-fans-de-trains","status":"publish","type":"post","link":"http:\/\/www.affinite.fr\/index.php\/2025\/10\/14\/ce-marche-de-noel-feerique-proche-de-la-france-va-ravir-les-fans-de-trains\/","title":{"rendered":"Ce march\u00e9 de No\u00ebl f\u00e9\u00e9rique proche de la France va ravir les fans de trains"},"content":{"rendered":"<p> [ad_1]<br \/>\n<br \/><img decoding=\"async\" src=\"https:\/\/img-3.journaldesfemmes.fr\/ym8yeOLEuIIrworLw0RsRYKpgBY=\/1280x\/smart\/3ead04fd3f5740f79e740d2a45682ee0\/ccmcms-jdf\/40046540.jpg\" \/><\/p>\n<p>\n                Vous r\u00eavez de plonger en plein conte hivernal pour les f\u00eates de fin d&rsquo;ann\u00e9e\u00a0? Ce march\u00e9 de No\u00ebl, situ\u00e9 tout pr\u00e8s de la France, vous \u00e9merveillera \u00e0 coup s\u00fbr et ravira \u00e9galement les passionn\u00e9s de chemin de fer&#8230;            <\/p>\n<div>\n<p>Nul besoin de voyager loin pour profiter de la magie des f\u00eates de fin d&rsquo;ann\u00e9e ! Il existe un march\u00e9 de No\u00ebl absolument f\u00e9\u00e9rique, accessible en train. Nich\u00e9 au c\u0153ur d&rsquo;une vall\u00e9e, l&rsquo;endroit est entour\u00e9 de sapins immenses et de montagnes enneig\u00e9es\u2026 \u00e0 d\u00e9couvrir tout pr\u00e8s de la France !<\/p>\n<p>Pour atteindre ce march\u00e9 hors du commun, il faut d&rsquo;abord emprunter un train qui serpente entre viaducs, tunnels et paysages de carte postale. Rien que le voyage vous donnera l&rsquo;impression d&rsquo;entrer dans un v\u00e9ritable conte d&rsquo;hiver \u00e0 mesure que vous verrez les chalets, les guirlandes lumineuses et les vall\u00e9es.\u00a0Et d\u00e8s votre arriv\u00e9e sur place, vous serez emport\u00e9\u00a0par la magie\u2026\u00a0<\/p>\n<p>Vous d\u00e9couvrirez un pont de pierre monumental, sur lequel passe le train,\u00a0qui surplombe les chalets du march\u00e9 de No\u00ebl\u00a0dans une ambiance conviviale et avec une musique traditionnelle qui r\u00e9sonne sous le viaduc. Les artisans y proposent des cr\u00e9ations locales, telles que\u00a0des d\u00e9corations en bois, mais aussi des sp\u00e9cialit\u00e9s r\u00e9gionales.<\/p>\n<p>Les falaises illumin\u00e9es de rouge, de vert ou de bleu\u00a0cr\u00e9ent \u00e9galement une atmosph\u00e8re unique tout comme les nombreux et majestueux sapins qui entourent le march\u00e9. Les fans de No\u00ebl comme les passionn\u00e9s de chemin de fer seront assur\u00e9ment conquis !<\/p>\n<p>Ce march\u00e9 de No\u00ebl n&rsquo;est toutefois ouvert que le week-end, toute la journ\u00e9e du vendredi au dimanche. Mais o\u00f9 se situe cet endroit qui laisse r\u00eaveur ?\u00a0Pour y acc\u00e9der, rendez-vous dans les c\u00e9l\u00e8bres gorges de\u00a0Ravenna, en For\u00eat-Noire, \u00e0 quelques kilom\u00e8tres de la fronti\u00e8re fran\u00e7aise et \u00e0 environ deux heures de Strasbourg. Chaque hiver, ce site impressionnant se transforme en l&rsquo;un des march\u00e9s de No\u00ebl les plus spectaculaires d&rsquo;Allemagne.\u00a0<\/p>\n<p>Notez toutefois que l&rsquo;endroit n&rsquo;est accessible qu&rsquo;en r\u00e9servant un ticket vous attribuant un cr\u00e9neau horaire de deux heures\u2026\u00a0et il vaut mieux prendre votre billet \u00e0 l&rsquo;avance\u00a0car l&rsquo;\u00e9v\u00e9nement est tr\u00e8s pris\u00e9. Et surtout, pr\u00e9voyez de lever les yeux en chemin\u00a0: franchir le viaduc de Ravenna illumin\u00e9 de mille feux reste un moment inoubliable \u00e0 vivre au moins une fois dans sa vie.<\/p>\n<\/p><\/div>\n<p>[ad_2]<br \/>\n<br \/><a href=\"https:\/\/www.journaldesfemmes.fr\/loisirs\/voyages\/3241244-ce-marche-de-noel-feerique-proche-de-la-france-va-ravir-les-fans-de-trains\/\">Source link <\/a><\/p>\n","protected":false},"excerpt":{"rendered":"<p>[ad_1] Vous r\u00eavez de plonger en plein conte hivernal pour les f\u00eates de fin d&rsquo;ann\u00e9e\u00a0? Ce march\u00e9 de No\u00ebl, situ\u00e9 &hellip; <a href=\"http:\/\/www.affinite.fr\/index.php\/2025\/10\/14\/ce-marche-de-noel-feerique-proche-de-la-france-va-ravir-les-fans-de-trains\/\" class=\"more-link\">Plus <span class=\"screen-reader-text\">Ce march\u00e9 de No\u00ebl f\u00e9\u00e9rique proche de la France va ravir les fans de trains<\/span> <span class=\"meta-nav\">&rarr;<\/span><\/a><\/p>\n","protected":false},"author":1,"featured_media":12274,"comment_status":"","ping_status":"open","sticky":false,"template":"","format":"standard","meta":{"_sitemap_exclude":false,"_sitemap_priority":"","_sitemap_frequency":"","footnotes":""},"categories":[1],"tags":[],"class_list":["post-12273","post","type-post","status-publish","format-standard","has-post-thumbnail","hentry","category-tous"],"_links":{"self":[{"href":"http:\/\/www.affinite.fr\/index.php\/wp-json\/wp\/v2\/posts\/12273"}],"collection":[{"href":"http:\/\/www.affinite.fr\/index.php\/wp-json\/wp\/v2\/posts"}],"about":[{"href":"http:\/\/www.affinite.fr\/index.php\/wp-json\/wp\/v2\/types\/post"}],"author":[{"embeddable":true,"href":"http:\/\/www.affinite.fr\/index.php\/wp-json\/wp\/v2\/users\/1"}],"replies":[{"embeddable":true,"href":"http:\/\/www.affinite.fr\/index.php\/wp-json\/wp\/v2\/comments?post=12273"}],"version-history":[{"count":0,"href":"http:\/\/www.affinite.fr\/index.php\/wp-json\/wp\/v2\/posts\/12273\/revisions"}],"wp:featuredmedia":[{"embeddable":true,"href":"http:\/\/www.affinite.fr\/index.php\/wp-json\/wp\/v2\/media\/12274"}],"wp:attachment":[{"href":"http:\/\/www.affinite.fr\/index.php\/wp-json\/wp\/v2\/media?parent=12273"}],"wp:term":[{"taxonomy":"category","embeddable":true,"href":"http:\/\/www.affinite.fr\/index.php\/wp-json\/wp\/v2\/categories?post=12273"},{"taxonomy":"post_tag","embeddable":true,"href":"http:\/\/www.affinite.fr\/index.php\/wp-json\/wp\/v2\/tags?post=12273"}],"curies":[{"name":"wp","href":"https:\/\/api.w.org\/{rel}","templated":true}]}}