{"id":12265,"date":"2025-10-12T13:04:58","date_gmt":"2025-10-12T13:04:58","guid":{"rendered":"http:\/\/www.affinite.fr\/index.php\/2025\/10\/12\/puree-de-chou-fleur-sans-gluten-ni-lactose\/"},"modified":"2025-10-12T13:04:58","modified_gmt":"2025-10-12T13:04:58","slug":"puree-de-chou-fleur-sans-gluten-ni-lactose","status":"publish","type":"post","link":"http:\/\/www.affinite.fr\/index.php\/2025\/10\/12\/puree-de-chou-fleur-sans-gluten-ni-lactose\/","title":{"rendered":"Pur\u00e9e de chou-fleur sans gluten ni lactose"},"content":{"rendered":"<p> [ad_1]<br \/>\n<\/p>\n<div>\n    <!-- FeedbackWP Plugin - Results Widget --><\/p>\n<div class=\"intro-article\">\n<p>Je reviens toujours \u00e0 la <strong>pur\u00e9e de chou-fleur<\/strong> quand j\u2019ai envie d\u2019un accompagnement doux, l\u00e9ger et tr\u00e8s gourmand. Vous me demandez une <em>recette de pur\u00e9e de chou-fleur qui soit sans gluten ni lactose<\/em>, simple \u00e0 pr\u00e9parer, et qui plaise aussi aux enfants. Bonne nouvelle\u00a0: c\u2019est l\u2019un de mes basiques du soir. J\u2019adore sa texture soyeuse, sa saveur d\u00e9licate, et le fait qu\u2019elle remplace sans effort la pur\u00e9e de pommes de terre lorsque l\u2019on souhaite une option plus l\u00e9g\u00e8re et pauvre en glucides. Je la fais au quotidien pour accompagner un poisson au four, un <a href=\"https:\/\/cuisine-saine.fr\/recette-sans-gluten-ni-lait\/poulet-roti-cocotte-roaster\/\">poulet r\u00f4ti<\/a> ou m\u00eame un <a href=\"https:\/\/cuisine-saine.fr\/recette-sans-gluten\/steak-vegetal\/\">steak v\u00e9g\u00e9tal<\/a>.<\/p>\n<p>Mon petit secret\u00a0? <strong>La cuisson douce du chou-fleur<\/strong> pour pr\u00e9server son parfum, puis un mixage soign\u00e9 avec un corps gras de qualit\u00e9. Selon l\u2019humeur, j\u2019utilise un filet d\u2019huile d\u2019olive, un peu de lait de coco, ou une touche de cr\u00e8me v\u00e9g\u00e9tale de cajou. R\u00e9sultat\u00a0: une <strong>pur\u00e9e de chou-fleur<\/strong> ultra onctueuse, bien assaisonn\u00e9e, qui ne \u00ab\u00a0sent pas fort\u00a0\u00bb et qui se parfume \u00e0 l\u2019ail r\u00f4ti, au miso blanc, au citron ou \u00e0 la muscade. Vous pouvez la garder tr\u00e8s neutre pour les palais d\u00e9licats, ou oser une version plus marqu\u00e9e avec du cumin et du poivre noir. Je m\u2019amuse beaucoup avec ces variations.<\/p>\n<p>Si vous d\u00e9butez, vous allez voir que cette <strong>pur\u00e9e de chou-fleur<\/strong> s\u2019int\u00e8gre partout. Elle fonctionne tr\u00e8s bien dans une assiette \u00ab\u00a0prot\u00e9ines + l\u00e9gumes verts + salade\u00a0\u00bb. Elle est parfaite pour un repas \u00ab\u00a0low carb\u00a0\u00bb, un d\u00eener de semaine ou un menu plus festif avec une viande fondante. Pour varier autour du m\u00eame l\u00e9gume, j\u2019aime aussi pr\u00e9parer ma <a href=\"https:\/\/cuisine-saine.fr\/recette-bio\/recette-sans-gluten-galette-de-chou-fleur\/\" target=\"_blank\" rel=\"noopener\">galette de chou-fleur sans gluten<\/a>, pratique en meal-prep et id\u00e9ale pour recycler les restes.<\/p>\n<p>Dans la suite, je vous propose ma version simple\u00a0: une base neutre que vous pourrez <strong>personnaliser selon vos envies<\/strong>. On parlera de textures (plus a\u00e9rienne ou plus dense), d\u2019options sans lait (huile d\u2019olive seule, lait v\u00e9g\u00e9tal), et d\u2019id\u00e9es d\u2019associations pour composer une assiette compl\u00e8te. L\u2019objectif est que vous ayez une m\u00e9thode reproductible, et facilement adaptable. Apr\u00e8s quelques essais, vous saurez ajuster l\u2019\u00e9paisseur, l\u2019assaisonnement, et obtenir la <strong>texture cr\u00e9meuse<\/strong> qui vous pla\u00eet, \u00e0 chaque fois.<\/p>\n<\/div>\n<h2>Recette de pur\u00e9e de chou-fleur<\/h2>\n<ul class=\"typerect\" itemprop=\"recipeCuisine\">\n<li class=\"ssgluten\">\n    <link itemprop=\"suitableForDiet\" href=\"https:\/\/schema.org\/GlutenFreeDiet\"\/>\n    <span>Recette sans gluten<\/span>\n  <\/li>\n<li class=\"sslait\">\n    <link itemprop=\"suitableForDiet\" href=\"https:\/\/schema.org\/LowLactoseDiet\"\/>\n    <span>Recette sans lactose<\/span>\n  <\/li>\n<li class=\"vege\">\n  <link itemprop=\"suitableForDiet\" href=\"https:\/\/schema.org\/VeganDiet\"\/>\n  <span>Recette vegan<\/span>\n<\/li>\n<\/ul>\n<div id=\"attachment_121027\" style=\"width: 1034px\" class=\"wp-caption alignnone\"><img loading=\"lazy\" decoding=\"async\" aria-describedby=\"caption-attachment-121027\" alt=\"Recette de pur\u00e9e de chou-fleur sans lactose\" width=\"1024\" height=\"1536\" itemprop=\"image\" src=\"https:\/\/cuisine-saine.fr\/wp-content\/uploads\/2025\/10\/puree-chou-fleur-sans-lactose.jpg\"\/><noscript><img loading=\"lazy\" decoding=\"async\" aria-describedby=\"caption-attachment-121027\" src=\"https:\/\/cuisine-saine.fr\/wp-content\/uploads\/2025\/10\/puree-chou-fleur-sans-lactose.jpg\" alt=\"Recette de pur\u00e9e de chou-fleur sans lactose\" width=\"1024\" height=\"1536\" itemprop=\"image\"\/><\/noscript><\/p>\n<p id=\"caption-attachment-121027\" class=\"wp-caption-text\">Recette de pur\u00e9e de chou-fleur sans lactose<\/p>\n<\/div>\n<div class=\"intro\">\n<p itemprop=\"recipeCategory\">Accompagnement<\/p>\n<p class=\"temps\">\n    <strong class=\"yield\" itemprop=\"recipeYield\">Pour 4 personnes<\/strong><br \/><strong>Temps de pr\u00e9paration<\/strong> :<br \/><time datetime=\"PT10M\" itemprop=\"prepTime\">10 min<\/time><br \/><strong>Temps de cuisson<\/strong> :<br \/><time datetime=\"PT18M\" itemprop=\"cookTime\">18 min<\/time>\n  <\/p>\n<\/div>\n<div class=\"ingredient\">\n<h3 class=\"listetitre\">Ingr\u00e9dients<\/h3>\n<ul class=\"listeingredient\">\n<li class=\"ingredient\" itemprop=\"recipeIngredient\">1 gros chou-fleur (1,1 \u00e0 1,2\u00a0kg brut), d\u00e9taill\u00e9 en fleurettes\n    <\/li>\n<li class=\"ingredient\" itemprop=\"recipeIngredient\">1 petite pomme de terre farineuse (150\u00a0g, optionnelle pour la tenue)\n    <\/li>\n<li class=\"ingredient\" itemprop=\"recipeIngredient\">1 gousse d\u2019ail, d\u00e9germ\u00e9e (ou 2 c. \u00e0 c. d\u2019ail confit)\n    <\/li>\n<li class=\"ingredient\" itemprop=\"recipeIngredient\">120 \u00e0 180\u00a0ml de boisson v\u00e9g\u00e9tale non sucr\u00e9e (<a href=\"https:\/\/cuisine-saine.fr\/vie-saine\/5-techniques-pour-faire-un-lait-damande-maison\/\">amande<\/a> ou <a href=\"https:\/\/cuisine-saine.fr\/recette-bio\/recette-bio-lait-de-noix-de-cajou\/\">cajou<\/a>)\n    <\/li>\n<li class=\"ingredient\" itemprop=\"recipeIngredient\">2 \u00e0 3 c. \u00e0 s. d\u2019huile d\u2019olive douce\n    <\/li>\n<li class=\"ingredient\" itemprop=\"recipeIngredient\">Sel fin, poivre noir du moulin\n    <\/li>\n<li class=\"ingredient\" itemprop=\"recipeIngredient\">1 pinc\u00e9e de muscade r\u00e2p\u00e9e (ou zeste fin de citron), au go\u00fbt\n    <\/li>\n<li class=\"ingredient\" itemprop=\"recipeIngredient\">Ciboulette ou persil cisel\u00e9 pour servir (optionnel)\n    <\/li>\n<\/ul>\n<\/div>\n<ol class=\"recette\" itemprop=\"recipeInstructions\">\n<li itemprop=\"step\">Rincez les fleurettes et \u00e9gouttez-les bien. Si vous utilisez la pomme de terre, pelez-la et coupez-la en d\u00e9s.\n  <\/li>\n<li itemprop=\"step\">Faites cuire \u00e0 la vapeur 15 \u00e0 18\u00a0min (ou dans une grande casserole d\u2019eau sal\u00e9e). Les l\u00e9gumes doivent \u00eatre tr\u00e8s tendres.\n  <\/li>\n<li itemprop=\"step\">\u00c9gouttez soigneusement puis remettez les l\u00e9gumes 1\u00a0min dans la casserole sur feu doux pour les dess\u00e9cher l\u00e9g\u00e8rement. Cette \u00e9tape donne une texture plus onctueuse.\n  <\/li>\n<li itemprop=\"step\">Ajoutez l\u2019ail, l\u2019huile d\u2019olive, une premi\u00e8re partie de boisson v\u00e9g\u00e9tale, sel, poivre et muscade. Mixez au mixeur plongeant (ou au <a href=\"https:\/\/healthy-market.cuisine-saine.fr\/rayons\/blender\/\">blender<\/a>) en versant le reste de liquide petit \u00e0 petit jusqu\u2019\u00e0 obtenir la consistance souhait\u00e9e.\n  <\/li>\n<li itemprop=\"step\">Go\u00fbtez et ajustez l\u2019assaisonnement. Servez bien chaud, avec un filet d\u2019huile d\u2019olive et des herbes cisel\u00e9es.\n  <\/li>\n<\/ol>\n<h3 class=\"conseil\">Le conseil de Karen<\/h3>\n<div class=\"conkar\">\n<p>\n    <strong>Pour une texture tr\u00e8s lisse<\/strong>, mixez d\u2019abord longuement au blender puis passez au tamis fin. Si vous aimez une touche plus gourmande sans lactose, incorporez 1 c. \u00e0 s. de tahini ou de pur\u00e9e de cajou en fin de mixage. Et si la pr\u00e9paration vous semble trop fluide, remettez-la 2\u00a0min sur feu doux en remuant\u00a0: elle \u00e9paissira naturellement.\n  <\/p>\n<\/div>\n<div class=\"nutrition\" itemscope=\"\" itemtype=\"https:\/\/schema.org\/NutritionInformation\">\n<div itemprop=\"nutrition\" itemscope=\"\" itemtype=\"https:\/\/schema.org\/NutritionInformation\">\n<h2>Valeurs nutritionnelles pour la recette de pur\u00e9e de chou-fleur<\/h2>\n<p><strong itemprop=\"servingSize\">Par portion (150 g)<\/strong><\/p>\n<table>\n<tr>\n<th>\u00c9nergie<\/th>\n<td><span itemprop=\"calories\">104 kcal<\/span><\/td>\n<\/tr>\n<tr>\n<th>Prot\u00e9ines<\/th>\n<td><span itemprop=\"proteinContent\">3,3 g<\/span><\/td>\n<\/tr>\n<tr>\n<th>Glucides<\/th>\n<td><span itemprop=\"carbohydrateContent\">9,1 g<\/span><\/td>\n<\/tr>\n<tr>\n<th>Dont sucres<\/th>\n<td><span itemprop=\"sugarContent\">3,1 g<\/span><\/td>\n<\/tr>\n<tr>\n<th>Lipides<\/th>\n<td><span itemprop=\"fatContent\">6,8 g<\/span><\/td>\n<\/tr>\n<tr>\n<th>Dont satur\u00e9s<\/th>\n<td><span itemprop=\"saturatedFatContent\">1,0 g<\/span><\/td>\n<\/tr>\n<tr>\n<th>Fibres<\/th>\n<td><span itemprop=\"fiberContent\">3,7 g<\/span><\/td>\n<\/tr>\n<tr>\n<th>Sodium<\/th>\n<td><span itemprop=\"sodiumContent\">0,30 g<\/span><\/td>\n<\/tr>\n<\/table>\n<\/div>\n<\/div>\n<div class=\"astuces-cahier\">\n<h3>Astuces et variantes pour la recette de pur\u00e9e de chou-fleur<\/h3>\n<p class=\"surtitre\">Mes id\u00e9es pour sublimer vos <strong>accompagnements au chou-fleur<\/strong><\/p>\n<ul>\n<li><strong>Texture plus a\u00e9rienne :<\/strong> mixez longtemps puis incorporez un filet de boisson v\u00e9g\u00e9tale chaude en fin de mixage. JE passe parfois un coup de fouet pour incorporer un peu d\u2019air.<\/li>\n<li><strong>Tenue renforc\u00e9e :<\/strong> dess\u00e9chez 1 \u00e0 2\u00a0min sur feu doux apr\u00e8s \u00e9gouttage. \u00c0 la maison, j\u2019ajoute 1 c. \u00e0 s. de pur\u00e9e de cajou ou 1 petite pomme de terre vapeur pour une tenue plus ferme.<\/li>\n<li><strong>Saveur \u00ab\u00a0beurr\u00e9e\u00a0\u00bb sans lactose :<\/strong> 1 c. \u00e0 s. de tahini blond + 1 c. \u00e0 c. de levure malt\u00e9e sans gluten donnent une note ronde tr\u00e8s agr\u00e9able.<\/li>\n<li><strong>Version r\u00f4tie :<\/strong> r\u00f4tissez le chou-fleur en fleurettes 25\u00a0min \u00e0 200\u00a0\u00b0C (huile d\u2019olive, sel). La pur\u00e9e obtient un go\u00fbt plus profond et une couleur l\u00e9g\u00e8rement dor\u00e9e.<\/li>\n<li><strong>Parfum citronn\u00e9 :<\/strong> zeste fin de citron + persil plat. C\u2019est top avec un poisson au four ou des pois chiches croustillants.<\/li>\n<li><strong>\u00c9pices douces :<\/strong> muscade, cumin, paprika fum\u00e9. JE dose l\u00e9ger pour garder l\u2019\u00e9quilibre avec le plat principal.<\/li>\n<li><strong>Finition croquante :<\/strong> amandes effil\u00e9es grill\u00e9es, dukkah ou chapelure sans gluten toast\u00e9e \u00e0 la po\u00eale avec un trait d\u2019huile d\u2019olive.<\/li>\n<li><strong>Accord \u00ab\u00a0terre\u2013mer\u00a0\u00bb :<\/strong> c\u00e2pres rinc\u00e9es + aneth + jus de citron. L\u2019ensemble r\u00e9veille l\u2019assiette sans alourdir.<\/li>\n<\/ul>\n<\/div>\n<div class=\"faq\" itemscope=\"\" itemtype=\"https:\/\/schema.org\/FAQPage\">\n<h3>Questions fr\u00e9quentes \u2013 pur\u00e9e de chou-fleur<\/h3>\n<div itemscope=\"\" itemprop=\"mainEntity\" itemtype=\"https:\/\/schema.org\/Question\">\n<h4 itemprop=\"name\">Quelle association avec le chou-fleur\u00a0?<\/h4>\n<div itemscope=\"\" itemprop=\"acceptedAnswer\" itemtype=\"https:\/\/schema.org\/Answer\">\n<p itemprop=\"text\">Le chou-fleur aime les herbes fra\u00eeches (persil, ciboulette, aneth), les agrumes (zeste de citron), les \u00e9pices douces (muscade, cumin, paprika fum\u00e9), et les notes grill\u00e9es (amandes, noisettes, graines de s\u00e9same). <strong>Avec un poisson r\u00f4ti, un poulet au four ou du tofu croustillant<\/strong>, l\u2019accord fonctionne tr\u00e8s bien. Je l\u2019appr\u00e9cie aussi avec une salade verte croquante et une sauce verte type salsa verde sans parmesan.<\/p>\n<\/div>\n<\/div>\n<div itemscope=\"\" itemprop=\"mainEntity\" itemtype=\"https:\/\/schema.org\/Question\">\n<h4 itemprop=\"name\">Comment \u00e9paissir une pur\u00e9e de chou-fleur\u00a0?<\/h4>\n<div itemscope=\"\" itemprop=\"acceptedAnswer\" itemtype=\"https:\/\/schema.org\/Answer\">\n<p itemprop=\"text\">D\u2019abord, dess\u00e9chez les l\u00e9gumes 1 \u00e0 2\u00a0min sur feu doux apr\u00e8s cuisson. Ensuite, versez le liquide petit \u00e0 petit et arr\u00eatez d\u00e8s que la consistance vous convient. Pour renforcer la tenue, ajoutez 1 c. \u00e0 s. de pur\u00e9e de cajou ou un petit morceau de pomme de terre vapeur. En d\u00e9pannage, 1 c. \u00e0 c. de f\u00e9cule (arrow-root) dilu\u00e9e dans un peu de boisson v\u00e9g\u00e9tale chaude peut aider, \u00e0 feu tr\u00e8s doux.<\/p>\n<\/div>\n<\/div>\n<div itemscope=\"\" itemprop=\"mainEntity\" itemtype=\"https:\/\/schema.org\/Question\">\n<h4 itemprop=\"name\">Qu\u2019est-ce qui va bien avec du chou-fleur\u00a0?<\/h4>\n<div itemscope=\"\" itemprop=\"acceptedAnswer\" itemtype=\"https:\/\/schema.org\/Answer\">\n<p itemprop=\"text\">En prot\u00e9ines\u00a0: poisson blanc, saumon, volaille r\u00f4tie, \u0153ufs mollets, tofu ou tempeh. En l\u00e9gumes\u00a0: carottes r\u00f4ties, \u00e9pinards saut\u00e9s, champignons, poireaux fondants. En condiments\u00a0: huile d\u2019olive, c\u00e2pres, olives, pignons, herbes fra\u00eeches. Je joue souvent la carte citron + herbes pour une assiette tr\u00e8s fra\u00eeche.<\/p>\n<\/div>\n<\/div>\n<div itemscope=\"\" itemprop=\"mainEntity\" itemtype=\"https:\/\/schema.org\/Question\">\n<h4 itemprop=\"name\">Peut-on pr\u00e9parer \u00e0 l\u2019avance\u00a0?<\/h4>\n<div itemscope=\"\" itemprop=\"acceptedAnswer\" itemtype=\"https:\/\/schema.org\/Answer\">\n<p itemprop=\"text\">Oui. Conservez 2 \u00e0 3 jours au r\u00e9frig\u00e9rateur dans un contenant herm\u00e9tique. <strong>R\u00e9chauffez \u00e0 feu doux<\/strong> avec une ou deux cuiller\u00e9es de boisson v\u00e9g\u00e9tale pour retrouver l\u2019onctuosit\u00e9. La cong\u00e9lation est possible mais la texture peut l\u00e9g\u00e8rement se s\u00e9parer\u00a0: remixez bri\u00e8vement au moment du service.<\/p>\n<\/div>\n<\/div>\n<div itemscope=\"\" itemprop=\"mainEntity\" itemtype=\"https:\/\/schema.org\/Question\">\n<h4 itemprop=\"name\">Comment \u00e9viter l\u2019odeur forte \u00e0 la cuisson\u00a0?<\/h4>\n<div itemscope=\"\" itemprop=\"acceptedAnswer\" itemtype=\"https:\/\/schema.org\/Answer\">\n<p itemprop=\"text\"><strong>Cuisez \u00e0 la vapeur<\/strong> plut\u00f4t qu\u2019\u00e0 grande eau et ne prolongez pas la cuisson. Vous pouvez aussi ajouter un trait de citron ou d\u00e9poser une feuille de laurier dans l\u2019eau de la vapeur pour un parfum plus d\u00e9licat.<\/p>\n<\/div>\n<\/div>\n<\/div>\n<hr\/>\n<div class=\"conclusion-article\">\n<p>Je reviens souvent \u00e0 cet \u00e9cras\u00e9 de chou-fleur pour composer des assiettes simples et savoureuses. Vous avez une base qui se pr\u00e9pare vite, qui se garde bien et qui s\u2019accorde sans peine avec un poisson au four, un poulet r\u00f4ti ou une alternative v\u00e9g\u00e9tale. Ce que j\u2019aime surtout, c\u2019est la souplesse de la m\u00e9thode : m\u00eame proportion, m\u00eame geste, et vous ajustez la texture selon votre envie du jour. Un peu plus dense pour soutenir une viande en sauce, plus fluide pour napper des l\u00e9gumes r\u00f4tis : tout est possible sans effort.<\/p>\n<p>Pour la maison, je pr\u00e9pare souvent une grande quantit\u00e9 le dimanche. La premi\u00e8re soir\u00e9e, je sers tel quel avec un filet d\u2019huile d\u2019olive et des herbes. Le lendemain, je transforme en parmentier express avec des restes de b\u0153uf effiloch\u00e9 ou des pois chiches grill\u00e9s.<\/p>\n<p>Si vous aimez explorer autour du m\u00eame l\u00e9gume, je vous conseille de tester le format \u00ab \u00e0 emporter \u00bb. <strong>Le c\u00f4t\u00e9 pratique est imbattable<\/strong> : un bento de l\u00e9gumes verts, une prot\u00e9ine, et une portion d\u2019\u00e9cras\u00e9 r\u00e9chauff\u00e9e d\u00e9licatement. Et pour varier les plaisirs, passez en version \u00ab snack sal\u00e9 \u00bb avec mon <a href=\"https:\/\/cuisine-saine.fr\/cuisine_bio\/recette-bio-cake-aux-chou-fleur-et-jambon-sans-gluten-ni-lait\/\" target=\"_blank\" rel=\"noopener\">cake aux chou-fleur et jambon sans gluten ni lait<\/a> : super en pique-nique ou pour une lunch box \u00e9quilibr\u00e9e.<\/p>\n<p>Dernier mot : <strong>dosez les parfums avec l\u00e9g\u00e8ret\u00e9<\/strong>. Un zeste de citron, un trait d\u2019huile d\u2019olive, un soup\u00e7on de muscade ; pas besoin d\u2019en faire trop. L\u2019\u00e9cras\u00e9 doit rester doux et rond, c\u2019est ce qui le rend si facile \u00e0 marier. Avec l\u2019habitude, vous trouverez votre point d\u2019\u00e9quilibre, celui qui pla\u00eet \u00e0 toute la table. Et si vous cuisinez pour des enfants, commencez tr\u00e8s sobre, puis proposez les condiments \u00e0 part : chacun personnalise dans l\u2019assiette. C\u2019est simple, convivial et \u00e7a marche \u00e0 tous les coups.<\/p>\n<\/div>\n<p><!-- FeedbackWP Plugin -->      <\/p>\n<nav class=\"cs-post-nav\" aria-label=\"Navigation entre articles\">\n<p>                  <a class=\"cs-nav-item cs-nav-older\" rel=\"prev\" href=\"https:\/\/cuisine-saine.fr\/vie-saine\/comparatif\/comparatif-des-meilleurs-extracteurs-de-jus\/\"><br \/>\n            <span class=\"cs-nav-sub\">Plus ancien<\/span><br \/>\n            <span class=\"cs-nav-title\">Comparatif des meilleurs extracteurs de jus<\/span><br \/>\n          <\/a><br \/>\n              <\/nav>\n<p>      <span class=\"et_bloom_bottom_trigger\"\/>\n        <\/div>\n<p>[ad_2]<br \/>\n<br \/><a href=\"https:\/\/cuisine-saine.fr\/recette-sans-gluten-ni-lait\/puree-de-chou-fleur\/\">Source link <\/a><\/p>\n","protected":false},"excerpt":{"rendered":"<p>[ad_1] Je reviens toujours \u00e0 la pur\u00e9e de chou-fleur quand j\u2019ai envie d\u2019un accompagnement doux, l\u00e9ger et tr\u00e8s gourmand. Vous &hellip; <a href=\"http:\/\/www.affinite.fr\/index.php\/2025\/10\/12\/puree-de-chou-fleur-sans-gluten-ni-lactose\/\" class=\"more-link\">Plus <span class=\"screen-reader-text\">Pur\u00e9e de chou-fleur sans gluten ni lactose<\/span> <span class=\"meta-nav\">&rarr;<\/span><\/a><\/p>\n","protected":false},"author":1,"featured_media":12266,"comment_status":"","ping_status":"open","sticky":false,"template":"","format":"standard","meta":{"_sitemap_exclude":false,"_sitemap_priority":"","_sitemap_frequency":"","footnotes":""},"categories":[1],"tags":[],"class_list":["post-12265","post","type-post","status-publish","format-standard","has-post-thumbnail","hentry","category-tous"],"_links":{"self":[{"href":"http:\/\/www.affinite.fr\/index.php\/wp-json\/wp\/v2\/posts\/12265"}],"collection":[{"href":"http:\/\/www.affinite.fr\/index.php\/wp-json\/wp\/v2\/posts"}],"about":[{"href":"http:\/\/www.affinite.fr\/index.php\/wp-json\/wp\/v2\/types\/post"}],"author":[{"embeddable":true,"href":"http:\/\/www.affinite.fr\/index.php\/wp-json\/wp\/v2\/users\/1"}],"replies":[{"embeddable":true,"href":"http:\/\/www.affinite.fr\/index.php\/wp-json\/wp\/v2\/comments?post=12265"}],"version-history":[{"count":0,"href":"http:\/\/www.affinite.fr\/index.php\/wp-json\/wp\/v2\/posts\/12265\/revisions"}],"wp:featuredmedia":[{"embeddable":true,"href":"http:\/\/www.affinite.fr\/index.php\/wp-json\/wp\/v2\/media\/12266"}],"wp:attachment":[{"href":"http:\/\/www.affinite.fr\/index.php\/wp-json\/wp\/v2\/media?parent=12265"}],"wp:term":[{"taxonomy":"category","embeddable":true,"href":"http:\/\/www.affinite.fr\/index.php\/wp-json\/wp\/v2\/categories?post=12265"},{"taxonomy":"post_tag","embeddable":true,"href":"http:\/\/www.affinite.fr\/index.php\/wp-json\/wp\/v2\/tags?post=12265"}],"curies":[{"name":"wp","href":"https:\/\/api.w.org\/{rel}","templated":true}]}}