{"id":12255,"date":"2025-10-09T22:01:20","date_gmt":"2025-10-09T22:01:20","guid":{"rendered":"http:\/\/www.affinite.fr\/index.php\/2025\/10\/09\/recette-de-saute-de-porc-sans-gluten-ni-lactose\/"},"modified":"2025-10-09T22:01:20","modified_gmt":"2025-10-09T22:01:20","slug":"recette-de-saute-de-porc-sans-gluten-ni-lactose","status":"publish","type":"post","link":"http:\/\/www.affinite.fr\/index.php\/2025\/10\/09\/recette-de-saute-de-porc-sans-gluten-ni-lactose\/","title":{"rendered":"Recette de saut\u00e9 de porc sans gluten ni lactose"},"content":{"rendered":"<p> [ad_1]<br \/>\n<\/p>\n<div>\n    <!-- FeedbackWP Plugin - Results Widget --><\/p>\n<section class=\"intro-article\">\n<p> Aujourd\u2019hui, je vous propose <strong>ma recette de saut\u00e9 de porc sans gluten ni lactose<\/strong>, un plat que je pr\u00e9pare souvent les soirs de semaine quand j\u2019ai envie d\u2019un d\u00eener r\u00e9confortant sans passer des heures en cuisine. J\u2019aime la souplesse de cette pr\u00e9paration : je varie les l\u00e9gumes selon la saison et j\u2019ajuste les \u00e9pices pour un r\u00e9sultat toujours parfum\u00e9. Dans ma cuisine, le secret tient en trois gestes simples : <strong>saisir \u00e0 feu vif<\/strong> pour dorer, <strong>d\u00e9glacer<\/strong> pour r\u00e9cup\u00e9rer tous les sucs, puis <strong>mijoter doucement<\/strong> pour une viande moelleuse. <\/p>\n<p> Ma <em>recette de saut\u00e9 de porc<\/em> respecte vos contraintes alimentaires tout en restant g\u00e9n\u00e9reuse en go\u00fbt. J\u2019utilise des ingr\u00e9dients du quotidien : morceaux d\u2019\u00e9chine ou d\u2019\u00e9paule, oignons, carottes, champignons, aromates frais. C\u00f4t\u00e9 liant, j\u2019opte pour un fond naturellement sans gluten et une touche d\u2019amidon de ma\u00efs ou de f\u00e9cule de tapioca pour une sauce brillante et nappante, sans produits laitiers. Selon l\u2019humeur, je parfume avec paprika doux, moutarde ancienne, thym, laurier, ou un trait de vinaigre de cidre. Le r\u00e9sultat ? <strong>Une viande tendre, une sauce courte, et un plat familial<\/strong> qui se marie \u00e0 merveille avec du riz, du <a href=\"https:\/\/cuisine-saine.fr\/vie-saine\/la-cuisson-du-quinoa-methodes-temps-et-astuces\/\">quinoa<\/a> ou une pur\u00e9e de patate douce. <\/p>\n<p> Vous h\u00e9sitez sur la coupe de viande ou les modes de cuisson ? J\u2019ai d\u00e9taill\u00e9 d\u2019autres options pour le porc sur le blog : d\u00e9couvrez par exemple mon <a href=\"https:\/\/cuisine-saine.fr\/recette-sans-gluten-ni-lait\/filet-mignon-de-porc\/\" target=\"_blank\" rel=\"noopener\">filet mignon de porc<\/a> quand je cherche une texture particuli\u00e8rement d\u00e9licate, ou encore ce guide utile pour la <a href=\"https:\/\/cuisine-saine.fr\/vie-saine\/techniques\/cuisson-du-roti-de-porc-au-four\/\" target=\"_blank\" rel=\"noopener\">cuisson du r\u00f4ti de porc au four<\/a> si vous aimez les plats du dimanche qui embaument toute la maison. <\/p>\n<p> Si vous me suivez depuis longtemps, vous savez que j\u2019aime les plats modulables. Cette <em>recette de saut\u00e9 de porc<\/em> se pr\u00eate \u00e0 plusieurs ambiances : version douce avec pomme et romarin, version plus vive avec gingembre et citron vert, ou fa\u00e7on bistro avec champignons et moutarde. Je vous glisserai mes astuces pour r\u00e9ussir vos <strong>recettes de saut\u00e9 de porc<\/strong> \u00e0 tous les coups : gestion du sel, choix du gras de cuisson, ordre des \u00e9tapes pour conserver des l\u00e9gumes croquants et une viande juteuse.<\/p>\n<p> L\u2019objectif : une <em>recette de saut\u00e9 de porc<\/em> simple, claire, reproductible. Vous allez pouvoir la d\u00e9cliner sans stress, avec ce que vous avez au r\u00e9frig\u00e9rateur. <strong>Vous cuisinez, je vous guide pas \u00e0 pas<\/strong>, et on se r\u00e9gale ensemble. <\/p>\n<\/section>\n<p><em>Dites-moi quand je peux encha\u00eener avec la recette structur\u00e9e.<\/em><\/p>\n<h2>Recette de saut\u00e9 de porc (sans gluten ni lactose)<\/h2>\n<ul class=\"typerect\" itemprop=\"recipeCuisine\">\n<li class=\"ssgluten\">\n    <link itemprop=\"suitableForDiet\" href=\"https:\/\/schema.org\/GlutenFreeDiet\"\/>\n    <span>Recette sans gluten<\/span>\n  <\/li>\n<li class=\"sslait\">\n    <link itemprop=\"suitableForDiet\" href=\"https:\/\/schema.org\/LowLactoseDiet\"\/>\n    <span>Recette sans lactose<\/span>\n  <\/li>\n<\/ul>\n<div id=\"attachment_120983\" style=\"width: 1034px\" class=\"wp-caption alignnone\"><img loading=\"lazy\" decoding=\"async\" aria-describedby=\"caption-attachment-120983\" alt=\"Recette de saut\u00e9 de porc sans gluten ni lactose\" width=\"1024\" height=\"1536\" itemprop=\"image\" src=\"https:\/\/cuisine-saine.fr\/wp-content\/uploads\/2025\/10\/saute-porc.jpg\"\/><noscript><img loading=\"lazy\" decoding=\"async\" aria-describedby=\"caption-attachment-120983\" src=\"https:\/\/cuisine-saine.fr\/wp-content\/uploads\/2025\/10\/saute-porc.jpg\" alt=\"Recette de saut\u00e9 de porc sans gluten ni lactose\" width=\"1024\" height=\"1536\" itemprop=\"image\"\/><\/noscript><\/p>\n<p id=\"caption-attachment-120983\" class=\"wp-caption-text\">Recette de saut\u00e9 de porc sans gluten ni lactose<\/p>\n<\/div>\n<div class=\"intro\">\n<p itemprop=\"recipeCategory\">Plat<\/p>\n<p class=\"temps\">\n    <strong class=\"yield\" itemprop=\"recipeYield\">Pour 4 personnes<\/strong><br \/><strong>Temps de pr\u00e9paration<\/strong> :<br \/><time datetime=\"PT15M\" itemprop=\"prepTime\">15 min<\/time><br \/><strong>Temps de cuisson<\/strong> :<br \/><time datetime=\"PT50M\" itemprop=\"cookTime\">50 min<\/time>\n  <\/p>\n<\/div>\n<div class=\"ingredient\">\n<h3 class=\"listetitre\">Ingr\u00e9dients<\/h3>\n<ul class=\"listeingredient\">\n<li class=\"ingredient\" itemprop=\"recipeIngredient\">800 g d\u2019\u00e9paule de porc en cubes (3 cm)<\/li>\n<li class=\"ingredient\" itemprop=\"recipeIngredient\">2 oignons \u00e9minc\u00e9s<\/li>\n<li class=\"ingredient\" itemprop=\"recipeIngredient\">2 carottes en rondelles<\/li>\n<li class=\"ingredient\" itemprop=\"recipeIngredient\">250 g de champignons de Paris \u00e9minc\u00e9s<\/li>\n<li class=\"ingredient\" itemprop=\"recipeIngredient\">2 gousses d\u2019ail hach\u00e9es<\/li>\n<li class=\"ingredient\" itemprop=\"recipeIngredient\">1 c. \u00e0 s. de <a href=\"https:\/\/cuisine-saine.fr\/recette-bio\/recette-bio-moutarde-a-lancienne\/\">moutarde ancienne<\/a> (sans additifs contenant du gluten)<\/li>\n<li class=\"ingredient\" itemprop=\"recipeIngredient\">1 c. \u00e0 c. de paprika doux<\/li>\n<li class=\"ingredient\" itemprop=\"recipeIngredient\">1 feuille de laurier + 1 branche de thym<\/li>\n<li class=\"ingredient\" itemprop=\"recipeIngredient\">2 c. \u00e0 s. d\u2019huile d\u2019olive<\/li>\n<li class=\"ingredient\" itemprop=\"recipeIngredient\">150 ml de <a href=\"https:\/\/cuisine-saine.fr\/vie-saine\/bouillon-os-poulet-bienfaits\/\">bouillon de volaille sans gluten<\/a> (ou cidre brut)<\/li>\n<li class=\"ingredient\" itemprop=\"recipeIngredient\">1 c. \u00e0 s. de vinaigre de cidre<\/li>\n<li class=\"ingredient\" itemprop=\"recipeIngredient\">1 c. \u00e0 s. rase de f\u00e9cule de tapioca ou de ma\u00efs<\/li>\n<li class=\"ingredient\" itemprop=\"recipeIngredient\">Sel fin non raffin\u00e9, poivre<\/li>\n<li class=\"ingredient\" itemprop=\"recipeIngredient\">Persil frais (facultatif)<\/li>\n<\/ul>\n<\/div>\n<ol class=\"recette\" itemprop=\"recipeInstructions\">\n<li itemprop=\"step\">\n    \u00c9pongez les cubes de porc. Salez et poivrez. <strong>Chauffez l\u2019huile<\/strong> dans une cocotte.\n  <\/li>\n<li itemprop=\"step\">\n    <strong>Saisissez la viande par petites quantit\u00e9s<\/strong> 3 \u00e0 4 min pour bien dorer. R\u00e9servez au fur et \u00e0 mesure.\n  <\/li>\n<li itemprop=\"step\">\n    Faites revenir oignons et carottes, pr\u00e9alablement \u00e9pluch\u00e9es et coup\u00e9es en rondelles, 5 min. Ajoutez l\u2019ail 30 s. Incorporez les champignons et laissez tomber l\u2019eau de v\u00e9g\u00e9tation.\n  <\/li>\n<li itemprop=\"step\">\n    Remettez la viande. Ajoutez paprika, thym, laurier et moutarde. M\u00e9langez 1 min pour enrober.\n  <\/li>\n<li itemprop=\"step\">\n    <strong>D\u00e9glacez<\/strong> avec le bouillon (ou le cidre) et le vinaigre. Raclez le fond pour r\u00e9cup\u00e9rer les sucs.\n  <\/li>\n<li itemprop=\"step\">\n    Couvrez \u00e0 demi et <strong>laissez mijoter doucement<\/strong> 35 \u00e0 40 min, jusqu\u2019\u00e0 une viande tendre.\n  <\/li>\n<li itemprop=\"step\">\n    D\u00e9layez la f\u00e9cule dans 2 c. \u00e0 s. d\u2019eau froide. Versez dans la cocotte. <strong>Remuez jusqu\u2019\u00e0 nappage<\/strong> (2 \u00e0 3 min). Rectifiez l\u2019assaisonnement.\n  <\/li>\n<li itemprop=\"step\">\n    Parsemez de persil. Servez avec riz, le quinoa ou pur\u00e9e de patate douce.\n  <\/li>\n<\/ol>\n<h3 class=\"conseil\">Le conseil de Karen<\/h3>\n<div class=\"conkar\">\n<p>\n    Pour une sauce brillante sans cr\u00e8me, j\u2019utilise la f\u00e9cule en fin de cuisson et je garde un feu doux. <strong>Ne faites pas bouillir apr\u00e8s l\u2019ajout de l\u2019amidon<\/strong>, la texture resterait \u00e9lastique. Pour gagner du temps, je coupe la viande \u00e0 l\u2019avance et je sale l\u00e9g\u00e8rement 30 min avant : la <em>recette de saut\u00e9 de porc<\/em> gagne en moelleux et en go\u00fbt.\n  <\/p>\n<\/div>\n<div class=\"nutrition\" itemscope=\"\" itemtype=\"https:\/\/schema.org\/NutritionInformation\">\n<div itemprop=\"nutrition\" itemscope=\"\" itemtype=\"https:\/\/schema.org\/NutritionInformation\">\n<h2>Valeurs nutritionnelles pour la recette de saut\u00e9 de porc<\/h2>\n<p>\n      <strong itemprop=\"servingSize\">Par portion (1\/4 de la recette ~ 320 g)<\/strong>\n    <\/p>\n<table>\n<tr>\n<th>\u00c9nergie<\/th>\n<td><span itemprop=\"calories\">520 kcal<\/span><\/td>\n<\/tr>\n<tr>\n<th>Prot\u00e9ines<\/th>\n<td><span itemprop=\"proteinContent\">38 g<\/span><\/td>\n<\/tr>\n<tr>\n<th>Glucides<\/th>\n<td><span itemprop=\"carbohydrateContent\">12 g<\/span><\/td>\n<\/tr>\n<tr>\n<th>Dont sucres<\/th>\n<td><span itemprop=\"sugarContent\">6 g<\/span><\/td>\n<\/tr>\n<tr>\n<th>Lipides<\/th>\n<td><span itemprop=\"fatContent\">32 g<\/span><\/td>\n<\/tr>\n<tr>\n<th>Dont satur\u00e9s<\/th>\n<td><span itemprop=\"saturatedFatContent\">9 g<\/span><\/td>\n<\/tr>\n<tr>\n<th>Fibres<\/th>\n<td><span itemprop=\"fiberContent\">3 g<\/span><\/td>\n<\/tr>\n<tr>\n<th>Sodium<\/th>\n<td><span itemprop=\"sodiumContent\">0,9 g<\/span><\/td>\n<\/tr>\n<\/table>\n<\/div>\n<\/div>\n<div class=\"astuces-cahier\">\n<h3>Astuces et variantes pour la recette de saut\u00e9 de porc<\/h3>\n<p class=\"surtitre\">Mes id\u00e9es pour sublimer vos <strong>saut\u00e9s de porc<\/strong><\/p>\n<ul>\n<li><strong>Tendret\u00e9 assur\u00e9e :<\/strong> je coupe des cubes r\u00e9guliers de 3 cm et je sale 20 \u00e0 30 min avant cuisson. Le repos am\u00e9liore la tendret\u00e9.<\/li>\n<li><strong>Saisir sans accrocher :<\/strong> je chauffe bien la cocotte, j\u2019ajoute l\u2019huile, puis je saisis en petites portions. <strong>La coloration fait toute la diff\u00e9rence<\/strong>.<\/li>\n<li><strong>Base aromatique efficace :<\/strong> oignons + carottes + ail. J\u2019ajoute thym, laurier, paprika doux. C\u2019est simple et parfum\u00e9.<\/li>\n<li><strong>D\u00e9glacer malin :<\/strong> bouillon sans gluten, cidre brut ou eau chaude + vinaigre de cidre. Je racle le fond pour r\u00e9cup\u00e9rer les sucs.<\/li>\n<li><strong>Sauce nappante sans lait :<\/strong> f\u00e9cule de tapioca (ou ma\u00efs) dilu\u00e9e \u00e0 froid, ajout\u00e9e en fin de cuisson. <strong>Pas d\u2019\u00e9bullition apr\u00e8s ajout<\/strong>.<\/li>\n<li><strong>Variante bistro :<\/strong> moutarde ancienne, champignons et une pointe de poivre vert. Service avec sarrasin.<\/li>\n<li><strong>Variante douce d\u2019automne :<\/strong> quartiers de pomme, romarin et un trait de cidre. Parfait avec une pur\u00e9e de patate douce.<\/li>\n<li><strong>Variante gingembre\u2013citron :<\/strong> zeste et jus de citron, gingembre frais, coriandre au service. Je remplace le bouillon par eau + tamari sans gluten, tr\u00e8s peu sal\u00e9.<\/li>\n<li><strong>Batch cooking :<\/strong> je pr\u00e9pare les cubes la veille, j\u2019ajoute une marinade l\u00e9g\u00e8re (huile d\u2019olive, paprika, herbes), et je cuis le lendemain. <strong>Le go\u00fbt gagne en profondeur<\/strong>.<\/li>\n<li><strong>Cuisson au four possible :<\/strong> apr\u00e8s la saisie, je termine 30 min au four \u00e0 170 \u00b0C \u00e0 couvert. Id\u00e9al si je g\u00e8re plusieurs plats.<\/li>\n<li><strong>Accompagnements fut\u00e9s :<\/strong> riz, sarrasin, quinoa, polenta de ma\u00efs, ou l\u00e9gumes verts saut\u00e9s. J\u2019\u00e9vite les amidons lourds en semaine.<\/li>\n<li><strong>Sans vin :<\/strong> j\u2019utilise eau chaude + vinaigre de cidre + moutarde. Le r\u00e9sultat reste vif et \u00e9quilibr\u00e9.<\/li>\n<\/ul>\n<\/div>\n<div class=\"faq\" itemscope=\"\" itemtype=\"https:\/\/schema.org\/FAQPage\">\n<h3>Questions fr\u00e9quentes \u2013 saut\u00e9 de porc sans gluten ni lactose<\/h3>\n<div itemscope=\"\" itemprop=\"mainEntity\" itemtype=\"https:\/\/schema.org\/Question\">\n<h4 itemprop=\"name\">Comment cuire du saut\u00e9 de porc pour qu\u2019il soit tendre ?<\/h4>\n<div itemscope=\"\" itemprop=\"acceptedAnswer\" itemtype=\"https:\/\/schema.org\/Answer\">\n<p itemprop=\"text\">Saisissez en petites portions pour bien dorer, d\u00e9glacez, puis laissez mijoter \u00e0 feu doux \u00e0 couvert. Visez 35 \u00e0 45 min selon la coupe. <strong>La douce \u00e9vaporation attendrit la viande<\/strong>. Je sale 20 \u00e0 30 min avant pour un r\u00e9sultat plus moelleux.<\/p>\n<\/div>\n<\/div>\n<div itemscope=\"\" itemprop=\"mainEntity\" itemtype=\"https:\/\/schema.org\/Question\">\n<h4 itemprop=\"name\">Comment faire pour que la viande de porc soit tendre ?<\/h4>\n<div itemscope=\"\" itemprop=\"acceptedAnswer\" itemtype=\"https:\/\/schema.org\/Answer\">\n<p itemprop=\"text\">Choisissez l\u2019\u00e9paule ou l\u2019\u00e9chine, coupez des cubes r\u00e9guliers, \u00e9vitez la surcuisson vive. <strong>La chaleur mod\u00e9r\u00e9e et l\u2019humidit\u00e9<\/strong> font le travail. J\u2019ajoute un filet d\u2019acide doux (vinaigre de cidre) pour \u00e9quilibrer les saveurs.<\/p>\n<\/div>\n<\/div>\n<div itemscope=\"\" itemprop=\"mainEntity\" itemtype=\"https:\/\/schema.org\/Question\">\n<h4 itemprop=\"name\">Quelle est la meilleure fa\u00e7on de cuire le porc pour qu\u2019il soit tendre ?<\/h4>\n<div itemscope=\"\" itemprop=\"acceptedAnswer\" itemtype=\"https:\/\/schema.org\/Answer\">\n<p itemprop=\"text\">Pour des cubes, la cocotte est id\u00e9ale : <strong>saisie + mijotage<\/strong>. Au four fonctionne aussi apr\u00e8s la saisie (170\u00a0\u00b0C, 30 min \u00e0 couvert). \u00c9vitez l\u2019\u00e9bullition prolong\u00e9e qui resserre les fibres.<\/p>\n<\/div>\n<\/div>\n<div itemscope=\"\" itemprop=\"mainEntity\" itemtype=\"https:\/\/schema.org\/Question\">\n<h4 itemprop=\"name\">Quelles sont les trois r\u00e8gles du saut\u00e9 de porc ?<\/h4>\n<div itemscope=\"\" itemprop=\"acceptedAnswer\" itemtype=\"https:\/\/schema.org\/Answer\">\n<p itemprop=\"text\"><strong>Dorer<\/strong> en petites quantit\u00e9s, <strong>d\u00e9glacer<\/strong> pour r\u00e9cup\u00e9rer les sucs, <strong>mijoter<\/strong> \u00e0 feu doux jusqu\u2019\u00e0 nappage de la sauce. Avec ces \u00e9tapes, vous obtenez un plat savoureux et r\u00e9gulier.<\/p>\n<\/div>\n<\/div>\n<div itemscope=\"\" itemprop=\"mainEntity\" itemtype=\"https:\/\/schema.org\/Question\">\n<h4 itemprop=\"name\">Quelle coupe choisir pour un saut\u00e9 r\u00e9ussi ?<\/h4>\n<div itemscope=\"\" itemprop=\"acceptedAnswer\" itemtype=\"https:\/\/schema.org\/Answer\">\n<p itemprop=\"text\">\u00c9paule ou \u00e9chine pour l\u2019\u00e9quilibre entre maigre et gras. La noix de jambon marche mais reste plus s\u00e8che. <strong>Un peu de gras apporte saveur et souplesse<\/strong> \u00e0 la cuisson.<\/p>\n<\/div>\n<\/div>\n<div itemscope=\"\" itemprop=\"mainEntity\" itemtype=\"https:\/\/schema.org\/Question\">\n<h4 itemprop=\"name\">Peut-on pr\u00e9parer le plat \u00e0 l\u2019avance ou le congeler ?<\/h4>\n<div itemscope=\"\" itemprop=\"acceptedAnswer\" itemtype=\"https:\/\/schema.org\/Answer\">\n<p itemprop=\"text\">Oui. Le plat gagne le lendemain. Conservez 2 \u00e0 3 jours au r\u00e9frig\u00e9rateur. Congelez jusqu\u2019\u00e0 3 mois. R\u00e9chauffez doucement avec un trait d\u2019eau ou de bouillon pour retrouver une sauce lisse.<\/p>\n<\/div>\n<\/div>\n<div itemscope=\"\" itemprop=\"mainEntity\" itemtype=\"https:\/\/schema.org\/Question\">\n<h4 itemprop=\"name\">Par quoi \u00e9paissir la sauce sans produits laitiers ?<\/h4>\n<div itemscope=\"\" itemprop=\"acceptedAnswer\" itemtype=\"https:\/\/schema.org\/Answer\">\n<p itemprop=\"text\">Utilisez f\u00e9cule de tapioca ou de ma\u00efs, dilu\u00e9e \u00e0 froid. Incorporez en fin de cuisson et <strong>\u00e9vitez l\u2019\u00e9bullition apr\u00e8s ajout<\/strong> pour garder une texture nappante.<\/p>\n<\/div>\n<\/div>\n<div itemscope=\"\" itemprop=\"mainEntity\" itemtype=\"https:\/\/schema.org\/Question\">\n<h4 itemprop=\"name\">Peut-on cuisiner sans vin ?<\/h4>\n<div itemscope=\"\" itemprop=\"acceptedAnswer\" itemtype=\"https:\/\/schema.org\/Answer\">\n<p itemprop=\"text\">Oui. D\u00e9glacez avec bouillon sans gluten ou eau chaude + vinaigre de cidre. J\u2019ajoute parfois un peu de moutarde ancienne pour la complexit\u00e9.<\/p>\n<\/div>\n<\/div>\n<\/div>\n<hr\/>\n<section class=\"conclusion\">\n<p> J\u2019esp\u00e8re vous avoir donn\u00e9 envie d\u2019essayer ce <strong>saut\u00e9 de porc<\/strong> \u00e0 ma fa\u00e7on : simple, parfum\u00e9, efficace en semaine comme le week-end. Vous avez tout sous la main pour r\u00e9ussir, m\u00eame avec un timing serr\u00e9. Je vous conseille de garder les trois \u00e9tapes cl\u00e9s en t\u00eate : <strong>saisir<\/strong>, <strong>d\u00e9glacer<\/strong>, <strong>mijoter<\/strong>. C\u2019est la base qui garantit une viande tendre et une sauce courte bien brillante. Pour varier, piochez parmi mes id\u00e9es d\u2019herbes, d\u2019\u00e9pices et d\u2019accompagnements, et ajustez selon votre humeur. <\/p>\n<p> Vous aimez les recettes lentes et effiloch\u00e9es ? Je pr\u00e9pare aussi souvent cet <a href=\"https:\/\/cuisine-saine.fr\/recette-sans-gluten-ni-lait\/effiloche-de-porc-maison\/\" target=\"_blank\" rel=\"noopener\">effiloch\u00e9 de porc maison<\/a> : une autre fa\u00e7on de profiter d\u2019une chair moelleuse, parfaite pour garnir des bols de riz, des salades ti\u00e8des ou des <a href=\"https:\/\/cuisine-saine.fr\/recette-sans-gluten-ni-lait\/tacos-sans-gluten-sans-lactose\/\">tacos sans gluten<\/a>. Si vous d\u00e9butez et que vous cherchez une <strong>recette pour saut\u00e9 de porc<\/strong> \u201cpasse-partout\u201d, gardez ma base et changez seulement le bouquet aromatique : romarin\u2013citron, paprika\u2013cumin, ou gingembre\u2013coriandre. <\/p>\n<p> Je r\u00e9capitule : cubes r\u00e9guliers, cocotte bien chaude, petites fourn\u00e9es pour dorer, d\u00e9gla\u00e7age, feu doux. <strong>La patience \u00e0 petit feu fait la diff\u00e9rence<\/strong>. Pour le service, pensez aux c\u00e9r\u00e9ales sans gluten (riz, quinoa, polenta de ma\u00efs) et aux l\u00e9gumes verts saut\u00e9s. C\u2019est \u00e9quilibr\u00e9 et rapide. Si vous cuisinez \u00e0 l\u2019avance, ce plat se r\u00e9chauffe tr\u00e8s bien avec un trait d\u2019eau ou de bouillon. <\/p>\n<p> Envie d\u2019explorer d\u2019autres <strong>recettes de saut\u00e9 de porc<\/strong> ou des <em>recettes de porc saut\u00e9es<\/em> plus exotiques ? Inspirez-vous de ma base, ajustez le sucr\u00e9-sal\u00e9 avec un peu de vinaigre de cidre, une pointe de moutarde ancienne, ou une touche d\u2019agrumes. Avec ces rep\u00e8res, votre <strong>recette de saut\u00e9 de porc<\/strong> deviendra vite un pilier de votre cuisine du quotidien, modulable, rassurant, et toujours gourmand. <\/p>\n<\/section>\n<p><!-- FeedbackWP Plugin -->      <\/p>\n<nav class=\"cs-post-nav\" aria-label=\"Navigation entre articles\">\n<p>                  <a class=\"cs-nav-item cs-nav-older\" rel=\"prev\" href=\"https:\/\/cuisine-saine.fr\/vie-saine\/techniques\/cuisson-du-roti-de-porc-au-four\/\"><br \/>\n            <span class=\"cs-nav-sub\">Plus ancien<\/span><br \/>\n            <span class=\"cs-nav-title\">Cuisson du r\u00f4ti de porc au four + calcul du temps de cuisson<\/span><br \/>\n          <\/a><br \/>\n              <\/nav>\n<p>      <span class=\"et_bloom_bottom_trigger\"\/>\n        <\/div>\n<p>[ad_2]<br \/>\n<br \/><a href=\"https:\/\/cuisine-saine.fr\/recette-sans-gluten\/recette-facile\/recette-de-saute-de-porc-sans-gluten-ni-lactose\/\">Source link <\/a><\/p>\n","protected":false},"excerpt":{"rendered":"<p>[ad_1] Aujourd\u2019hui, je vous propose ma recette de saut\u00e9 de porc sans gluten ni lactose, un plat que je pr\u00e9pare &hellip; <a href=\"http:\/\/www.affinite.fr\/index.php\/2025\/10\/09\/recette-de-saute-de-porc-sans-gluten-ni-lactose\/\" class=\"more-link\">Plus <span class=\"screen-reader-text\">Recette de saut\u00e9 de porc sans gluten ni lactose<\/span> <span class=\"meta-nav\">&rarr;<\/span><\/a><\/p>\n","protected":false},"author":1,"featured_media":12256,"comment_status":"","ping_status":"open","sticky":false,"template":"","format":"standard","meta":{"_sitemap_exclude":false,"_sitemap_priority":"","_sitemap_frequency":"","footnotes":""},"categories":[1],"tags":[],"class_list":["post-12255","post","type-post","status-publish","format-standard","has-post-thumbnail","hentry","category-tous"],"_links":{"self":[{"href":"http:\/\/www.affinite.fr\/index.php\/wp-json\/wp\/v2\/posts\/12255"}],"collection":[{"href":"http:\/\/www.affinite.fr\/index.php\/wp-json\/wp\/v2\/posts"}],"about":[{"href":"http:\/\/www.affinite.fr\/index.php\/wp-json\/wp\/v2\/types\/post"}],"author":[{"embeddable":true,"href":"http:\/\/www.affinite.fr\/index.php\/wp-json\/wp\/v2\/users\/1"}],"replies":[{"embeddable":true,"href":"http:\/\/www.affinite.fr\/index.php\/wp-json\/wp\/v2\/comments?post=12255"}],"version-history":[{"count":0,"href":"http:\/\/www.affinite.fr\/index.php\/wp-json\/wp\/v2\/posts\/12255\/revisions"}],"wp:featuredmedia":[{"embeddable":true,"href":"http:\/\/www.affinite.fr\/index.php\/wp-json\/wp\/v2\/media\/12256"}],"wp:attachment":[{"href":"http:\/\/www.affinite.fr\/index.php\/wp-json\/wp\/v2\/media?parent=12255"}],"wp:term":[{"taxonomy":"category","embeddable":true,"href":"http:\/\/www.affinite.fr\/index.php\/wp-json\/wp\/v2\/categories?post=12255"},{"taxonomy":"post_tag","embeddable":true,"href":"http:\/\/www.affinite.fr\/index.php\/wp-json\/wp\/v2\/tags?post=12255"}],"curies":[{"name":"wp","href":"https:\/\/api.w.org\/{rel}","templated":true}]}}