{"id":12243,"date":"2025-10-06T20:32:10","date_gmt":"2025-10-06T20:32:10","guid":{"rendered":"http:\/\/www.affinite.fr\/index.php\/2025\/10\/06\/taille-metier-dans-le-luxe-le-petit-village-dou-elle-vient\/"},"modified":"2025-10-06T20:32:10","modified_gmt":"2025-10-06T20:32:10","slug":"taille-metier-dans-le-luxe-le-petit-village-dou-elle-vient","status":"publish","type":"post","link":"http:\/\/www.affinite.fr\/index.php\/2025\/10\/06\/taille-metier-dans-le-luxe-le-petit-village-dou-elle-vient\/","title":{"rendered":"taille, m\u00e9tier dans le luxe, le petit village d&rsquo;o\u00f9 elle vient&#8230;"},"content":{"rendered":"<p> [ad_1]<br \/>\n<br \/><img decoding=\"async\" src=\"https:\/\/img-3.journaldesfemmes.fr\/hTeV1sYGrfJuxjDMRAQr49EkbBA=\/1280x\/smart\/66ca2f8ec19040d9b257b37a6822f651\/ccmcms-jdf\/40049359.jpg\" \/><\/p>\n<p>\n                Alo\u00efce Sejotte est la nouvelle Miss Limousin. La jolie jeune femme rejoint les autres candidates au titre de Miss France 2026. Voici ses secrets.            <\/p>\n<div>\n<p>C&rsquo;est Alo\u00efce Sejotte qui a remport\u00e9 l&rsquo;\u00e9charpe de Miss Limousin 2025, le samedi 4\u00a0octobre \u00e0 Aubusson, dans la Creuse. La nouvelle reine de beaut\u00e9 va donc participer \u00e0 la finale de Miss France 2026, en d\u00e9cembre prochain, sur TF1. Voici ce qu&rsquo;il faut savoir sur elle.<\/p>\n<h2>Alo\u00efce Sejotte est Miss Limousin 2025\u00a0: elle travaille dans le luxe\u00a0!<\/h2>\n<p>Alo\u00efce Sejotte est \u00e2g\u00e9e de\u00a024\u00a0ans, elle mesure 1m74 et est originaire de Chamboret, un petit village de moins de 800 habitants situ\u00e9 en Haute-Vienne. C\u00f4t\u00e9 \u00e9tudes,\u00a0Alo\u00efce Sejotte est titulaire d&rsquo;un BTS m\u00e9tiers de la mode obtenu en 2021\u00a0\u00e0 Limoges. Aujourd&rsquo;hui, elle exerce son m\u00e9tier dans le secteur de la maroquinerie de luxe, toujours \u00e0 Limoges, elle confectionne des sacs de luxe ainsi que des malles. Auparavant, elle a obtenu un baccalaur\u00e9at sp\u00e9cialis\u00e9 dans le d\u00e9veloppement durable !<\/p>\n<p>Si elle a grandi en r\u00e9gion parisienne, la nouvelle reine de beaut\u00e9 s&rsquo;est finalement install\u00e9e dans le Limousin avec sa famille, r\u00e9gion natale de son p\u00e8re. \u00ab\u00a0<em>Ce sacre est bien plus qu&rsquo;une \u00e9charpe,\u00a0c&rsquo;est une promesse envers ma r\u00e9gion, un appel \u00e0 c\u00e9l\u00e9brer la beaut\u00e9 dans toute sa diversit\u00e9<\/em>\u00ab\u00a0, a d\u00e9clar\u00e9 la jeune femme \u00e0 l&rsquo;issue de sa victoire locale.<\/p>\n<h2>Le d\u00e9fi d&rsquo;Alo\u00efce Sejotte \u00e0 Miss France : ramener une 1\u00e8re couronne pour le Limousin !<\/h2>\n<p>La miss r\u00e9gionale, qui r\u00eave de prendre la suite de l&rsquo;actuelle tenante du titre <a href=\"https:\/\/www.journaldesfemmes.fr\/people\/personnalites\/3199046-miss-france-angelique-angarni-filopon-martinique\/\" title=\"Ang\u00e9lique Angarni-Filopon\">Ang\u00e9lique Angarni-Filopon<\/a>, a une pression immense sur les \u00e9paules puisque sa r\u00e9gion n&rsquo;a jamais remport\u00e9 le concours Miss France ! \u00ab\u00a0<em>Je vais ramener la premi\u00e8re couronne de Miss France<\/em>\u00ab\u00a0, a-t-elle assur\u00e9 en interview avec <em>La Montagne<\/em>. Le meilleur classement pour une Miss Limousin remonte \u00e0\u00a0Sophie Vouzelaud, Premi\u00e8re Dauphine de Miss France 2007.<\/p>\n<p>La jeune femme tentera sa chance le 6\u00a0d\u00e9cembre prochain en direct sur TF1, et au Z\u00e9nith d&rsquo;Amiens, qui accueillera d&rsquo;ailleurs la grande c\u00e9r\u00e9monie pour la toute premi\u00e8re fois. Avant cela, elle participera au traditionnel voyage de pr\u00e9paration des miss avec ses concurrentes.\u00a0<\/p>\n<\/p><\/div>\n<p>[ad_2]<br \/>\n<br \/><a href=\"https:\/\/www.journaldesfemmes.fr\/people\/personnalites\/3243508-miss-france-2026-aloice-sejotte-est-miss-limousin-taille-metier-dans-le-luxe-le-petit-village-d-ou-elle-vient\/\">Source link <\/a><\/p>\n","protected":false},"excerpt":{"rendered":"<p>[ad_1] Alo\u00efce Sejotte est la nouvelle Miss Limousin. La jolie jeune femme rejoint les autres candidates au titre de Miss &hellip; <a href=\"http:\/\/www.affinite.fr\/index.php\/2025\/10\/06\/taille-metier-dans-le-luxe-le-petit-village-dou-elle-vient\/\" class=\"more-link\">Plus <span class=\"screen-reader-text\">taille, m\u00e9tier dans le luxe, le petit village d&rsquo;o\u00f9 elle vient&#8230;<\/span> <span class=\"meta-nav\">&rarr;<\/span><\/a><\/p>\n","protected":false},"author":1,"featured_media":12244,"comment_status":"","ping_status":"open","sticky":false,"template":"","format":"standard","meta":{"_sitemap_exclude":false,"_sitemap_priority":"","_sitemap_frequency":"","footnotes":""},"categories":[1],"tags":[],"class_list":["post-12243","post","type-post","status-publish","format-standard","has-post-thumbnail","hentry","category-tous"],"_links":{"self":[{"href":"http:\/\/www.affinite.fr\/index.php\/wp-json\/wp\/v2\/posts\/12243"}],"collection":[{"href":"http:\/\/www.affinite.fr\/index.php\/wp-json\/wp\/v2\/posts"}],"about":[{"href":"http:\/\/www.affinite.fr\/index.php\/wp-json\/wp\/v2\/types\/post"}],"author":[{"embeddable":true,"href":"http:\/\/www.affinite.fr\/index.php\/wp-json\/wp\/v2\/users\/1"}],"replies":[{"embeddable":true,"href":"http:\/\/www.affinite.fr\/index.php\/wp-json\/wp\/v2\/comments?post=12243"}],"version-history":[{"count":0,"href":"http:\/\/www.affinite.fr\/index.php\/wp-json\/wp\/v2\/posts\/12243\/revisions"}],"wp:featuredmedia":[{"embeddable":true,"href":"http:\/\/www.affinite.fr\/index.php\/wp-json\/wp\/v2\/media\/12244"}],"wp:attachment":[{"href":"http:\/\/www.affinite.fr\/index.php\/wp-json\/wp\/v2\/media?parent=12243"}],"wp:term":[{"taxonomy":"category","embeddable":true,"href":"http:\/\/www.affinite.fr\/index.php\/wp-json\/wp\/v2\/categories?post=12243"},{"taxonomy":"post_tag","embeddable":true,"href":"http:\/\/www.affinite.fr\/index.php\/wp-json\/wp\/v2\/tags?post=12243"}],"curies":[{"name":"wp","href":"https:\/\/api.w.org\/{rel}","templated":true}]}}