{"id":12229,"date":"2025-10-03T20:54:31","date_gmt":"2025-10-03T20:54:31","guid":{"rendered":"https:\/\/www.affinite.fr\/index.php\/2025\/10\/03\/il-etait-une-fois-la-patisserie-369\/"},"modified":"2025-10-03T20:54:31","modified_gmt":"2025-10-03T20:54:31","slug":"il-etait-une-fois-la-patisserie-369","status":"publish","type":"post","link":"http:\/\/www.affinite.fr\/index.php\/2025\/10\/03\/il-etait-une-fois-la-patisserie-369\/","title":{"rendered":"Il \u00e9tait une fois la p\u00e2tisserie"},"content":{"rendered":"<p> [ad_1]<br \/>\n<\/p>\n<div id=\"post-body-8073551049265328858\" itemprop=\"description articleBody\">\n<p>Il permet de cr\u00e9er des accords justes, gourmands et parfois surprenants. Il suscite de nouvelles \u00e9motions \u00e0 la d\u00e9gustation de vos cr\u00e9ations cacaot\u00e9es. Le <b><span style=\"font-size: large;\">chocolat de couverture<\/span><\/b> \u00e9veille les papilles et permet de d\u00e9couvrir d\u2019autres territoires gustatifs. Explorez avec nous les profils aromatiques de ce produit d\u2019exception, pour tous vos desserts.<\/p>\n<p>\u00a0<\/p>\n<div class=\"separator\" style=\"clear: both; text-align: center;\"><a href=\"https:\/\/www.iletaitunefoislapatisserie.com\/2025\/10\/chocolat-de-couverture.html\" imageanchor=\"1\" style=\"margin-left: 1em; margin-right: 1em;\"><img decoding=\"async\" alt=\"chocolat de couverture\" border=\"0\" data-original-height=\"853\" data-original-width=\"1280\" loading=\"lazy\" src=\"https:\/\/blogger.googleusercontent.com\/img\/b\/R29vZ2xl\/AVvXsEhWmMi3fDZgIvzn5ZguwE877tt7gFVtZe3_1VMJrFdOILZ5vk3vachM1uVgSCjA1gvPwloF2eeoIkcB5aUVgE3HWphiOkR_j9fC0bcWKffgkscUS9Xc8-VTcUFfn-8OEL9Dx2k5CMTSJIQv8Bvqi7L00JGHK7y_tIIvQ5jJChhH6l1BB4U75buJUXOTcdk\/s16000-rw\/chocolat-de-couverture.jpg\"\/><\/a><\/div>\n<p>\u00a0<span><a name=\"more\"\/><\/span><\/p>\n<h2>Un chocolat de couverture noir ou au lait\u00a0<\/h2>\n<p>Il se distingue avant tout par sa richesse en cacao : un minimum de 31\u202f% en beurre de cacao et de 2,5 % de cacao sec d\u00e9graiss\u00e9. C\u2019est ce qui lui conf\u00e8re cette fluidit\u00e9 et cette mall\u00e9abilit\u00e9 si pr\u00e9cieuse en confiserie comme en p\u00e2tisserie. Mais, que penser de sa personnalit\u00e9 aromatique\u2009? Chocolat noir de couverture ou version au lait : chacun poss\u00e8de des particularit\u00e9s gustatives. Elles influent sur la fa\u00e7on dont les cr\u00e9ations sont per\u00e7ues d\u00e8s la premi\u00e8re bouch\u00e9e, puis la mani\u00e8re dont les parfums se d\u00e9ploient.<\/p>\n<p>Le chocolat au lait a une saveur plus enveloppante, presque r\u00e9gressive. Sa douceur lact\u00e9e rappelle bien souvent les plaisirs sucr\u00e9s de l\u2019enfance, une rondeur qui pla\u00eet au plus grand nombre. Le noir \u00e0 l\u2019intensit\u00e9 plus brute, plus am\u00e8re, offre des notes grill\u00e9es, fruit\u00e9es ou m\u00eame bois\u00e9es.<\/p>\n<p>Lequel des deux invite le plus \u00e0 la gourmandise\u2009? On ne saurait le dire. Pour <a href=\"https:\/\/www.valrhona-selection.fr\/couvertures-chocolat-cacao\/couverture-chocolat-noir.html\" rel=\"dofollow\">trouver le produit qui vous convient<\/a>, explorez les origines et les assemblages. Certains profils aromatiques semblent d\u00e9licats, tandis que d\u2019autres sont plus marqu\u00e9s. C\u2019est particuli\u00e8rement vrai pour le chocolat noir de couverture.<\/p>\n<p><\/p>\n<h2>La palette aromatique du chocolat noir<\/h2>\n<p>Il doit ses ar\u00f4mes complexes \u00e0 une alchimie subtile entre origine des f\u00e8ves et savoir-faire de transformation. D\u2019un terroir \u00e0 l\u2019autre, la typicit\u00e9 du chocolat de couverture varie. Le travail de fermentation, de torr\u00e9faction et d\u2019affinage agit comme un r\u00e9v\u00e9lateur. Chacun des profils laisse ensuite place \u00e0 la cr\u00e9ativit\u00e9. De quoi imaginer des accords \u00e0 la fois pr\u00e9cis et audacieux, en fonction de l\u2019\u00e9motion recherch\u00e9e en bouche.<\/p>\n<p><\/p>\n<h3>Un plaisir r\u00e9confortant pour vos desserts chocolat\u00e9s<\/h3>\n<p>Certains chocolats noirs \u00e9voquent un plaisir familier, chaleureux et enveloppant. Ce sont souvent des assemblages aux notes rondes, \u00e9quilibr\u00e9es, domin\u00e9s par des notes majeures comme la vanille, le grill\u00e9 ou un bois\u00e9 l\u00e9ger. La d\u00e9gustation procure un ressenti r\u00e9confortant, presque rassurant.<\/p>\n<p>Ces profils s\u2019accordent volontiers avec des textures tendres, comme une ganache, un biscuit moelleux ou une mousse a\u00e9rienne. Les ma\u00eetres-mots sont alors l\u2019exquise gourmandise. Associ\u00e9s \u00e0 de la noisette, de la noix de p\u00e9can ou encore \u00e0 de la cannelle, ils composent une base parfaite pour un entremets d\u2019hiver ou un dessert de f\u00eate.<\/p>\n<p><\/p>\n<h3>Des notes singuli\u00e8res pour un voyage gustatif toujours plaisant<\/h3>\n<p>Certaines notes peuvent se d\u00e9rouler en bouche, plus fruit\u00e9es et bois\u00e9es, parfois acidul\u00e9es. Elles sont plus nuanc\u00e9es. On y per\u00e7oit la douceur d\u2019un fruit m\u00fbr, une touche de vanille ou d\u2019autres sensations plus cors\u00e9es en fin de bouche. Ces chocolats, souvent issus de terroirs du P\u00e9rou, de Madagascar ou de Belize, se d\u00e9ploient avec finesse. Ils \u00e9veillent les papilles sans d\u00e9tourner de l\u2019essentiel : le chocolat lui-m\u00eame.<\/p>\n<p>Ils se pr\u00eatent particuli\u00e8rement aux desserts \u00e0 l\u2019assiette, o\u00f9 les jeux de texture et de temp\u00e9rature sont mieux mis en valeur. Une compot\u00e9e d\u2019agrumes ti\u00e8des, un biscuit croustillant ou une cr\u00e8me glac\u00e9e fondante permettent de r\u00e9v\u00e9ler toute la subtilit\u00e9 de ces ar\u00f4mes.<\/p>\n<p><\/p>\n<h3>Quelques accords cacaot\u00e9s plus audacieux pour se laisser surprendre<\/h3>\n<p>Certains chocolats noirs de couverture se distinguent et expriment leur singularit\u00e9 d\u00e8s les premi\u00e8res secondes. Les ressentis se r\u00e9v\u00e8lent plus inattendus, avec une acidit\u00e9 plus tranch\u00e9e ou une amertume marqu\u00e9e en fin de bouche. Ils peuvent \u00eatre issus d\u2019assemblages complexes ou de terroirs affirm\u00e9s originaires de Madagascar ou du Br\u00e9sil. Les notes dominantes sont des notes de f\u00e8ves torr\u00e9fi\u00e9es, de fruits exotiques ou encore d\u2019orange pour les profils plus gourmands.<\/p>\n<p>Ils trouvent leur place dans des formats plus cr\u00e9atifs, que ce soit pour des bouch\u00e9es ou des desserts signature. Leurs ar\u00f4mes francs se marient bien avec la fra\u00eecheur d\u2019une herbe aromatique ou le piquant d\u2019un poivre de Timut, par exemple. Ce sont des chocolats de contraste ou d\u2019intention, qui se veulent d\u00e9routants tout en restant lisibles.<\/p>\n<p>Riche et nuanc\u00e9, le chocolat de couverture offre un terrain d\u2019exploration id\u00e9al pour affiner vos cr\u00e9ations. Une mati\u00e8re premi\u00e8re de caract\u00e8re, pour enrober vos futurs desserts signature\u2009!<\/p>\n<p>\u00a0<\/p>\n<p style=\"text-align: right;\"><i>Article sponsoris\u00e9<\/i><\/p>\n<\/div>\n<p>[ad_2]<br \/>\n<br \/><a href=\"https:\/\/www.iletaitunefoislapatisserie.com\/2025\/10\/chocolat-de-couverture.html\">Source link <\/a><\/p>\n","protected":false},"excerpt":{"rendered":"<p>[ad_1] Il permet de cr\u00e9er des accords justes, gourmands et parfois surprenants. Il suscite de nouvelles \u00e9motions \u00e0 la d\u00e9gustation &hellip; <a href=\"http:\/\/www.affinite.fr\/index.php\/2025\/10\/03\/il-etait-une-fois-la-patisserie-369\/\" class=\"more-link\">Plus <span class=\"screen-reader-text\">Il \u00e9tait une fois la p\u00e2tisserie<\/span> <span class=\"meta-nav\">&rarr;<\/span><\/a><\/p>\n","protected":false},"author":1,"featured_media":12230,"comment_status":"","ping_status":"open","sticky":false,"template":"","format":"standard","meta":{"_sitemap_exclude":false,"_sitemap_priority":"","_sitemap_frequency":"","footnotes":""},"categories":[1],"tags":[],"class_list":["post-12229","post","type-post","status-publish","format-standard","has-post-thumbnail","hentry","category-tous"],"_links":{"self":[{"href":"http:\/\/www.affinite.fr\/index.php\/wp-json\/wp\/v2\/posts\/12229"}],"collection":[{"href":"http:\/\/www.affinite.fr\/index.php\/wp-json\/wp\/v2\/posts"}],"about":[{"href":"http:\/\/www.affinite.fr\/index.php\/wp-json\/wp\/v2\/types\/post"}],"author":[{"embeddable":true,"href":"http:\/\/www.affinite.fr\/index.php\/wp-json\/wp\/v2\/users\/1"}],"replies":[{"embeddable":true,"href":"http:\/\/www.affinite.fr\/index.php\/wp-json\/wp\/v2\/comments?post=12229"}],"version-history":[{"count":0,"href":"http:\/\/www.affinite.fr\/index.php\/wp-json\/wp\/v2\/posts\/12229\/revisions"}],"wp:featuredmedia":[{"embeddable":true,"href":"http:\/\/www.affinite.fr\/index.php\/wp-json\/wp\/v2\/media\/12230"}],"wp:attachment":[{"href":"http:\/\/www.affinite.fr\/index.php\/wp-json\/wp\/v2\/media?parent=12229"}],"wp:term":[{"taxonomy":"category","embeddable":true,"href":"http:\/\/www.affinite.fr\/index.php\/wp-json\/wp\/v2\/categories?post=12229"},{"taxonomy":"post_tag","embeddable":true,"href":"http:\/\/www.affinite.fr\/index.php\/wp-json\/wp\/v2\/tags?post=12229"}],"curies":[{"name":"wp","href":"https:\/\/api.w.org\/{rel}","templated":true}]}}