{"id":12221,"date":"2025-10-02T20:26:08","date_gmt":"2025-10-02T20:26:08","guid":{"rendered":"http:\/\/www.affinite.fr\/index.php\/2025\/10\/02\/le-pays-desormais-classe-dangereux-par-laustralie\/"},"modified":"2025-10-02T20:26:08","modified_gmt":"2025-10-02T20:26:08","slug":"le-pays-desormais-classe-dangereux-par-laustralie","status":"publish","type":"post","link":"http:\/\/www.affinite.fr\/index.php\/2025\/10\/02\/le-pays-desormais-classe-dangereux-par-laustralie\/","title":{"rendered":"le pays d\u00e9sormais class\u00e9 \u00ab\u00a0dangereux\u00a0\u00bb par l&rsquo;Australie"},"content":{"rendered":"<p> [ad_1]<br \/>\n<\/p>\n<p>\n                La France serait-elle devenue un pays \u00e0 \u00e9viter en Europe\u00a0? Pour le minist\u00e8re des Affaires \u00e9trang\u00e8res australien, la question se pose s\u00e9rieusement. Il a class\u00e9 l&rsquo;Hexagone sur sa liste des pays dangereux au m\u00eame titre que la Bosnie-Herz\u00e9govine. Pourquoi\u00a0?            <\/p>\n<div>\n<p>Voil\u00e0 une annonce choc qui a de quoi plomber le tourisme fran\u00e7ais. Au 2 octobre 2025, le minist\u00e8re des Affaires \u00e9trang\u00e8res australien a donc choisi de placer la France dans ses destinations \u00e0 \u00e9viter en Europe, comme on peut le constater via un organisme affili\u00e9\u00a0consacr\u00e9\u00a0aux d\u00e9placements internationaux de sa population, <a href=\"https:\/\/www.smartraveller.gov.au\/destinations\/Europe\" target=\"_blank\" rel=\"noopener\"><em>Smartraveller<\/em><\/a>. En effet, notre pays est consid\u00e9r\u00e9 comme \u00ab\u00a0dangereux\u00a0\u00bb \u00e0 l&rsquo;\u00e9chelon 2 :\u00a0celui labelis\u00e9 \u00ab\u00a0<em>n\u00e9cessite un haut niveau de pr\u00e9caution<\/em>\u00ab\u00a0.<\/p>\n<p>Cet organisme mis\u00a0en avant par le\u00a0minist\u00e8re a actualis\u00e9\u00a0sa\u00a0carte des pays d&rsquo;Europe en y apposant\u00a0un degr\u00e9 de dangerosit\u00e9 ou non ; \u00e9cartant d&rsquo;office des d\u00e9placements en Russie ou en Ukraine, guerre oblige. Ainsi, il classe par exemple au 1er \u00e9chelon de dangerosit\u00e9 &#8211; celui appel\u00e9\u00a0\u00ab\u00a0<em>Reconsid\u00e9rer son besoin de voyager<\/em>\u00a0\u00bb &#8211; une r\u00e9gion situ\u00e9e au Sud de la Turquie ainsi qu&rsquo;une autre au Kosovo.<\/p>\n<p>Puis, \u00e0 l&rsquo;\u00e9chelon 2, on retrouve ainsi la Moldavie, le Royaume-Uni, la Turquie, l&rsquo;Albanie, la Bosnie-Herz\u00e9govine, l&rsquo;Azerba\u00efdjan et donc&#8230; la France. Un camouflet pour notre pays qui reste cependant depuis 30 ans maintenant le pays le plus visit\u00e9 au monde : 100 millions de touristes l&rsquo;an dernier selon les donn\u00e9es de\u00a0ONU Tourisme.<\/p>\n<div style=\"text-align:center\">\n<figure class=\"image\" style=\"display:inline-block\"><a class=\"fancy\" href=\"https:\/\/img-3.journaldesfemmes.fr\/tSvEBnBUh8vud7W48s0Cuwk18-U=\/1080x\/smart\/3f0c6ea85e59489197f7da36d6b0003e\/ccmcms-jdf\/40049017.jpg\"><img decoding=\"async\" alt=\"\" src=\"https:\/\/img-3.journaldesfemmes.fr\/byDNSQNyE_K8e1z4f3DOhQw0HoE=\/450x\/smart\/3f0c6ea85e59489197f7da36d6b0003e\/ccmcms-jdf\/40049017.jpg\"\/><\/a><figcaption data-credit=\"smartraveller.gov.au\" data-legend=\"Carte des pays d'Europe selon leur niveau de s\u00e9curit\u00e9. Minist\u00e8re australien des Affaires \u00e9trang\u00e8res.\">Carte des pays d&rsquo;Europe selon leur niveau de s\u00e9curit\u00e9. Minist\u00e8re australien des Affaires \u00e9trang\u00e8res. <small>\u00a9\u00a0smartraveller.gov.au<\/small><\/figcaption><\/figure>\n<\/div>\n<p>Mais pourquoi la France fait-elle aussi peur aux autorit\u00e9s australiennes ? L&rsquo;organisme du\u00a0minist\u00e8re justifie ce choix par une ribambelle d&rsquo;arguments qui dressent un constat terrible sur la situation actuelle dans l&rsquo;Hexagone : \u00ab\u00a0<em>le niveau d&rsquo;alerte pour terrorisme\u00a0en France est au plus haut<\/em>\u00a0\u00bb et le minist\u00e8re met en garde ses ressortissants sur le fait que des attaques pourraient survenir dans des lieux de culte ou ceux d\u00e9di\u00e9s aux\u00a0LGBTQIA+, il souligne aussi la r\u00e9p\u00e9tition des gr\u00e8ves dont \u00ab\u00a0<em>c<\/em><em>ertaines se transforment en affrontements avec la police, entra\u00eenant l&rsquo;utilisation de gaz lacrymog\u00e8ne<\/em>\u00a0\u00bb ainsi que \u00ab\u00a0<em>les vols avec violence, les agressions, y compris les agressions sexuelles<\/em>\u00a0\u00bb et le \u00ab\u00a0<em>spiking<\/em>\u00a0\u00bb soit l&rsquo;administration de substances \u00e0 l&rsquo;insu d&rsquo;une personne.<\/p>\n<p>Enfin, l&rsquo;organisme\u00a0met \u00e9galement en garde les voyageurs australiens sur\u00a0le vol \u00e0 la tire notamment dans les transports en commun des grandes villes, \u00e0 commencer par Paris. Pour se donner une id\u00e9e de l&rsquo;ampleur du probl\u00e8me, <em>Le Figaro<\/em> relatait en avril dernier, \u00e0 la suite d&rsquo;une conf\u00e9rence de presse donn\u00e9e par\u00a0le pr\u00e9fet de police Laurent Nu\u00f1ez, que \u00ab\u00a0<em>selon le minist\u00e8re, 120 000\u00a0vols ont eu lieu en 2023\u00a0dans les transports<\/em>\u00a0\u00bb sur le territoire.\u00a0<\/p>\n<\/p><\/div>\n<p>[ad_2]<br \/>\n<br \/><a href=\"https:\/\/www.journaldesfemmes.fr\/loisirs\/voyages\/3243262-camouflet-pour-la-france-le-pays-desormais-classe-dangereux-par-l-australie\/\">Source link <\/a><\/p>\n","protected":false},"excerpt":{"rendered":"<p>[ad_1] La France serait-elle devenue un pays \u00e0 \u00e9viter en Europe\u00a0? Pour le minist\u00e8re des Affaires \u00e9trang\u00e8res australien, la question &hellip; <a href=\"http:\/\/www.affinite.fr\/index.php\/2025\/10\/02\/le-pays-desormais-classe-dangereux-par-laustralie\/\" class=\"more-link\">Plus <span class=\"screen-reader-text\">le pays d\u00e9sormais class\u00e9 \u00ab\u00a0dangereux\u00a0\u00bb par l&rsquo;Australie<\/span> <span class=\"meta-nav\">&rarr;<\/span><\/a><\/p>\n","protected":false},"author":1,"featured_media":12222,"comment_status":"","ping_status":"open","sticky":false,"template":"","format":"standard","meta":{"_sitemap_exclude":false,"_sitemap_priority":"","_sitemap_frequency":"","footnotes":""},"categories":[1],"tags":[],"class_list":["post-12221","post","type-post","status-publish","format-standard","has-post-thumbnail","hentry","category-tous"],"_links":{"self":[{"href":"http:\/\/www.affinite.fr\/index.php\/wp-json\/wp\/v2\/posts\/12221"}],"collection":[{"href":"http:\/\/www.affinite.fr\/index.php\/wp-json\/wp\/v2\/posts"}],"about":[{"href":"http:\/\/www.affinite.fr\/index.php\/wp-json\/wp\/v2\/types\/post"}],"author":[{"embeddable":true,"href":"http:\/\/www.affinite.fr\/index.php\/wp-json\/wp\/v2\/users\/1"}],"replies":[{"embeddable":true,"href":"http:\/\/www.affinite.fr\/index.php\/wp-json\/wp\/v2\/comments?post=12221"}],"version-history":[{"count":0,"href":"http:\/\/www.affinite.fr\/index.php\/wp-json\/wp\/v2\/posts\/12221\/revisions"}],"wp:featuredmedia":[{"embeddable":true,"href":"http:\/\/www.affinite.fr\/index.php\/wp-json\/wp\/v2\/media\/12222"}],"wp:attachment":[{"href":"http:\/\/www.affinite.fr\/index.php\/wp-json\/wp\/v2\/media?parent=12221"}],"wp:term":[{"taxonomy":"category","embeddable":true,"href":"http:\/\/www.affinite.fr\/index.php\/wp-json\/wp\/v2\/categories?post=12221"},{"taxonomy":"post_tag","embeddable":true,"href":"http:\/\/www.affinite.fr\/index.php\/wp-json\/wp\/v2\/tags?post=12221"}],"curies":[{"name":"wp","href":"https:\/\/api.w.org\/{rel}","templated":true}]}}