{"id":12211,"date":"2025-09-30T20:23:00","date_gmt":"2025-09-30T20:23:00","guid":{"rendered":"https:\/\/www.affinite.fr\/index.php\/2025\/09\/30\/miss-france-2026-emma-boivin-est-miss-picardie-age-taille-passion-etudes\/"},"modified":"2025-09-30T20:23:00","modified_gmt":"2025-09-30T20:23:00","slug":"miss-france-2026-emma-boivin-est-miss-picardie-age-taille-passion-etudes","status":"publish","type":"post","link":"http:\/\/www.affinite.fr\/index.php\/2025\/09\/30\/miss-france-2026-emma-boivin-est-miss-picardie-age-taille-passion-etudes\/","title":{"rendered":"Miss France 2026\u00a0&#8211; Emma Boivin est Miss Picardie\u00a0: \u00e2ge, taille, passion, \u00e9tudes&#8230;"},"content":{"rendered":"<p> [ad_1]<br \/>\n<br \/><img decoding=\"async\" src=\"https:\/\/img-3.journaldesfemmes.fr\/OYAnFpEl6C4YAFEn75jlWfU9fP8=\/1280x\/smart\/32b322e678fe459d9211e360f80f3311\/ccmcms-jdf\/40048391.jpg\" \/><\/p>\n<p>\n                Miss Picardie 2025\u00a0s&rsquo;appelle Emma Boivin\u00a0! La jeune reine de beaut\u00e9 s&rsquo;appr\u00eate \u00e0 fouler la sc\u00e8ne du concours mythique de Miss France, mais que savons-nous de cette jeune femme\u00a0?            <\/p>\n<div>\n<p>Couronn\u00e9e Miss Picardie 2025, Emma Boivin s&rsquo;appr\u00eate \u00e0 conqu\u00e9rir le c\u0153ur des Fran\u00e7ais. Mais en attendant de la voir briller lors de l&rsquo;\u00e9lection Miss France en d\u00e9cembre, voici ce que l&rsquo;on sait sur cette Beauvaisienne au charme naturel.<\/p>\n<h2>Miss Picardie 2025\u00a0est Emma Boivin : \u00e2ge, taille, \u00e9tudes&#8230; tout savoir<\/h2>\n<p>C&rsquo;est au cours d&rsquo;une soir\u00e9e riche en \u00e9motions\u00a0que la Picardie a d\u00e9sign\u00e9 celle qui portera fi\u00e8rement ses couleurs au concours de Miss France 2026, ce 28 septembre \u00e0 Beauvais. Et c&rsquo;est Emma Boivin qui a remport\u00e9 le titre si convoit\u00e9 de Miss Picardie ! \u00c0 seulement 24\u00a0ans, cette Beauvaisienne \u00e9tudiante en soins infirmiers \u00e0 Amiens a conquis le c\u0153ur du jury face \u00e0 13\u00a0concurrentes tout aussi d\u00e9termin\u00e9es.<\/p>\n<p>Avec son \u00e9l\u00e9gance naturelle et ses 1m77\u00a0de prestance, Emma Boivin\u00a0a brill\u00e9 sur sc\u00e8ne comme une \u00e9toile. Et pour rendre ce moment encore plus iconique, c&rsquo;est <a href=\"https:\/\/www.journaldesfemmes.fr\/people\/personnalites\/2859075-elodie-gossuin-couple-vie-privee-politique\/\" title=\"\u00c9lodie Gossuin-Lacherie\">\u00c9lodie Gossuin<\/a>, Miss Picardie 2000\u00a0et Miss France 2001,\u00a0qui lui a remis la fameuse \u00e9charpe. Une passation de flambeau \u00e9mouvante entre deux g\u00e9n\u00e9rations de reines picardes.<\/p>\n<p>Mais au-del\u00e0 des paillettes, Emma Boivin\u00a0sait pourquoi elle est l\u00e0. Dans sa vid\u00e9o de pr\u00e9sentation, elle confiait\u00a0: \u00ab\u00a0<em>Le contact humain fait partie de mon quotidien. Le titre de Miss Picardie a du sens pour moi, car il me permet d&rsquo;incarner une femme engag\u00e9e, bienveillante et proche des gens<\/em>\u00ab\u00a0. Un message fort, \u00e0 l&rsquo;image de cette Miss au grand c\u0153ur. Et maintenant\u00a0? Direction l&rsquo;\u00e9lection Miss France 2026, qui approche \u00e0 grands pas. La Picardie a trouv\u00e9 sa repr\u00e9sentante\u2026 et elle compte bien faire des \u00e9tincelles sur la sc\u00e8ne nationale\u00a0!<\/p>\n<h2>Miss Picardie 2025 a d\u00e9j\u00e0 tent\u00e9 sa chance :\u00a0\u00ab\u00a0<em>Quand j&rsquo;\u00e9tais petite\u2026<\/em>\u00ab\u00a0<\/h2>\n<p>Emma Boivin n&rsquo;en est pas \u00e0 son coup d&rsquo;essai. \u00ab\u00a0<em>Quand j&rsquo;\u00e9tais petite, je faisais des d\u00e9fil\u00e9s avec ma maman<\/em>\u00ab\u00a0, a-t-elle confi\u00e9 apr\u00e8s sa victoire \u00e0 Miss Oise, dans les colonnes de <a href=\"https:\/\/www.oisehebdo.fr\/2025\/09\/28\/miss-oise-beauvaisienne-emma-boivin-miss-picardie\/\" target=\"_blank\" rel=\"noopener\"><em>Oise Hebdo<\/em><\/a>. En 2022, elle a d\u00e9croch\u00e9\u00a0le titre de premi\u00e8re dauphine de Miss Amiens. Quelques mois plus tard, elle a tent\u00e9 sa chance \u00e0 l&rsquo;\u00e9lection de Miss Somme, sans r\u00e9ussir \u00e0 atteindre la finale.<\/p>\n<p>Mais Emma Boivin n&rsquo;a jamais baiss\u00e9 les bras. Et comme le dit sa citation favorite, emprunt\u00e9e \u00e0 Antoine de Saint-Exup\u00e9ry\u00a0: \u00ab\u00a0<em>Fais de ta vie un r\u00eave, et d&rsquo;un r\u00eave une r\u00e9alit\u00e9<\/em>.\u00a0\u00bb Un mantra qu&rsquo;elle applique au quotidien !<\/p>\n<p>C&rsquo;est aussi sur sc\u00e8ne, en musique cette fois, qu&rsquo;Emma Boivin rayonne. Passionn\u00e9e de danse, elle partage r\u00e9guli\u00e8rement des extraits de ses performances sur Instagram, aux c\u00f4t\u00e9s de ses cons\u0153urs danseuses. \u00ab\u00a0<em>J&rsquo;en fais depuis un peu plus de dix ans \u00e0 No-Made Studio 208\u00a0\u00e0 Beauvais. Je fais du \u00ab\u00a0Heels\u00a0\u00bb, aussi appel\u00e9 du \u00ab\u00a0Street talons\u00a0\u00bb. Tu vois Beyonc\u00e9\u00a0? C&rsquo;est pareil\u00a0! \u00c7a se d\u00e9veloppe pas mal en France, mais aux \u00c9tats-Unis c&rsquo;est.. wahou. On est d\u00e9j\u00e0 all\u00e9s \u00e0 New York deux fois et \u00e0 Los Angeles une fois pour prendre des cours sur place\u2026 L\u00e0-bas, c&rsquo;est incroyable<\/em>\u00ab\u00a0, comme le rapporte <em>Oisehebdo.fr<\/em>.\u00a0<\/p>\n<\/p><\/div>\n<p>[ad_2]<br \/>\n<br \/><a href=\"https:\/\/www.journaldesfemmes.fr\/people\/personnalites\/3242780-miss-picardie-age-taille-passion-etudes\/\">Source link <\/a><\/p>\n","protected":false},"excerpt":{"rendered":"<p>[ad_1] Miss Picardie 2025\u00a0s&rsquo;appelle Emma Boivin\u00a0! La jeune reine de beaut\u00e9 s&rsquo;appr\u00eate \u00e0 fouler la sc\u00e8ne du concours mythique de &hellip; <a href=\"http:\/\/www.affinite.fr\/index.php\/2025\/09\/30\/miss-france-2026-emma-boivin-est-miss-picardie-age-taille-passion-etudes\/\" class=\"more-link\">Plus <span class=\"screen-reader-text\">Miss France 2026\u00a0&#8211; Emma Boivin est Miss Picardie\u00a0: \u00e2ge, taille, passion, \u00e9tudes&#8230;<\/span> <span class=\"meta-nav\">&rarr;<\/span><\/a><\/p>\n","protected":false},"author":1,"featured_media":12212,"comment_status":"","ping_status":"open","sticky":false,"template":"","format":"standard","meta":{"_sitemap_exclude":false,"_sitemap_priority":"","_sitemap_frequency":"","footnotes":""},"categories":[1],"tags":[],"class_list":["post-12211","post","type-post","status-publish","format-standard","has-post-thumbnail","hentry","category-tous"],"_links":{"self":[{"href":"http:\/\/www.affinite.fr\/index.php\/wp-json\/wp\/v2\/posts\/12211"}],"collection":[{"href":"http:\/\/www.affinite.fr\/index.php\/wp-json\/wp\/v2\/posts"}],"about":[{"href":"http:\/\/www.affinite.fr\/index.php\/wp-json\/wp\/v2\/types\/post"}],"author":[{"embeddable":true,"href":"http:\/\/www.affinite.fr\/index.php\/wp-json\/wp\/v2\/users\/1"}],"replies":[{"embeddable":true,"href":"http:\/\/www.affinite.fr\/index.php\/wp-json\/wp\/v2\/comments?post=12211"}],"version-history":[{"count":0,"href":"http:\/\/www.affinite.fr\/index.php\/wp-json\/wp\/v2\/posts\/12211\/revisions"}],"wp:featuredmedia":[{"embeddable":true,"href":"http:\/\/www.affinite.fr\/index.php\/wp-json\/wp\/v2\/media\/12212"}],"wp:attachment":[{"href":"http:\/\/www.affinite.fr\/index.php\/wp-json\/wp\/v2\/media?parent=12211"}],"wp:term":[{"taxonomy":"category","embeddable":true,"href":"http:\/\/www.affinite.fr\/index.php\/wp-json\/wp\/v2\/categories?post=12211"},{"taxonomy":"post_tag","embeddable":true,"href":"http:\/\/www.affinite.fr\/index.php\/wp-json\/wp\/v2\/tags?post=12211"}],"curies":[{"name":"wp","href":"https:\/\/api.w.org\/{rel}","templated":true}]}}