{"id":12207,"date":"2025-09-29T20:22:00","date_gmt":"2025-09-29T20:22:00","guid":{"rendered":"http:\/\/www.affinite.fr\/index.php\/2025\/09\/29\/ils-sont-encore-tres-sensibles\/"},"modified":"2025-09-29T20:22:00","modified_gmt":"2025-09-29T20:22:00","slug":"ils-sont-encore-tres-sensibles","status":"publish","type":"post","link":"http:\/\/www.affinite.fr\/index.php\/2025\/09\/29\/ils-sont-encore-tres-sensibles\/","title":{"rendered":"\u00ab\u00a0Ils sont encore tr\u00e8s sensibles\u2026\u00a0\u00bb"},"content":{"rendered":"<p> [ad_1]<br \/>\n<br \/><img decoding=\"async\" src=\"https:\/\/img-3.journaldesfemmes.fr\/PuPBwX7EZpv42wbkeJhCUau5K70=\/1280x\/smart\/0a7823490220465899a7b24024320193\/ccmcms-jdf\/40048389.jpg\" \/><\/p>\n<p>\n                En 2024, J\u00e9r\u00e9my Fr\u00e9rot a \u00e9mu la France en d\u00e9voilant \u00ab\u00a0Adieu\u00a0\u00bb, une chanson sur son divorce avec la m\u00e8re de ses enfants, Laure Manaudou. Il y a quelques jours, le chanteur est revenu sur cette s\u00e9paration sur le plateau des \u00ab\u00a0Maternelles XXL\u00a0\u00bb&#8230;            <\/p>\n<div>\n<p>J\u00e9r\u00e9my Fr\u00e9rot, invit\u00e9 sur le plateau de l&rsquo;\u00e9mission\u00a0<em>Les Maternelles XXL<\/em>, s&rsquo;est confi\u00e9 \u00e0 c\u0153ur ouvert.<em>\u00a0<\/em>Actuellement en pleine promotion de son troisi\u00e8me album solo, <em>Gamin des sables<\/em>, le chanteur de 35\u00a0ans a jou\u00e9 le jeu de l&rsquo;\u00e9mission en abordant sans d\u00e9tour sa vie de famille, et sa relation avec son ex-compagne et m\u00e8re de ses deux enfants, <a href=\"https:\/\/www.journaldesfemmes.fr\/people\/personnalites\/2750257-laure-manaudou-age-vie-privee-infos\/\" title=\"Laure Manaudou\">Laure Manaudou<\/a>.<\/p>\n<h2>J\u00e9r\u00e9my Fr\u00e9rot et sa chanson sur son divorce de Laure Manaudou\u00a0: comment leurs enfants ont-ils r\u00e9agi\u00a0?\u00a0<\/h2>\n<p><em>\u00ab\u00a0Vous avez \u00e9crit une tr\u00e8s belle chanson sur\u00a0la s\u00e9paration d&rsquo;avec la m\u00e8re de vos enfants. Qu&rsquo;est-ce qu&rsquo;ils vous ont dit quand vous leur avez fait \u00e9couter\u00a0?\u00a0\u00bb<\/em>, a\u00a0demand\u00e9 Marie Portolano, la pr\u00e9sentatrice de l&rsquo;\u00e9mission, au chanteur,\u00a0en r\u00e9f\u00e9rence, \u00e0 son magnifique titre <em>Adieu<\/em>.\u00a0Ce \u00e0 quoi le p\u00e8re de Lou, 8 ans, et Sacha, 4 ans, qui avoue <em>\u00ab\u00a0avoir fait deux enfants pour avoir deux copains\u00a0\u00bb<\/em>, a r\u00e9pondu le plus naturellement du monde\u00a0: <em>\u00ab\u00a0On n&rsquo;en a pas tellement parl\u00e9. Je crois qu&rsquo;ils sont encore tr\u00e8s sensibles sur la musique, sur ce que \u00e7a leur cr\u00e9e chez eux. Je sais qu&rsquo;ils savent de quoi \u00e7a parle, mais\u2026\u00a0\u00bb.<\/em><\/p>\n<p>Et \u00e0 lui de compl\u00e9ter\u00a0: <em>\u00ab\u00a0J&rsquo;\u00e9coute souvent les chansons que je viens de cr\u00e9er dans la voiture (\u2026) Ils sont souvent derri\u00e8re, et donc, je les entends\u00a0: je les entends papoter sur la chanson, je les entends rythmer, je les entends chanter, et c&rsquo;est un bon test. Et donc\u00a0ils ont \u00e9t\u00e9 plut\u00f4t touch\u00e9s par la musique que par ce qui a \u00e9t\u00e9 \u00e9crit\u00a0\u00bb<\/em>.\u00a0<\/p>\n<h2>J\u00e9r\u00e9my Fr\u00e9rot et Laure Manaudou divorc\u00e9s\u00a0: \u00ab\u00a0On en a discut\u00e9 avec les enfants<em>\u00ab\u00a0<\/em><\/h2>\n<p>Dans la foul\u00e9e, l&rsquo;ancien membre des Fr\u00e9rot Delavega a confi\u00e9\u00a0: <em>\u00ab\u00a0Ils comprennent, ils savent. On en a d\u00e9j\u00e0 discut\u00e9, mais\u00a0les premi\u00e8res fois qu&rsquo;ils ont entendu cette chanson, c&rsquo;est la musique qui les a touch\u00e9s\u00a0\u00bb<\/em>. En couple depuis 2015, J\u00e9r\u00e9my Fr\u00e9rot et Laure Manaudou s&rsquo;\u00e9taient mari\u00e9s en 2018, avant de finalement divorcer en 2024.\u00a0<\/p>\n<p>Une s\u00e9paration qu&rsquo;ils avaient r\u00e9ussi \u00e0 expliquer le plus simplement du monde \u00e0 leurs deux gar\u00e7ons comme l&rsquo;avait expliqu\u00e9 J\u00e9r\u00e9my Fr\u00e9rot dans une autre \u00e9mission du service public, <em>Un dimanche \u00e0 la campagne<\/em>\u00a0:\u00a0<em>\u00ab\u00a0Papa et maman vont devenir amis, ils ne seront plus mais on va vous aimer tout autant. Vous serez toujours le centre\u00a0\u00bb<\/em>.\u00a0<\/p>\n<\/p><\/div>\n<p>[ad_2]<br \/>\n<br \/><a href=\"https:\/\/www.journaldesfemmes.fr\/people\/actus\/3242808-jeremy-frerot-ce-qui-touche-ses-enfants-depuis-sa-rupture-avec-laure-manaudou-ils-sont-encore-tres-sensibles\/\">Source link <\/a><\/p>\n","protected":false},"excerpt":{"rendered":"<p>[ad_1] En 2024, J\u00e9r\u00e9my Fr\u00e9rot a \u00e9mu la France en d\u00e9voilant \u00ab\u00a0Adieu\u00a0\u00bb, une chanson sur son divorce avec la m\u00e8re &hellip; <a href=\"http:\/\/www.affinite.fr\/index.php\/2025\/09\/29\/ils-sont-encore-tres-sensibles\/\" class=\"more-link\">Plus <span class=\"screen-reader-text\">\u00ab\u00a0Ils sont encore tr\u00e8s sensibles\u2026\u00a0\u00bb<\/span> <span class=\"meta-nav\">&rarr;<\/span><\/a><\/p>\n","protected":false},"author":1,"featured_media":12208,"comment_status":"","ping_status":"open","sticky":false,"template":"","format":"standard","meta":{"_sitemap_exclude":false,"_sitemap_priority":"","_sitemap_frequency":"","footnotes":""},"categories":[1],"tags":[],"class_list":["post-12207","post","type-post","status-publish","format-standard","has-post-thumbnail","hentry","category-tous"],"_links":{"self":[{"href":"http:\/\/www.affinite.fr\/index.php\/wp-json\/wp\/v2\/posts\/12207"}],"collection":[{"href":"http:\/\/www.affinite.fr\/index.php\/wp-json\/wp\/v2\/posts"}],"about":[{"href":"http:\/\/www.affinite.fr\/index.php\/wp-json\/wp\/v2\/types\/post"}],"author":[{"embeddable":true,"href":"http:\/\/www.affinite.fr\/index.php\/wp-json\/wp\/v2\/users\/1"}],"replies":[{"embeddable":true,"href":"http:\/\/www.affinite.fr\/index.php\/wp-json\/wp\/v2\/comments?post=12207"}],"version-history":[{"count":0,"href":"http:\/\/www.affinite.fr\/index.php\/wp-json\/wp\/v2\/posts\/12207\/revisions"}],"wp:featuredmedia":[{"embeddable":true,"href":"http:\/\/www.affinite.fr\/index.php\/wp-json\/wp\/v2\/media\/12208"}],"wp:attachment":[{"href":"http:\/\/www.affinite.fr\/index.php\/wp-json\/wp\/v2\/media?parent=12207"}],"wp:term":[{"taxonomy":"category","embeddable":true,"href":"http:\/\/www.affinite.fr\/index.php\/wp-json\/wp\/v2\/categories?post=12207"},{"taxonomy":"post_tag","embeddable":true,"href":"http:\/\/www.affinite.fr\/index.php\/wp-json\/wp\/v2\/tags?post=12207"}],"curies":[{"name":"wp","href":"https:\/\/api.w.org\/{rel}","templated":true}]}}