{"id":12173,"date":"2025-09-22T20:14:14","date_gmt":"2025-09-22T20:14:14","guid":{"rendered":"https:\/\/www.affinite.fr\/index.php\/2025\/09\/22\/age-tres-grande-taille-complexe-physique-metier-passions\/"},"modified":"2025-09-22T20:14:14","modified_gmt":"2025-09-22T20:14:14","slug":"age-tres-grande-taille-complexe-physique-metier-passions","status":"publish","type":"post","link":"http:\/\/www.affinite.fr\/index.php\/2025\/09\/22\/age-tres-grande-taille-complexe-physique-metier-passions\/","title":{"rendered":"\u00e2ge, tr\u00e8s grande taille, complexe physique, m\u00e9tier, passions&#8230;"},"content":{"rendered":"<p> [ad_1]<br \/>\n<br \/><img decoding=\"async\" src=\"https:\/\/img-3.journaldesfemmes.fr\/qhjKCPnE5MKCwKFAyyet4jA0t9Q=\/1280x\/smart\/7d3d4f25271347e68ae980c08bf1345e\/ccmcms-jdf\/40047524.jpg\" \/><\/p>\n<p>\n                On conna\u00eet le nom de la nouvelle Miss Bourgogne\u00a0: il s&rsquo;agit de Charl\u00e8ne Laurin. La reine de beaut\u00e9 va rejoindre les autres candidates au titre de Miss France 2026. Voici tout ce qu&rsquo;il faut savoir sur elle.            <\/p>\n<div>\n<p>Qui va succ\u00e9der \u00e0\u00a0<a href=\"https:\/\/www.journaldesfemmes.fr\/people\/personnalites\/3199046-miss-france-angelique-angarni-filopon-martinique\/\" title=\"Ang\u00e9lique Angarni-Filopon\">Ang\u00e9lique Angarni-Filopon<\/a>, actuelle tenante du titre de Miss France ? Alors que l&rsquo;\u00e9lection 2026 se tiendra en d\u00e9cembre prochain, en direct sur TF1, les derni\u00e8res miss r\u00e9gionales se font conna\u00eetre avant le traditionnel voyage de pr\u00e9paration. C&rsquo;est le cas de Miss Bourgogne, alias\u00a0Charl\u00e8ne Laurin.\u00a0<\/p>\n<h2>Charl\u00e8ne Laurin : les complexes physiques de\u00a0Miss Bourgogne<\/h2>\n<p>Charl\u00e8ne Laurin, \u00e9lue Miss Bourgogne 2025, est \u00e2g\u00e9e de 22\u00a0ans, pr\u00e9paratrice en pharmacie et se d\u00e9marque notamment par sa grande taille, elle qui mesure\u00a01m82 ! Une diff\u00e9rence qui n&rsquo;a pas toujours \u00e9t\u00e9 facile \u00e0 vivre pour la demoiselle, laquelle a aussi longtemps eu un autre complexe physique.\u00a0\u00ab\u00a0<em>Pendant plusieurs ann\u00e9es, c&rsquo;\u00e9tait un complexe<\/em>\u00a0(&#8230;)\u00a0<em>Plus les ann\u00e9es passaient, plus \u00e7a devenait une fiert\u00e9.<\/em>\u00a0<em>En \u00e9tant petite j&rsquo;avais les oreilles d\u00e9coll\u00e9es donc \u00e7a pouvait \u00eatre un complexe mais depuis tout est pass\u00e9. Maintenant, je suis tr\u00e8s bien comme je suis<\/em>\u00ab\u00a0, a-t-elle confi\u00e9 au <em>Journal de Sa\u00f4ne-et-Loire<\/em>.<\/p>\n<p>Originaire de L&rsquo;Abergement-Sainte-Colombe, en Sa\u00f4ne-et-Loire, Charl\u00e8ne Laurin\u00a0s&rsquo;est impos\u00e9e comme une \u00e9vidence le soir de son sacre\u00a0et portera haut les espoirs de sa r\u00e9gion. Il faut dire que la derni\u00e8re Miss France issue de Bourgogne est\u00a0<a href=\"https:\/\/www.journaldesfemmes.fr\/people\/personnalites\/2903159-marine-lorphelin-miss-france-vie-priver-metier-age-biographie\/\" title=\"Miss France 2013\">Marine Lorphelin<\/a> (Miss France 2013).<\/p>\n<h2>Miss Bourgogne 2025 a des passions surprenantes\u00a0<\/h2>\n<p>Charl\u00e8ne\u00a0Laurin\u00a0semble avoir des go\u00fbts tr\u00e8s prononc\u00e9s et assez \u00e9loign\u00e9s de l&rsquo;univers glamour des concours de beaut\u00e9&#8230; comme la moto ! En effet, sur son compte Instagram elle avait notamment partag\u00e9 des photos d&rsquo;elle sur le bolide qu&rsquo;elle poss\u00e8de, une Honda CB750. \u00ab\u00a0<em>Mon petit bijou<\/em>\u00ab\u00a0, commentait la miss en l\u00e9gende de sa publication. Par ailleurs, elle aime aussi\u00a0le m\u00e9tal, en t\u00e9moigne ses photos lors d&rsquo;un concert du\u00a0groupe\u00a0Rammstein.<\/p>\n<p>Apr\u00e8s son sacre r\u00e9gional, elle a fait des confidences au micro de Ici : \u00ab\u00a0<em>J&rsquo;ai toujours voulu devenir Miss Bourgogne, une miss, tout simplement. \u00c7a avait toujours \u00e9t\u00e9 un r\u00eave de petite fille. Et depuis toute petite, on me pousse \u00e0 me pr\u00e9senter (&#8230;) Et c&rsquo;est un r\u00eave pour mes proches, aussi. C&rsquo;est vrai que c&rsquo;est un r\u00eave pour eux, mais c&rsquo;est avant tout mon r\u00eave \u00e0 moi. C&rsquo;est ce qui me pousse le plus loin possible pour que j&rsquo;aille loin dans cette aventure<\/em>.\u00a0\u00bb<\/p>\n<\/p><\/div>\n<p>[ad_2]<br \/>\n<br \/><a href=\"https:\/\/www.journaldesfemmes.fr\/people\/personnalites\/3242034-miss-france-2026-charlene-laurin-est-miss-bourgogne-age-tres-grande-taille-complexe-physique-metier-passions\/\">Source link <\/a><\/p>\n","protected":false},"excerpt":{"rendered":"<p>[ad_1] On conna\u00eet le nom de la nouvelle Miss Bourgogne\u00a0: il s&rsquo;agit de Charl\u00e8ne Laurin. La reine de beaut\u00e9 va &hellip; <a href=\"http:\/\/www.affinite.fr\/index.php\/2025\/09\/22\/age-tres-grande-taille-complexe-physique-metier-passions\/\" class=\"more-link\">Plus <span class=\"screen-reader-text\">\u00e2ge, tr\u00e8s grande taille, complexe physique, m\u00e9tier, passions&#8230;<\/span> <span class=\"meta-nav\">&rarr;<\/span><\/a><\/p>\n","protected":false},"author":1,"featured_media":12174,"comment_status":"","ping_status":"open","sticky":false,"template":"","format":"standard","meta":{"_sitemap_exclude":false,"_sitemap_priority":"","_sitemap_frequency":"","footnotes":""},"categories":[1],"tags":[],"class_list":["post-12173","post","type-post","status-publish","format-standard","has-post-thumbnail","hentry","category-tous"],"_links":{"self":[{"href":"http:\/\/www.affinite.fr\/index.php\/wp-json\/wp\/v2\/posts\/12173"}],"collection":[{"href":"http:\/\/www.affinite.fr\/index.php\/wp-json\/wp\/v2\/posts"}],"about":[{"href":"http:\/\/www.affinite.fr\/index.php\/wp-json\/wp\/v2\/types\/post"}],"author":[{"embeddable":true,"href":"http:\/\/www.affinite.fr\/index.php\/wp-json\/wp\/v2\/users\/1"}],"replies":[{"embeddable":true,"href":"http:\/\/www.affinite.fr\/index.php\/wp-json\/wp\/v2\/comments?post=12173"}],"version-history":[{"count":0,"href":"http:\/\/www.affinite.fr\/index.php\/wp-json\/wp\/v2\/posts\/12173\/revisions"}],"wp:featuredmedia":[{"embeddable":true,"href":"http:\/\/www.affinite.fr\/index.php\/wp-json\/wp\/v2\/media\/12174"}],"wp:attachment":[{"href":"http:\/\/www.affinite.fr\/index.php\/wp-json\/wp\/v2\/media?parent=12173"}],"wp:term":[{"taxonomy":"category","embeddable":true,"href":"http:\/\/www.affinite.fr\/index.php\/wp-json\/wp\/v2\/categories?post=12173"},{"taxonomy":"post_tag","embeddable":true,"href":"http:\/\/www.affinite.fr\/index.php\/wp-json\/wp\/v2\/tags?post=12173"}],"curies":[{"name":"wp","href":"https:\/\/api.w.org\/{rel}","templated":true}]}}