{"id":12143,"date":"2025-09-18T20:08:55","date_gmt":"2025-09-18T20:08:55","guid":{"rendered":"http:\/\/www.affinite.fr\/index.php\/2025\/09\/18\/meme-a-2h-du-matin-cest-lenfer-au-mont-fuji-le-surtourisme-detruit-tout\/"},"modified":"2025-09-18T20:08:55","modified_gmt":"2025-09-18T20:08:55","slug":"meme-a-2h-du-matin-cest-lenfer-au-mont-fuji-le-surtourisme-detruit-tout","status":"publish","type":"post","link":"http:\/\/www.affinite.fr\/index.php\/2025\/09\/18\/meme-a-2h-du-matin-cest-lenfer-au-mont-fuji-le-surtourisme-detruit-tout\/","title":{"rendered":"M\u00eame \u00e0 2H du matin, c&rsquo;est l&rsquo;enfer au Mont Fuji\u00a0: \u00ab\u00a0Le surtourisme d\u00e9truit tout&#8230;\u00a0\u00bb"},"content":{"rendered":"<p> [ad_1]<br \/>\n<br \/><img decoding=\"async\" src=\"https:\/\/img-3.journaldesfemmes.fr\/g-1iV4BOunoXWclDL_uL9xlTsTY=\/1280x\/smart\/9c17e8d8de85422faaeab10860653daf\/ccmcms-jdf\/40047200.jpg\" \/><\/p>\n<p>\n                Le Mont Fuji, au Japon, attire chaque ann\u00e9e des centaines de milliers de randonneurs. Un peu trop\u00a0? La magie de son ascension est aujourd&rsquo;hui menac\u00e9e par le surtourisme. M\u00eame en pleine nuit, les sentiers se transforment en embouteillages humains&#8230;            <\/p>\n<div>\n<p>Le Mont Fuji, qui peut \u00eatre gravi de juillet \u00e0 septembre, attire en moyenne pendant cette p\u00e9riode 300 000 randonneurs selon les donn\u00e9es de <em>Discoverjapan<\/em>. Class\u00e9e au patrimoine mondial de l&rsquo;UNESCO depuis 2013, cette montagne sacr\u00e9e est devenue l&rsquo;un des sites les plus photographi\u00e9s d&rsquo;Asie et l&rsquo;un des symboles du Japon. Mais derri\u00e8re les clich\u00e9s de carte postale, la r\u00e9alit\u00e9 est bien moins idyllique. Le surtourisme transforme l&rsquo;ascension en un v\u00e9ritable parcours du combattant&#8230; \u00e0 n&rsquo;importe quelle heure du jour ou de la nuit !\u00a0<\/p>\n<p>Traditionnellement, grimper le Mont Fuji &#8211; accessible depuis Tokyo en 2 \u00e0 3 heures de transport &#8211;\u00a0est une exp\u00e9rience spirituelle et certains visiteurs choisissent d&rsquo;entamer l&rsquo;ascension de nuit pour atteindre le sommet au lever du soleil, un moment consid\u00e9r\u00e9 comme sacr\u00e9. Mais si vous esp\u00e9riez vivre une exp\u00e9rience paisible et mythique, vous risqueriez d&rsquo;\u00eatre d\u00e9\u00e7us !\u00a0Aujourd&rsquo;hui, ce lieu splendide est confront\u00e9 \u00e0 de v\u00e9ritables embouteillages humains, des\u00a0d\u00e9chets laiss\u00e9s sur les sentiers et des\u00a0queues interminables.<\/p>\n<p>En haute saison, un grand nombre de randonneurs escaladent la montagne, m\u00eame en pleine nuit, \u00e9clair\u00e9s par leurs lampes frontales, et loin de b\u00e9n\u00e9ficier d&rsquo;un silence apaisant.\u00a0Un surtourisme\u00a0qui menace d&rsquo;ailleurs l&rsquo;\u00e9quilibre \u00e9cologique et symbolique de la montagne. C&rsquo;est d&rsquo;ailleurs la m\u00eame chose depuis un certain temps \u00e0\u00a0Batur, en Indon\u00e9sie&#8230;<\/p>\n<p>R\u00e9cemment, un voyageur a publi\u00e9 sur TikTok une vid\u00e9o virale et choquante tourn\u00e9e \u00e0 2h du matin. Alors qu&rsquo;il pensait profiter d&rsquo;une ascension paisible &#8211; il faut environ 6 heures pour monter et 4 heures pour redescendre -, il a \u00e9t\u00e9 bien d\u00e9\u00e7u ! \u00c0 la place, il s&rsquo;est retrouv\u00e9 coinc\u00e9 dans une foule de marcheurs, tous venus avec la m\u00eame id\u00e9e\u00a0: assister au lever du soleil depuis le sommet. Dans sa vid\u00e9o, on voit une v\u00e9ritable \u00ab\u00a0autoroute humaine\u00a0\u00bb s&rsquo;\u00e9tirer sur le haut de la montagne. \u00ab\u00a0<em>C&rsquo;est de la folie<\/em>\u00ab\u00a0, \u00ab\u00a0<em>Le surtourisme d\u00e9truit tout<\/em>\u00ab\u00a0, \u00ab\u00a0<em>Aucun plaisir \u00e0 faire \u00e7a<\/em>\u00a0\u00bb ou encore \u00ab\u00a0<em>J&rsquo;aurai fait demi tour pour rentrer \u00e0 l&rsquo;h\u00f4tel<\/em>\u00ab\u00a0, peut-on lire dans les commentaires.<\/p>\n<p>Le gouvernement japonais a donc annonc\u00e9 l&rsquo;installation de portiques de contr\u00f4le et l&rsquo;instauration d&rsquo;une redevance pour les randonneurs.\u00a0Certains plaident m\u00eame pour\u00a0des quotas journaliers\u00a0comme c&rsquo;est d\u00e9j\u00e0 le cas pour d&rsquo;autres sites\u00a0dans le monde.<\/p>\n<p>Par exemple, il existe d\u00e9sormais\u00a0une limite quotidienne du nombre de visiteurs autoris\u00e9s sur le Yoshida Trail, le sentier principal pour grimper le Mont Fuji, qui\u00a0est fix\u00e9 \u00e0 4000\u00a0personnes par jour. Les autorit\u00e9s japonaises souhaitent ainsi prot\u00e9ger la montagne. Si le Mont Fuji reste une merveille naturelle et spirituelle, il perd de son charme lorsqu&rsquo;il est constamment assailli par les visiteurs&#8230;<\/p>\n<\/p><\/div>\n<p>[ad_2]<br \/>\n<br \/><a href=\"https:\/\/www.journaldesfemmes.fr\/loisirs\/voyages\/3241452-meme-a-2h-du-matin-c-est-l-enfer-au-mont-fuji-le-surtourisme-detruit-tout\/\">Source link <\/a><\/p>\n","protected":false},"excerpt":{"rendered":"<p>[ad_1] Le Mont Fuji, au Japon, attire chaque ann\u00e9e des centaines de milliers de randonneurs. Un peu trop\u00a0? La magie &hellip; <a href=\"http:\/\/www.affinite.fr\/index.php\/2025\/09\/18\/meme-a-2h-du-matin-cest-lenfer-au-mont-fuji-le-surtourisme-detruit-tout\/\" class=\"more-link\">Plus <span class=\"screen-reader-text\">M\u00eame \u00e0 2H du matin, c&rsquo;est l&rsquo;enfer au Mont Fuji\u00a0: \u00ab\u00a0Le surtourisme d\u00e9truit tout&#8230;\u00a0\u00bb<\/span> <span class=\"meta-nav\">&rarr;<\/span><\/a><\/p>\n","protected":false},"author":1,"featured_media":12144,"comment_status":"","ping_status":"open","sticky":false,"template":"","format":"standard","meta":{"_sitemap_exclude":false,"_sitemap_priority":"","_sitemap_frequency":"","footnotes":""},"categories":[1],"tags":[],"class_list":["post-12143","post","type-post","status-publish","format-standard","has-post-thumbnail","hentry","category-tous"],"_links":{"self":[{"href":"http:\/\/www.affinite.fr\/index.php\/wp-json\/wp\/v2\/posts\/12143"}],"collection":[{"href":"http:\/\/www.affinite.fr\/index.php\/wp-json\/wp\/v2\/posts"}],"about":[{"href":"http:\/\/www.affinite.fr\/index.php\/wp-json\/wp\/v2\/types\/post"}],"author":[{"embeddable":true,"href":"http:\/\/www.affinite.fr\/index.php\/wp-json\/wp\/v2\/users\/1"}],"replies":[{"embeddable":true,"href":"http:\/\/www.affinite.fr\/index.php\/wp-json\/wp\/v2\/comments?post=12143"}],"version-history":[{"count":0,"href":"http:\/\/www.affinite.fr\/index.php\/wp-json\/wp\/v2\/posts\/12143\/revisions"}],"wp:featuredmedia":[{"embeddable":true,"href":"http:\/\/www.affinite.fr\/index.php\/wp-json\/wp\/v2\/media\/12144"}],"wp:attachment":[{"href":"http:\/\/www.affinite.fr\/index.php\/wp-json\/wp\/v2\/media?parent=12143"}],"wp:term":[{"taxonomy":"category","embeddable":true,"href":"http:\/\/www.affinite.fr\/index.php\/wp-json\/wp\/v2\/categories?post=12143"},{"taxonomy":"post_tag","embeddable":true,"href":"http:\/\/www.affinite.fr\/index.php\/wp-json\/wp\/v2\/tags?post=12143"}],"curies":[{"name":"wp","href":"https:\/\/api.w.org\/{rel}","templated":true}]}}