{"id":12127,"date":"2025-09-15T20:03:50","date_gmt":"2025-09-15T20:03:50","guid":{"rendered":"https:\/\/www.affinite.fr\/index.php\/2025\/09\/15\/miss-france-2026-lealine-patry-est-miss-martinique-age-taille-etudes-passions\/"},"modified":"2025-09-15T20:03:50","modified_gmt":"2025-09-15T20:03:50","slug":"miss-france-2026-lealine-patry-est-miss-martinique-age-taille-etudes-passions","status":"publish","type":"post","link":"http:\/\/www.affinite.fr\/index.php\/2025\/09\/15\/miss-france-2026-lealine-patry-est-miss-martinique-age-taille-etudes-passions\/","title":{"rendered":"Miss France 2026\u00a0&#8211; L\u00e9aline Patry est Miss Martinique\u00a0: \u00e2ge, taille, \u00e9tudes, passions&#8230;"},"content":{"rendered":"<p> [ad_1]<br \/>\n<br \/><img decoding=\"async\" src=\"https:\/\/img-3.journaldesfemmes.fr\/PDiLmk3tttxdTTtDCYJcvPUCTAM=\/1280x\/smart\/0bdba16966ee4ca39f9d15bb21fb6d35\/ccmcms-jdf\/40046747.jpg\" \/><\/p>\n<p>\n                Fra\u00eechement \u00e9lue Miss Martinique 2025, la rayonnante L\u00e9aline Patry se dit pr\u00eate \u00e0 relever tous les d\u00e9fis. Mais qui est vraiment cette jeune femme au sourire \u00e9clatant et \u00e0 l&rsquo;engagement d\u00e9j\u00e0 bien affirm\u00e9\u00a0?            <\/p>\n<div>\n<p><span style=\"font-size: 16px; font-weight: 400;\">L\u00e9aline Patry<\/span> entre dans la course pour d\u00e9crocher la couronne de Miss France 2026\u00a0! Derri\u00e8re son sourire impeccable se cache une jeune femme pleine de surprises. Voici tout ce qu&rsquo;il faut savoir sur elle.<\/p>\n<h2>Qui est L\u00e9aline\u00a0Patry, la nouvelle Miss Martinique 2025\u00a0?<\/h2>\n<p><span style=\"font-size: 16px; font-weight: 400;\">L\u00e9aline Patry, qui\u00a0a \u00e9t\u00e9 couronn\u00e9e Miss Martinique 2025, est \u00e2g\u00e9e de 21 ans et\u00a0est originaire de la commune Le\u00a0Fran\u00e7ois. La jeune reine de beaut\u00e9 marche dans les pas de sa cons\u0153ur <a href=\"https:\/\/www.journaldesfemmes.fr\/people\/personnalites\/3199046-miss-france-angelique-angarni-filopon-martinique\/\" title=\"Ang\u00e9lique Angarni-Filopon\">Ang\u00e9lique Angarni-Filopon<\/a>, actuelle tenante du titre Miss France et repr\u00e9sentante de la Martinique ; elle \u00e9tait d&rsquo;ailleurs pr\u00e9sente lors de cette \u00e9lection r\u00e9gionale.\u00a0\u00ab\u00a0<em>Portez-la, je vous en supplie\u00a0! Je lui passe la main mais si vous ne la portez pas un tant soit peu sur vos \u00e9paules elle ne pourra pas y arriver. On la soutient sur les r\u00e9seaux, on en parle entre nous, je sais qu&rsquo;on peut le faire, faites-le avec moi\u00a0!<\/em>\u00ab\u00a0, a d&rsquo;ailleurs d\u00e9clar\u00e9 notre miss actuelle, sur sc\u00e8ne.<\/span><\/p>\n<p><span style=\"font-size: 16px; font-weight: 400;\">L\u00e9aline Patry, qui mesure 1,71m, est\u00a0<\/span>\u00e9tudiante en stylisme-mod\u00e9lisme. La candidate, qui a d\u00e9j\u00e0 partag\u00e9 une photo d&rsquo;elle en maillot sur Instagram avant le traditionnel shooting organis\u00e9 pendant le voyage de pr\u00e9paration des mis,\u00a0se pr\u00e9pare d\u00e9sormais \u00e0 repr\u00e9senter fi\u00e8rement son \u00eele lors de l&rsquo;\u00e9lection Miss France 2026, pr\u00e9vue en d\u00e9cembre prochain, en direct sur TF1, avec <a href=\"https:\/\/www.journaldesfemmes.fr\/people\/personnalites\/2867507-jean-pierre-foucault-age-vie-privee-sante-infos\/\" title=\"Jean-Pierre Foucault\">Jean-Pierre Foucault<\/a> aux commandes.<\/p>\n<h2>L\u00e9aline Patry veut se battre pour ceux qui ont \u00ab\u00a0<em>encore plein de le\u00e7ons \u00e0 offrir<\/em>\u00ab\u00a0<\/h2>\n<p>Passionn\u00e9e de peinture et de couture, L\u00e9aline Patry aime partager son univers cr\u00e9atif avec les autres. Elle consacre notamment du temps \u00e0 visiter des maisons de repos, o\u00f9 elle \u00e9change r\u00e9guli\u00e8rement avec des r\u00e9sidents.\u00a0\u00ab\u00a0<em>Nos a\u00een\u00e9s sont des livres ouverts, encore plein de le\u00e7ons \u00e0 offrir<\/em>\u00ab\u00a0, a-t-elle confi\u00e9 \u00e0 ce sujet.<\/p>\n<p>C&rsquo;est dans cette continuit\u00e9 que la nouvelle ambassadrice de la beaut\u00e9 martiniquaise souhaite utiliser sa visibilit\u00e9 pour d\u00e9fendre des causes qui lui sont ch\u00e8res, qu&rsquo;elle \u00e9voque avec force sur ses r\u00e9seaux sociaux\u00a0: \u00ab\u00a0<em>Je veux continuer de d\u00e9fendre mes causes qui me touchent profond\u00e9ment\u00a0: celle de la transmission transg\u00e9n\u00e9rationnelle. Car ce sont les anciens qui fa\u00e7onnent les grands de demain<\/em>\u00ab\u00a0. Un message fort qu&rsquo;elle compte bien porter sur la sc\u00e8ne nationale.<\/p>\n<\/p><\/div>\n<p>[ad_2]<br \/>\n<br \/><a href=\"https:\/\/www.journaldesfemmes.fr\/people\/personnalites\/3241386-miss-france-2026-lealine-patry-est-miss-martinique-age-taille-etudes-passions\/\">Source link <\/a><\/p>\n","protected":false},"excerpt":{"rendered":"<p>[ad_1] Fra\u00eechement \u00e9lue Miss Martinique 2025, la rayonnante L\u00e9aline Patry se dit pr\u00eate \u00e0 relever tous les d\u00e9fis. Mais qui &hellip; <a href=\"http:\/\/www.affinite.fr\/index.php\/2025\/09\/15\/miss-france-2026-lealine-patry-est-miss-martinique-age-taille-etudes-passions\/\" class=\"more-link\">Plus <span class=\"screen-reader-text\">Miss France 2026\u00a0&#8211; L\u00e9aline Patry est Miss Martinique\u00a0: \u00e2ge, taille, \u00e9tudes, passions&#8230;<\/span> <span class=\"meta-nav\">&rarr;<\/span><\/a><\/p>\n","protected":false},"author":1,"featured_media":12128,"comment_status":"","ping_status":"open","sticky":false,"template":"","format":"standard","meta":{"_sitemap_exclude":false,"_sitemap_priority":"","_sitemap_frequency":"","footnotes":""},"categories":[1],"tags":[],"class_list":["post-12127","post","type-post","status-publish","format-standard","has-post-thumbnail","hentry","category-tous"],"_links":{"self":[{"href":"http:\/\/www.affinite.fr\/index.php\/wp-json\/wp\/v2\/posts\/12127"}],"collection":[{"href":"http:\/\/www.affinite.fr\/index.php\/wp-json\/wp\/v2\/posts"}],"about":[{"href":"http:\/\/www.affinite.fr\/index.php\/wp-json\/wp\/v2\/types\/post"}],"author":[{"embeddable":true,"href":"http:\/\/www.affinite.fr\/index.php\/wp-json\/wp\/v2\/users\/1"}],"replies":[{"embeddable":true,"href":"http:\/\/www.affinite.fr\/index.php\/wp-json\/wp\/v2\/comments?post=12127"}],"version-history":[{"count":0,"href":"http:\/\/www.affinite.fr\/index.php\/wp-json\/wp\/v2\/posts\/12127\/revisions"}],"wp:featuredmedia":[{"embeddable":true,"href":"http:\/\/www.affinite.fr\/index.php\/wp-json\/wp\/v2\/media\/12128"}],"wp:attachment":[{"href":"http:\/\/www.affinite.fr\/index.php\/wp-json\/wp\/v2\/media?parent=12127"}],"wp:term":[{"taxonomy":"category","embeddable":true,"href":"http:\/\/www.affinite.fr\/index.php\/wp-json\/wp\/v2\/categories?post=12127"},{"taxonomy":"post_tag","embeddable":true,"href":"http:\/\/www.affinite.fr\/index.php\/wp-json\/wp\/v2\/tags?post=12127"}],"curies":[{"name":"wp","href":"https:\/\/api.w.org\/{rel}","templated":true}]}}