{"id":12125,"date":"2025-09-15T09:21:51","date_gmt":"2025-09-15T09:21:51","guid":{"rendered":"https:\/\/www.affinite.fr\/index.php\/2025\/09\/15\/les-risques-et-dangers-des-carraghenanes-a-connaite\/"},"modified":"2025-09-15T09:21:51","modified_gmt":"2025-09-15T09:21:51","slug":"les-risques-et-dangers-des-carraghenanes-a-connaite","status":"publish","type":"post","link":"http:\/\/www.affinite.fr\/index.php\/2025\/09\/15\/les-risques-et-dangers-des-carraghenanes-a-connaite\/","title":{"rendered":"Les risques et dangers des carragh\u00e9nanes \u00e0 conna\u00eete"},"content":{"rendered":"<p> [ad_1]<br \/>\n<\/p>\n<div>\n\t\t\t\t\t<!-- FeedbackWP Plugin - Results Widget --><\/p>\n<p>Je re\u00e7ois r\u00e9guli\u00e8rement des  questions sur les <strong>additifs alimentaires et leurs effets sur notre sant\u00e9<\/strong>.  Aujourd\u2019hui, j\u2019aimerais vous parler d\u2019un sujet qui me pr\u00e9occupe  particuli\u00e8rement :\u00a0les <strong>dangers des carragh\u00e9nanes<\/strong>. Cet  additif, identifi\u00e9 sous le <strong>code E407<\/strong> sur vos \u00e9tiquettes, est omnipr\u00e9sent dans  notre alimentation moderne, mais sa s\u00e9curit\u00e9 fait l\u2019objet de d\u00e9bats  scientifiques depuis des d\u00e9cennies.<\/p>\n<h2>Qu\u2019est-ce que le carragh\u00e9nane ?<\/h2>\n<p><strong>Le carragh\u00e9nane est un\u00a0polysaccharide naturel extrait d\u2019algues rouges<\/strong>, principalement  de l\u2019esp\u00e8ce\u00a0<em>Chondrus crispus<\/em>, commun\u00e9ment  appel\u00e9e \u00ab\u00a0mousse d\u2019Irlande\u00a0\u00bb ou encore du\u00a0<em>Kappaphycus alvarezii<\/em>\u00a0et de l\u2019<em>Eucheuma denticulatum<\/em>. Ces algues sont r\u00e9colt\u00e9es dans  l\u2019oc\u00e9an Atlantique, au large des c\u00f4tes bretonnes, ainsi qu\u2019en Asie du Sud-Est  et au Br\u00e9sil.<\/p>\n<h2>La fabrication du carragh\u00e9nane<\/h2>\n<p>La transformation de l\u2019algue en  additif alimentaire n\u00e9cessite plusieurs \u00e9tapes industrielles :<\/p>\n<ol start=\"1\" type=\"1\">\n<li>Traitement alcalin\u00a0des algues r\u00e9colt\u00e9es<\/li>\n<li>Extraction par chauffage\u00a0dans des conditions alcalines<\/li>\n<li>Purification\u00a0pour s\u00e9parer la gomme des impuret\u00e9s insolubles<\/li>\n<li>R\u00e9cup\u00e9ration\u00a0par pr\u00e9cipitation \u00e0 l\u2019alcool ou g\u00e9lification<\/li>\n<li>S\u00e9chage et broyage\u00a0pour obtenir une poudre fine<\/li>\n<\/ol>\n<p><strong>Ce processus de fabrication peut  \u00e9galement produire une forme d\u00e9grad\u00e9e du carragh\u00e9nane, appel\u00e9e\u00a0polygeenan<\/strong>, qui pr\u00e9sente des propri\u00e9t\u00e9s toxicologiques  diff\u00e9rentes et plus pr\u00e9occupantes.<\/p>\n<h2>Les types de carragh\u00e9nanes<\/h2>\n<p>Il existe trois principales  vari\u00e9t\u00e9s de carragh\u00e9nanes, chacune ayant des propri\u00e9t\u00e9s sp\u00e9cifiques :<\/p>\n<ul type=\"disc\">\n<li><strong>Kappa carragh\u00e9nane\u00a0:<\/strong> forme des gels fermes et cassants<\/li>\n<li><strong>Iota carragh\u00e9nane\u00a0:<\/strong> produit des gels souples et \u00e9lastiques<\/li>\n<li><strong>Lambda carragh\u00e9nane\u00a0:<\/strong> ne g\u00e9lifie pas mais agit comme \u00e9paississant<\/li>\n<\/ul>\n<h2>O\u00f9 trouve-t-on les carragh\u00e9nanes ?<\/h2>\n<p><strong>Le carragh\u00e9nane est largement  utilis\u00e9 dans l\u2019industrie agroalimentaire pour ses propri\u00e9t\u00e9s g\u00e9lifiantes,  \u00e9paississantes et stabilisantes<\/strong>. Vous le retrouvez dans de nombreux produits du  quotidien :<\/p>\n<h3>Produits laitiers et substituts v\u00e9g\u00e9taux<\/h3>\n<ul type=\"disc\">\n<li>Yaourts et desserts lact\u00e9s<\/li>\n<li>Lait chocolat\u00e9<\/li>\n<li>Cr\u00e8me fra\u00eeche et cr\u00e8me fouett\u00e9e<\/li>\n<li>Laits v\u00e9g\u00e9taux (amande, soja, coco)<\/li>\n<li>Fromages \u00e0 tartiner<\/li>\n<\/ul>\n<h3>Desserts et confiseries<\/h3>\n<ul type=\"disc\">\n<li>Glaces et sorbets<\/li>\n<li>Flans et cr\u00e8mes desserts<\/li>\n<li>Puddings<\/li>\n<li>Bonbons g\u00e9lifi\u00e9s<\/li>\n<li>Confitures all\u00e9g\u00e9es<\/li>\n<\/ul>\n<h3>Charcuterie et plats pr\u00e9par\u00e9s<\/h3>\n<ul type=\"disc\">\n<li>Jambons et charcuteries<\/li>\n<li>Saucisses<\/li>\n<li>Plats cuisin\u00e9s industriels<\/li>\n<li>Soupes en brique<\/li>\n<li>Sauces et vinaigrettes<\/li>\n<\/ul>\n<h3>Produits de boulangerie<\/h3>\n<ul type=\"disc\">\n<li>Pains industriels<\/li>\n<li>Viennoiseries<\/li>\n<li>P\u00e2tes \u00e0 tarte<\/li>\n<\/ul>\n<p><strong>L\u2019utilisation du carragh\u00e9nane est  autoris\u00e9e en agriculture biologique<\/strong>, ce qui peut surprendre compte tenu  des\u00a0dangers des carragh\u00e9nanes\u00a0document\u00e9s par la recherche  scientifique.<\/p>\n<h2>Les bienfaits suppos\u00e9s du carragh\u00e9nane<\/h2>\n<p>Avant d\u2019aborder les risques, il  convient de mentionner que certaines \u00e9tudes attribuent des propri\u00e9t\u00e9s positives  au carragh\u00e9nane :<\/p>\n<h3>Propri\u00e9t\u00e9s  pr\u00e9biotiques<\/h3>\n<p>Des recherches sugg\u00e8rent que le  carragh\u00e9nane pourrait favoriser la croissance de certaines bact\u00e9ries b\u00e9n\u00e9fiques  dans l\u2019intestin, bien que ces effets soient largement controvers\u00e9s au regard  <strong>des\u00a0dangers des carragh\u00e9nanes\u00a0observ\u00e9s<\/strong>.<\/p>\n<h3>Activit\u00e9 antivirale<\/h3>\n<p>Certaines \u00e9tudes indiquent une  activit\u00e9 antivirale \u00e0 large spectre, notamment contre les coronavirus, gr\u00e2ce \u00e0  sa structure de polysulfate qui cr\u00e9erait une barri\u00e8re physique.<\/p>\n<h3>Effet sur le cholest\u00e9rol<\/h3>\n<p>Quelques recherches \u00e9voquent un  <strong>effet hypocholest\u00e9rol\u00e9miant<\/strong>, le carragh\u00e9nane pourrait contribuer \u00e0 r\u00e9duire le  taux de cholest\u00e9rol LDL.<\/p>\n<p style=\"color:red; border:3px solid red; padding:15px\">Cependant, <strong>ces b\u00e9n\u00e9fices suppos\u00e9s  sont largement contrebalanc\u00e9s par les nombreux\u00a0dangers des carragh\u00e9nanes\u00a0identifi\u00e9s  par la recherche scientifique<\/strong>.<\/p>\n<p>Les risques et dangers des carragh\u00e9nanes : ce que dit<strong> <\/strong>la science<\/p>\n<div id=\"attachment_119401\" style=\"width: 1034px\" class=\"wp-caption alignnone\"><img loading=\"lazy\" decoding=\"async\" aria-describedby=\"caption-attachment-119401\" alt=\"Les risques et dangers des carragh\u00e9nanes\" width=\"1024\" height=\"1636\" itemprop=\"image\" src=\"https:\/\/cuisine-saine.fr\/wp-content\/uploads\/2025\/09\/risques-dangers-carraghenanes.jpg\"\/><noscript><img loading=\"lazy\" decoding=\"async\" aria-describedby=\"caption-attachment-119401\" src=\"https:\/\/cuisine-saine.fr\/wp-content\/uploads\/2025\/09\/risques-dangers-carraghenanes.jpg\" alt=\"Les risques et dangers des carragh\u00e9nanes\" width=\"1024\" height=\"1636\" itemprop=\"image\"\/><\/noscript><\/p>\n<p id=\"caption-attachment-119401\" class=\"wp-caption-text\">Les risques et dangers des carragh\u00e9nanes<\/p>\n<\/div>\n<h2> 1. Classification par le  Centre International de<strong> <\/strong>Recherche  sur le Cancer (CIRC)<\/h2>\n<p>    L\u2019une des pr\u00e9occupations majeures  concernant les\u00a0dangers des carragh\u00e9nanes\u00a0vient  de leur classification par le CIRC. Les carragh\u00e9nanes d\u00e9grad\u00e9s (polygeenan)  sont class\u00e9s dans le\u00a0groupe 2B,  c\u2019est-\u00e0-dire comme \u00ab\u00a0canc\u00e9rog\u00e8nes possibles pour l\u2019homme\u00a0\u00bb.<br \/>Cette classification repose sur  des \u00e9tudes animales montrant un lien entre les carragh\u00e9nanes d\u00e9grad\u00e9s et la  promotion du cancer du c\u00f4lon. Le probl\u00e8me majeur est que les autorit\u00e9s  europ\u00e9ennes tol\u00e8rent jusqu\u2019\u00e0\u00a05% de carragh\u00e9nanes d\u00e9grad\u00e9s\u00a0dans  l\u2019additif E407, sans disposer de m\u00e9thodes d\u2019analyse valid\u00e9es pour les  quantifier pr\u00e9cis\u00e9ment.<\/p>\n<h2>2. L\u2019\u00e9tude  INRAE\/NutriNet-Sant\u00e9 : des r\u00e9sultats<strong> <\/strong>alarmants<\/h2>\n<p>    Une \u00e9tude majeure publi\u00e9e en 2024  par l\u2019INRAE, men\u00e9e sur\u00a092 000 adultes fran\u00e7ais\u00a0suivis  pendant 6,7 ans en moyenne, a r\u00e9v\u00e9l\u00e9 des\u00a0<strong>dangers des carragh\u00e9nanes\u00a0particuli\u00e8rement  pr\u00e9occupants<\/strong> :<\/p>\n<h3>Cancer du sein<\/h3>\n<p>Les femmes ayant des apports plus  \u00e9lev\u00e9s en carragh\u00e9nanes totaux (E407 et E407a) pr\u00e9sentaient\u00a0<strong>32% de risque suppl\u00e9mentaire\u00a0de d\u00e9velopper un cancer  du sein<\/strong> par rapport \u00e0 celles ayant des apports plus faibles. Pour le seul E407,  le risque \u00e9tait augment\u00e9 de\u00a028%.<br \/>Cette \u00e9tude constitue la premi\u00e8re  d\u00e9monstration \u00e9pid\u00e9miologique d\u2019un <strong>lien entre la consommation de carragh\u00e9nane  et le risque de cancer chez l\u2019humain<\/strong>, confirmant les craintes concernant  les\u00a0dangers des carragh\u00e9nanes.<\/p>\n<h3>Seuils de consommation dangereux<\/h3>\n<p>Les chercheurs ont identifi\u00e9 un  seuil critique : <strong>le risque de cancer du sein augmente \u00e0 partir de\u00a070 mg de carragh\u00e9nanes par jour<\/strong>, soit l\u2019\u00e9quivalent d\u2019une  portion de yaourt aux fruits industriel ou d\u2019une portion de glace.<\/p>\n<h2>3. Inflammation chronique et maladies<strong> <\/strong>inflammatoires de l\u2019intestin<\/h2>\n<p>    <strong>Les\u00a0dangers  des carragh\u00e9nanes\u00a0incluent leur capacit\u00e9 \u00e0 d\u00e9clencher une  inflammation intestinale chronique<\/strong>. Le m\u00e9canisme d\u2019action est maintenant bien  document\u00e9 :<\/p>\n<h3>Activation du syst\u00e8me immunitaire inn\u00e9<\/h3>\n<p>Le carragh\u00e9nane contient un  \u00e9pitope alpha-D-Gal-(1\u21923)-D-Gal inhabituel, absent chez l\u2019humain. Cet \u00e9pitope  est reconnu comme un antig\u00e8ne par notre syst\u00e8me immunitaire et interagit avec  le r\u00e9cepteur TLR4 (Toll-like receptor 4), <strong>d\u00e9clenchant une cascade  inflammatoire<\/strong>.<\/p>\n<h3>Perturbation de la barri\u00e8re intestinale<\/h3>\n<p>Des \u00e9tudes montrent que <strong>le  carragh\u00e9nane\u00a0augmente la perm\u00e9abilit\u00e9 intestinale<\/strong>,  permettant le passage de substances potentiellement nocives dans la circulation  sanguine. Cette hyperperm\u00e9abilit\u00e9 intestinale est associ\u00e9e \u00e0 de <strong>nombreuses pathologies  chroniques<\/strong>.<\/p>\n<h3>Utilisation comme agent inflammatoire en recherche<\/h3>\n<p>Fait r\u00e9v\u00e9lateur des\u00a0dangers des carragh\u00e9nanes\u00a0: <strong>cet additif est couramment  utilis\u00e9 dans les laboratoires de recherche pour\u00a0induire artificiellement des  inflammations\u00a0chez les animaux d\u2019exp\u00e9rimentation<\/strong>, notamment pour  \u00e9tudier l\u2019arthrite et les maladies inflammatoires de l\u2019intestin.<\/p>\n<h2>4. Lien avec les maladies  inflammatoires chroniques de l\u2019intestin (MICI)<\/h2>\n<p>Les\u00a0dangers  des carragh\u00e9nanes\u00a0sont <strong>particuli\u00e8rement document\u00e9s dans le contexte  des MICI<\/strong>. Plusieurs observations cliniques sont troublantes :<\/p>\n<ul type=\"disc\">\n<li>Les r\u00e9gimes d\u2019\u00e9viction efficaces contre les MICI (comme le r\u00e9gime SCD \u2013 Specific Carbohydrate Diet) excluent syst\u00e9matiquement les carragh\u00e9nanes<\/li>\n<li>L\u2019am\u00e9lioration des sympt\u00f4mes gastro-intestinaux apr\u00e8s suppression des carragh\u00e9nanes de l\u2019alimentation est rapport\u00e9e par de nombreux patients<\/li>\n<li>Les l\u00e9sions histopathologiques induites par les carragh\u00e9nanes chez l\u2019animal ressemblent \u00e0 celles observ\u00e9es dans la colite ulc\u00e9reuse<\/li>\n<\/ul>\n<h2>5. R\u00e9sistance \u00e0 l\u2019insuline et diab\u00e8te de type 2<\/h2>\n<p>Une \u00e9tude clinique r\u00e9cente a mis  en \u00e9vidence de nouveaux\u00a0dangers des carragh\u00e9nanes\u00a0concernant  <strong>le m\u00e9tabolisme glucidique<\/strong> :<\/p>\n<h3>\u00c9tude randomis\u00e9e  contr\u00f4l\u00e9e<\/h3>\n<p>20 hommes en bonne sant\u00e9 ont  re\u00e7u\u00a0500 mg de carragh\u00e9nane par jour\u00a0(dose pourtant  inf\u00e9rieure \u00e0 la dose journali\u00e8re acceptable de l\u2019EFSA) pendant deux semaines.  Les r\u00e9sultats sont inqui\u00e9tants :<\/p>\n<ul type=\"disc\">\n<li>Diminution de la sensibilit\u00e9 \u00e0 l\u2019insuline\u00a0chez les participants en surpoids<\/li>\n<li>Augmentation de l\u2019inflammation\u00a0(\u00e9l\u00e9vation de la prot\u00e9ine C-r\u00e9active et de l\u2019IL-6)<\/li>\n<li>Activation des cellules NK\u00a0et lib\u00e9ration de cytokines pro-inflammatoires<\/li>\n<li>Augmentation de la perm\u00e9abilit\u00e9 intestinale <\/li>\n<\/ul>\n<p>Ces r\u00e9sultats sugg\u00e8rent que  les\u00a0dangers des carragh\u00e9nanes\u00a0incluent un <strong>risque supp\u00e9rieur de  d\u00e9velopper un diab\u00e8te de type 2<\/strong>, particuli\u00e8rement chez les personnes en  surpoids.<\/p>\n<h2>6. Syndrome alpha-gal et r\u00e9actions allergiques<\/h2>\n<p>Les\u00a0dangers  des carragh\u00e9nanes\u00a0s\u2019\u00e9tendent \u00e9galement aux r\u00e9actions allergiques,  notamment dans le contexte du syndrome alpha-gal :<\/p>\n<h3>Qu\u2019est-ce que le syndrome alpha-gal ?<\/h3>\n<p>Il s\u2019agit d\u2019une allergie  alimentaire caus\u00e9e par des anticorps IgE dirig\u00e9s contre l\u2019\u00e9pitope  galactose-alpha-1,3-galactose (alpha-gal), pr\u00e9sent dans la viande de mammif\u00e8res  mais aussi dans les carragh\u00e9nanes.<\/p>\n<h3>R\u00e9actions document\u00e9es<\/h3>\n<p>Bien que les cas soient  relativement rares (1-2% des personnes atteintes du syndrome alpha-gal), des  r\u00e9actions au carragh\u00e9nane ont \u00e9t\u00e9 rapport\u00e9es, avec des sympt\u00f4mes pouvant aller  de l\u2019urticaire \u00e0 l\u2019anaphylaxie.<\/p>\n<h2>7. Alt\u00e9ration du microbiote intestinal<\/h2>\n<p>Les\u00a0dangers  des carragh\u00e9nanes\u00a0incluent leurs <strong>effets n\u00e9fastes sur notre  microbiote intestinal<\/strong> :<\/p>\n<ul type=\"disc\">\n<li>Modification de la composition bact\u00e9rienne\u00a0avec r\u00e9duction des esp\u00e8ces b\u00e9n\u00e9fiques<\/li>\n<li>Amincissement de la couche de mucus\u00a0protectrice<\/li>\n<li>Prolif\u00e9ration de bact\u00e9ries pathog\u00e8nes\u00a0capables de d\u00e9grader le carragh\u00e9nane<\/li>\n<\/ul>\n<p>Cette dysbiose peut contribuer au  d\u00e9veloppement de nombreuses pathologies chroniques.<\/p>\n<h2>La diff\u00e9rence cruciale avec l\u2019agar-agar<\/h2>\n<p>Beaucoup me demandent si  l\u2019agar-agar pr\u00e9sente les m\u00eames\u00a0dangers des carragh\u00e9nanes.  La r\u00e9ponse est rassurante :\u00a0non.<\/p>\n<h3>Diff\u00e9rences structurelles<\/h3>\n<ul type=\"disc\">\n<li>L\u2019agar-agar\u00a0est extrait d\u2019autres esp\u00e8ces d\u2019algues rouges (<em>Gelidium<\/em>,\u00a0<em>Gracilaria<\/em>)<\/li>\n<li>Sa structure chimique ne contient\u00a0pas l\u2019\u00e9pitope alpha-gal\u00a0responsable des r\u00e9actions inflammatoires<\/li>\n<li>Il est\u00a04 fois plus g\u00e9lifiant\u00a0que la g\u00e9latine animale<\/li>\n<li>Sa\u00a0stabilit\u00e9 thermique\u00a0est sup\u00e9rieure au carragh\u00e9nane<\/li>\n<\/ul>\n<h3>Profil de s\u00e9curit\u00e9<\/h3>\n<p>L\u2019agar-agar ne pr\u00e9sente pas  les\u00a0dangers des carragh\u00e9nanes\u00a0document\u00e9s par la recherche  scientifique. Il constitue une alternative s\u00fbre pour vos pr\u00e9parations g\u00e9lifi\u00e9es  maison.<\/p>\n<h2>Le carragh\u00e9nane est-il canc\u00e9rog\u00e8ne ?<\/h2>\n<p>La question de la canc\u00e9rog\u00e9nicit\u00e9  est au c\u0153ur des pr\u00e9occupations concernant les\u00a0dangers des carragh\u00e9nanes.<\/p>\n<h3>Position officielle<\/h3>\n<ul type=\"disc\">\n<li>Les carragh\u00e9nanes \u00ab\u00a0normaux\u00a0\u00bb ne sont\u00a0pas class\u00e9s comme canc\u00e9rog\u00e8nes<\/li>\n<li>Seuls les carragh\u00e9nanes\u00a0d\u00e9grad\u00e9s\u00a0(polygeenan) sont class\u00e9s 2B par le CIRC<\/li>\n<li>Cependant, la fronti\u00e8re entre les deux formes est floue dans les produits commerciaux<\/li>\n<\/ul>\n<h3>Donn\u00e9es \u00e9pid\u00e9miologiques r\u00e9centes<\/h3>\n<p>L\u2019\u00e9tude NutriNet-Sant\u00e9 de 2024 a  \u00e9tabli pour la premi\u00e8re fois <strong>un lien statistiquement significant entre la  consommation de carragh\u00e9nanes et le risque de cancer du sein<\/strong> chez l\u2019humain.  Cette d\u00e9couverte majeure relance le d\u00e9bat sur la canc\u00e9rog\u00e9nicit\u00e9 potentielle de  cet additif.<\/p>\n<h3>M\u00e9canismes potentiels<\/h3>\n<p>Les\u00a0dangers  des carragh\u00e9nanes\u00a0en termes de cancer pourraient s\u2019expliquer par :<\/p>\n<ul type=\"disc\">\n<li>L\u2019inflammation chronique\u00a0qu\u2019ils induisent<\/li>\n<li>La\u00a0perturbation de la barri\u00e8re intestinale<\/li>\n<li>L\u2019alt\u00e9ration du microbiote\u00a0protecteur<\/li>\n<li>La pr\u00e9sence de\u00a0fractions d\u00e9grad\u00e9es\u00a0non d\u00e9tect\u00e9es<\/li>\n<\/ul>\n<h2>Les effets secondaires des carragh\u00e9nanes<\/h2>\n<p>Au-del\u00e0 des risques \u00e0 long terme,  les\u00a0dangers des carragh\u00e9nanes\u00a0incluent des effets  secondaires plus imm\u00e9diats :<\/p>\n<h3>Troubles digestifs<\/h3>\n<ul type=\"disc\">\n<li>Ballonnements<\/li>\n<li>Douleurs abdominales<\/li>\n<li>Diarrh\u00e9e<\/li>\n<li>Sensation de lourdeur digestive<\/li>\n<\/ul>\n<h3>Sympt\u00f4mes inflammatoires<\/h3>\n<ul type=\"disc\">\n<li>Fatigue inexpliqu\u00e9e<\/li>\n<li>Douleurs articulaires<\/li>\n<li>Troubles du sommeil<\/li>\n<li>Irritabilit\u00e9<\/li>\n<\/ul>\n<h3>Aggravation de pathologies existantes<\/h3>\n<p><strong>Les personnes souffrant de MICI,  du syndrome de l\u2019intestin irritable ou d\u2019autres troubles digestifs peuvent voir  leurs sympt\u00f4mes s\u2019aggraver avec la consommation de carragh\u00e9nanes.<\/strong><\/p>\n<h2>R\u00e9glementation et doses journali\u00e8res acceptables<\/h2>\n<h3>Position de l\u2019EFSA<\/h3>\n<p>L\u2019Autorit\u00e9 Europ\u00e9enne de S\u00e9curit\u00e9  des Aliments a fix\u00e9 une\u00a0dose journali\u00e8re acceptable  (DJA) temporaire\u00a0de\u00a075 mg\/kg de poids corporel  par jour, soit environ 5 250 mg pour un adulte de 70 kg.<br \/>Cette DJA est qualifi\u00e9e de  \u00ab\u00a0temporaire\u00a0\u00bb car l\u2019EFSA reconna\u00eet elle-m\u00eame <strong>les incertitudes  concernant la s\u00e9curit\u00e9 des carragh\u00e9nanes et demande des \u00e9tudes compl\u00e9mentaires.<\/strong><\/p>\n<h3>Probl\u00e8mes de la r\u00e9glementation actuelle<\/h3>\n<ul type=\"disc\">\n<li>Absence de m\u00e9thodes d\u2019analyse\u00a0valid\u00e9es pour quantifier les carragh\u00e9nanes d\u00e9grad\u00e9s<\/li>\n<li>Tol\u00e9rance de 5%\u00a0de carragh\u00e9nanes d\u00e9grad\u00e9s sans contr\u00f4le effectif<\/li>\n<li>DJA bas\u00e9e sur des donn\u00e9es insuffisantes\u00a0selon l\u2019EFSA elle-m\u00eame<\/li>\n<li>Autorisation en bio\u00a0malgr\u00e9 les\u00a0dangers des carragh\u00e9nanes\u00a0document\u00e9s<\/li>\n<\/ul>\n<h3>Consommation r\u00e9elle<\/h3>\n<p>Des \u00e9tudes montrent que la  consommation moyenne de carragh\u00e9nanes a\u00a0quintupl\u00e9\u00a0entre  1970 et aujourd\u2019hui, passant de 45 \u00e0 250 mg par jour. Cette augmentation  co\u00efncide avec <strong>l\u2019explosion des maladies chroniques inflammatoires<\/strong>.<\/p>\n<h2>Comment \u00e9viter les dangers des carragh\u00e9nanes ?<\/h2>\n<p>Face aux\u00a0dangers des carragh\u00e9nanes\u00a0document\u00e9s par la recherche,  voici mes recommandations pratiques :<\/p>\n<h3>1. Lecture attentive des \u00e9tiquettes<\/h3>\n<p>Recherchez les mentions :<\/p>\n<ul type=\"disc\">\n<li>E407 (carragh\u00e9nane)<\/li>\n<li>E407a (algue Eucheuma transform\u00e9e)<\/li>\n<li>\u00ab\u00a0Carragh\u00e9nane\u00a0\u00bb ou \u00ab\u00a0carragh\u00e9nine\u00a0\u00bb<\/li>\n<li>\u00ab\u00a0G\u00e9lifiant carragh\u00e9nane\u00a0\u00bb<\/li>\n<\/ul>\n<div id=\"attachment_119399\" style=\"width: 1034px\" class=\"wp-caption alignnone\"><img loading=\"lazy\" decoding=\"async\" aria-describedby=\"caption-attachment-119399\" alt=\"Reconna\u00eetre les produits contenants des carragh\u00e9nanes\" width=\"1024\" height=\"1462\" class=\"size-full wp-image-119399\" srcset=\"https:\/\/cuisine-saine.fr\/wp-content\/uploads\/2025\/09\/reconnaitre-carraghenanes.jpg 1024w, https:\/\/cuisine-saine.fr\/wp-content\/uploads\/2025\/09\/reconnaitre-carraghenanes-980x1399.jpg 980w, https:\/\/cuisine-saine.fr\/wp-content\/uploads\/2025\/09\/reconnaitre-carraghenanes-480x685.jpg 480w\" data-lazy-sizes=\"(min-width: 0px) and (max-width: 480px) 480px, (min-width: 481px) and (max-width: 980px) 980px, (min-width: 981px) 1024px, 100vw\" src=\"https:\/\/cuisine-saine.fr\/wp-content\/uploads\/2025\/09\/reconnaitre-carraghenanes.jpg\"\/><noscript><img loading=\"lazy\" decoding=\"async\" aria-describedby=\"caption-attachment-119399\" src=\"https:\/\/cuisine-saine.fr\/wp-content\/uploads\/2025\/09\/reconnaitre-carraghenanes.jpg\" alt=\"Reconna\u00eetre les produits contenants des carragh\u00e9nanes\" width=\"1024\" height=\"1462\" class=\"size-full wp-image-119399\" srcset=\"https:\/\/cuisine-saine.fr\/wp-content\/uploads\/2025\/09\/reconnaitre-carraghenanes.jpg 1024w, https:\/\/cuisine-saine.fr\/wp-content\/uploads\/2025\/09\/reconnaitre-carraghenanes-980x1399.jpg 980w, https:\/\/cuisine-saine.fr\/wp-content\/uploads\/2025\/09\/reconnaitre-carraghenanes-480x685.jpg 480w\" sizes=\"(min-width: 0px) and (max-width: 480px) 480px, (min-width: 481px) and (max-width: 980px) 980px, (min-width: 981px) 1024px, 100vw\"\/><\/noscript><\/p>\n<p id=\"caption-attachment-119399\" class=\"wp-caption-text\">Reconna\u00eetre les produits contenants des carragh\u00e9nanes<\/p>\n<\/div>\n<h3>2. Privil\u00e9gier les alternatives<\/h3>\n<ul type=\"disc\">\n<li><a href=\"https:\/\/cuisine-saine.fr\/agar-agar\/\">Agar-agar<\/a>\u00a0pour vos g\u00e9lifications maison<\/li>\n<li>G\u00e9latine\u00a0d\u2019origine marine pour les non-v\u00e9g\u00e9tariens<\/li>\n<li>Gomme de guar\u00a0ou\u00a0gomme xanthane\u00a0en petites quantit\u00e9s<\/li>\n<li>Pectine naturelle\u00a0pour les confitures<\/li>\n<\/ul>\n<h3>3. Choisir des produits sans additifs<\/h3>\n<h3>4. Cuisiner davantage maison<\/h3>\n<p>La meilleure fa\u00e7on d\u2019\u00e9viter  les\u00a0dangers des carragh\u00e9nanes\u00a0reste de pr\u00e9parer ses repas  avec des ingr\u00e9dients bruts, sans additifs.<\/p>\n<h2>Mon exp\u00e9rience personnelle<\/h2>\n<p>Depuis que j\u2019ai supprim\u00e9 les  carragh\u00e9nanes de mon alimentation il y a trois ans, j\u2019ai constat\u00e9 une\u00a0am\u00e9lioration notable de ma digestion. Les ballonnements  apr\u00e8s les repas ont disparu, et j\u2019ai moins de fatigue en fin de journ\u00e9e. Bien  s\u00fbr, il s\u2019agit d\u2019une exp\u00e9rience personnelle qui ne vaut pas \u00e9tude scientifique,  mais elle s\u2019inscrit dans les t\u00e9moignages de nombreuses personnes ayant fait le  m\u00eame choix.<\/p>\n<h2>L\u2019avenir de la recherche sur les carragh\u00e9nanes<\/h2>\n<p>Les\u00a0dangers  des carragh\u00e9nanes\u00a0font l\u2019objet d\u2019une recherche scientifique active.  Plusieurs pistes sont explor\u00e9es :<\/p>\n<h3>\u00c9tudes en cours<\/h3>\n<ul type=\"disc\">\n<li>M\u00e9canismes mol\u00e9culaires\u00a0de l\u2019inflammation induite<\/li>\n<li>Effets \u00e0 long terme\u00a0sur le microbiote<\/li>\n<li>Variabilit\u00e9 individuelle\u00a0de la sensibilit\u00e9<\/li>\n<li>D\u00e9veloppement de m\u00e9thodes\u00a0de d\u00e9tection des carragh\u00e9nanes d\u00e9grad\u00e9s<\/li>\n<\/ul>\n<h3>Questions ouvertes<\/h3>\n<ul type=\"disc\">\n<li>Quelle est la\u00a0dose r\u00e9ellement s\u00fbre\u00a0?<\/li>\n<li>Tous les individus sont-ils\u00a0\u00e9galement sensibles\u00a0?<\/li>\n<li>Comment les carragh\u00e9nanes\u00a0interagissent-ils\u00a0avec d\u2019autres additifs ?<\/li>\n<li>Peut-on\u00a0neutraliser leurs effets\u00a0n\u00e9fastes ?<\/li>\n<\/ul>\n<p>Face \u00e0 l\u2019accumulation de preuves  scientifiques sur les\u00a0dangers des carragh\u00e9nanes,  une approche de pr\u00e9caution me semble justifi\u00e9e. L\u2019\u00e9tude NutriNet-Sant\u00e9 de 2024,  montrant un lien avec le cancer du sein, constitue un tournant dans notre  compr\u00e9hension des risques.<br \/>Les\u00a0dangers  des carragh\u00e9nanes\u00a0ne se limitent pas aux formes d\u00e9grad\u00e9es : m\u00eame  les carragh\u00e9nanes \u00ab\u00a0normaux\u00a0\u00bb peuvent induire une inflammation  chronique, perturber la barri\u00e8re intestinale et favoriser la r\u00e9sistance \u00e0  l\u2019insuline.<br \/>Bien que les autorit\u00e9s sanitaires  maintiennent leur autorisation, les incertitudes sont nombreuses et les\u00a0dangers des carragh\u00e9nanes\u00a0suffisamment document\u00e9s pour  justifier une \u00e9viction de notre alimentation quotidienne.<br \/>Ma recommandation\u00a0:  privil\u00e9giez une alimentation peu transform\u00e9e, lisez attentivement les  \u00e9tiquettes et optez pour des alternatives naturelles comme l\u2019agar-agar pour vos  pr\u00e9parations maison. Votre sant\u00e9 digestive et votre bien-\u00eatre g\u00e9n\u00e9ral  pourraient bien s\u2019en ressentir positivement.<br \/>Les\u00a0dangers  des carragh\u00e9nanes\u00a0s\u2019ajoutent \u00e0 la longue liste des additifs alimentaires  probl\u00e9matiques qui envahissent notre alimentation moderne. En tant que  consommateurs conscients, nous avons le pouvoir de faire des choix \u00e9clair\u00e9s  pour pr\u00e9server notre sant\u00e9.<br \/>Face aux\u00a0dangers des carragh\u00e9nanes\u00a0document\u00e9s par la science,  le principe de pr\u00e9caution devrait nous guider : pourquoi prendre des risques  avec notre sant\u00e9 quand des alternatives s\u00fbres existent ?<\/p>\n<\/div>\n<p>[ad_2]<br \/>\n<br \/><a href=\"https:\/\/cuisine-saine.fr\/vie-saine\/dangers-des-carraghenanes\/\">Source link <\/a><\/p>\n","protected":false},"excerpt":{"rendered":"<p>[ad_1] Je re\u00e7ois r\u00e9guli\u00e8rement des questions sur les additifs alimentaires et leurs effets sur notre sant\u00e9. Aujourd\u2019hui, j\u2019aimerais vous parler &hellip; <a href=\"http:\/\/www.affinite.fr\/index.php\/2025\/09\/15\/les-risques-et-dangers-des-carraghenanes-a-connaite\/\" class=\"more-link\">Plus <span class=\"screen-reader-text\">Les risques et dangers des carragh\u00e9nanes \u00e0 conna\u00eete<\/span> <span class=\"meta-nav\">&rarr;<\/span><\/a><\/p>\n","protected":false},"author":1,"featured_media":12126,"comment_status":"","ping_status":"open","sticky":false,"template":"","format":"standard","meta":{"_sitemap_exclude":false,"_sitemap_priority":"","_sitemap_frequency":"","footnotes":""},"categories":[1],"tags":[],"class_list":["post-12125","post","type-post","status-publish","format-standard","has-post-thumbnail","hentry","category-tous"],"_links":{"self":[{"href":"http:\/\/www.affinite.fr\/index.php\/wp-json\/wp\/v2\/posts\/12125"}],"collection":[{"href":"http:\/\/www.affinite.fr\/index.php\/wp-json\/wp\/v2\/posts"}],"about":[{"href":"http:\/\/www.affinite.fr\/index.php\/wp-json\/wp\/v2\/types\/post"}],"author":[{"embeddable":true,"href":"http:\/\/www.affinite.fr\/index.php\/wp-json\/wp\/v2\/users\/1"}],"replies":[{"embeddable":true,"href":"http:\/\/www.affinite.fr\/index.php\/wp-json\/wp\/v2\/comments?post=12125"}],"version-history":[{"count":0,"href":"http:\/\/www.affinite.fr\/index.php\/wp-json\/wp\/v2\/posts\/12125\/revisions"}],"wp:featuredmedia":[{"embeddable":true,"href":"http:\/\/www.affinite.fr\/index.php\/wp-json\/wp\/v2\/media\/12126"}],"wp:attachment":[{"href":"http:\/\/www.affinite.fr\/index.php\/wp-json\/wp\/v2\/media?parent=12125"}],"wp:term":[{"taxonomy":"category","embeddable":true,"href":"http:\/\/www.affinite.fr\/index.php\/wp-json\/wp\/v2\/categories?post=12125"},{"taxonomy":"post_tag","embeddable":true,"href":"http:\/\/www.affinite.fr\/index.php\/wp-json\/wp\/v2\/tags?post=12125"}],"curies":[{"name":"wp","href":"https:\/\/api.w.org\/{rel}","templated":true}]}}