{"id":12110,"date":"2025-09-12T20:01:08","date_gmt":"2025-09-12T20:01:08","guid":{"rendered":"https:\/\/www.affinite.fr\/index.php\/2025\/09\/12\/tout-le-monde-sentasse-en-croatie-lete-mais-ce-coin-est-a-voir-absolument-lautomne\/"},"modified":"2025-09-12T20:01:08","modified_gmt":"2025-09-12T20:01:08","slug":"tout-le-monde-sentasse-en-croatie-lete-mais-ce-coin-est-a-voir-absolument-lautomne","status":"publish","type":"post","link":"http:\/\/www.affinite.fr\/index.php\/2025\/09\/12\/tout-le-monde-sentasse-en-croatie-lete-mais-ce-coin-est-a-voir-absolument-lautomne\/","title":{"rendered":"Tout le monde s&rsquo;entasse en Croatie l&rsquo;\u00e9t\u00e9 mais ce coin est \u00e0 voir absolument l&rsquo;automne"},"content":{"rendered":"<p> [ad_1]<br \/>\n<br \/><img decoding=\"async\" src=\"https:\/\/img-3.journaldesfemmes.fr\/JEapVnPOHVPM8BajXA4vW5znX9Q=\/1280x\/smart\/9f3fb8b2e9a146cb99f6b0a8691c8cec\/ccmcms-jdf\/40045892.jpg\" \/><\/p>\n<p>\n                Si la rentr\u00e9e vous a mis le moral dans les chaussettes, on a la solution\u00a0: r\u00e9servez de ce pas vos prochaines vacances\u00a0! Et si vous r\u00eavez de sortir des sentiers battus, on a ce qu&rsquo;il vous faut. Un joyau pr\u00e9serv\u00e9 en plein coeur de la Croatie.            <\/p>\n<div>\n<p>Qui a dit que fin de l&rsquo;\u00e9t\u00e9 rimait forc\u00e9ment avec fin des vacances\u00a0? Certainement pas nous ! D&rsquo;ailleurs, si vous avez pr\u00e9vu de vous \u00e9vader cet automne, sachez qu&rsquo;il existe en Croatie,\u00a0destination prise d&rsquo;assaut par les touristes l&rsquo;\u00e9t\u00e9, un endroit encore sauvage que l&rsquo;on peut facilement qualifier de joyau de la nature. Et qui n&rsquo;attend que vous\u00a0!<\/p>\n<p>D&rsquo;ailleurs, les meilleurs moments pour visiter cet espace pr\u00e9serv\u00e9 sont officiellement le printemps et l&rsquo;automne. Vous arrivez donc au bon moment. Entre septembre et novembre, les couleurs y sont en effet plus intenses, et les esp\u00e8ces animales reprennent peu \u00e0 peu leurs droits. Surtout, la haute saison \u00e9tant pass\u00e9e, ce parc, qui est le plus vieux parc naturel du sud de l&rsquo;Europe, est id\u00e9al pour s&rsquo;offrir une randonn\u00e9e dans le calme.\u00a0<\/p>\n<p>\u00c0 cette saison, il ouvre ses portes \u00e0 7\u00a0heures du matin, pour les refermer \u00e0 19\u00a0heures. Et on vous conseille vivement d&rsquo;y arriver \u00e0 la premi\u00e8re heure pour \u00e9viter les hordes de touristes.\u00a0Au programme\u00a0: 16\u00a0lacs somptueux, des cascades majestueuses, des rivi\u00e8res sinueuses, quelques grottes calcaires et la for\u00eat \u00e0 perte de vue\u2026 La nature \u00e0 l&rsquo;\u00e9tat sauvage, tout simplement.<\/p>\n<p>D&rsquo;ailleurs, la faune y est pr\u00e9serv\u00e9e et scrut\u00e9e de pr\u00e8s par les \u00e9quipes du parc. Il faut dire que de nombreuses esp\u00e8ces animales le peuplent\u00a0: des ours bruns, des loups, des loutres, plusieurs esp\u00e8ces d&rsquo;amphibiens, de poissons, d&rsquo;oiseaux ou encore de papillons. Pas \u00e9tonnant donc que le site soit class\u00e9 au patrimoine mondial de l&rsquo;UNESCO depuis 1979.\u00a0Situ\u00e9e \u00e0 deux heures de Zagreb et 2h30\u00a0de Split en voiture, la r\u00e9serve des lacs de Plitvice est le plus ancien et le plus grand parc national de Croatie. Et il est \u00e0 visiter absolument si vous posez vos valises dans le pays.<\/p>\n<p>Pour le d\u00e9couvrir, comme pr\u00e8s d&rsquo;un million de touristes chaque ann\u00e9e, comptez la journ\u00e9e. Et pour ce faire, vous avez le choix\u00a0: \u00e0 pieds gr\u00e2ce \u00e0 des chemins en rondins de bois, en train panoramique\u00a0ou en bateau \u00e9lectrique. Une parenth\u00e8se enchant\u00e9e hors du temps \u00e0 port\u00e9e de main.<\/p>\n<\/p><\/div>\n<p>[ad_2]<br \/>\n<br \/><a href=\"https:\/\/www.journaldesfemmes.fr\/loisirs\/voyages\/3240742-tout-le-monde-s-entasse-en-croatie-l-ete-mais-ce-coin-est-a-voir-absolument-l-automne\/\">Source link <\/a><\/p>\n","protected":false},"excerpt":{"rendered":"<p>[ad_1] Si la rentr\u00e9e vous a mis le moral dans les chaussettes, on a la solution\u00a0: r\u00e9servez de ce pas &hellip; <a href=\"http:\/\/www.affinite.fr\/index.php\/2025\/09\/12\/tout-le-monde-sentasse-en-croatie-lete-mais-ce-coin-est-a-voir-absolument-lautomne\/\" class=\"more-link\">Plus <span class=\"screen-reader-text\">Tout le monde s&rsquo;entasse en Croatie l&rsquo;\u00e9t\u00e9 mais ce coin est \u00e0 voir absolument l&rsquo;automne<\/span> <span class=\"meta-nav\">&rarr;<\/span><\/a><\/p>\n","protected":false},"author":1,"featured_media":12111,"comment_status":"","ping_status":"open","sticky":false,"template":"","format":"standard","meta":{"_sitemap_exclude":false,"_sitemap_priority":"","_sitemap_frequency":"","footnotes":""},"categories":[1],"tags":[],"class_list":["post-12110","post","type-post","status-publish","format-standard","has-post-thumbnail","hentry","category-tous"],"_links":{"self":[{"href":"http:\/\/www.affinite.fr\/index.php\/wp-json\/wp\/v2\/posts\/12110"}],"collection":[{"href":"http:\/\/www.affinite.fr\/index.php\/wp-json\/wp\/v2\/posts"}],"about":[{"href":"http:\/\/www.affinite.fr\/index.php\/wp-json\/wp\/v2\/types\/post"}],"author":[{"embeddable":true,"href":"http:\/\/www.affinite.fr\/index.php\/wp-json\/wp\/v2\/users\/1"}],"replies":[{"embeddable":true,"href":"http:\/\/www.affinite.fr\/index.php\/wp-json\/wp\/v2\/comments?post=12110"}],"version-history":[{"count":0,"href":"http:\/\/www.affinite.fr\/index.php\/wp-json\/wp\/v2\/posts\/12110\/revisions"}],"wp:featuredmedia":[{"embeddable":true,"href":"http:\/\/www.affinite.fr\/index.php\/wp-json\/wp\/v2\/media\/12111"}],"wp:attachment":[{"href":"http:\/\/www.affinite.fr\/index.php\/wp-json\/wp\/v2\/media?parent=12110"}],"wp:term":[{"taxonomy":"category","embeddable":true,"href":"http:\/\/www.affinite.fr\/index.php\/wp-json\/wp\/v2\/categories?post=12110"},{"taxonomy":"post_tag","embeddable":true,"href":"http:\/\/www.affinite.fr\/index.php\/wp-json\/wp\/v2\/tags?post=12110"}],"curies":[{"name":"wp","href":"https:\/\/api.w.org\/{rel}","templated":true}]}}