{"id":1209,"date":"2020-03-27T12:16:05","date_gmt":"2020-03-27T12:16:05","guid":{"rendered":"https:\/\/www.affinite.fr\/index.php\/2020\/03\/27\/apple-pourrait-introduire-face-id-dans-ses-mac\/"},"modified":"2020-03-27T12:16:05","modified_gmt":"2020-03-27T12:16:05","slug":"apple-pourrait-introduire-face-id-dans-ses-mac","status":"publish","type":"post","link":"http:\/\/www.affinite.fr\/index.php\/2020\/03\/27\/apple-pourrait-introduire-face-id-dans-ses-mac\/","title":{"rendered":"Apple pourrait introduire Face ID dans ses Mac"},"content":{"rendered":"<p> [ad_1]<br \/>\n<\/p>\n<div itemprop=\"articleBody\">\n<p>D\u00e9verrouiller votre iMac ou votre MacBook Pro comme vous le faites avec votre <a href=\"https:\/\/www.01net.com\/tests\/test-de-l-iphone-11-pro-apple-sort-enfin-l-artillerie-lourde-6312.html\" target=\"_blank\" rel=\"noopener noreferrer\">iPhone<\/a>, juste en lui montrant votre plus beau profil ? Et pourquoi pas !<\/p>\n<p>Un brevet publi\u00e9 par l&rsquo;<em>USPTO<\/em>, l&rsquo;Office National am\u00e9ricain, et d\u00e9pos\u00e9 par Apple en septembre 2018 montre que Cupertino travaille sur diverses solutions pour <strong>int\u00e9grer Face ID \u00e0 ses ordinateurs,<\/strong>\u00a0dans une version clairement am\u00e9lior\u00e9e.<br \/>C\u00f4t\u00e9 int\u00e9gration, Apple pr\u00e9voirait de sertir les modules cam\u00e9ra de la m\u00eame fa\u00e7on que sur les appareils nomades, en faisant <strong>une encoche en haut de l&rsquo;\u00e9cran.\u00a0<\/strong>Un effort qui implique\u00a0toutefois que les \u00e9crans des futurs Mac soient bord \u00e0 bord puisque pour l&rsquo;instant, m\u00eame si les bordures se sont affin\u00e9es, elles sont encore bien pr\u00e9sentes.<\/p>\n<p>Pr\u00e9cisions qu&rsquo;il faut prendre les informations contenues dans ce brevet avec beaucoup de pincettes. Rien n&rsquo;indique que ce qu&rsquo;on y voit se r\u00e9alisera un jour.<\/p>\n<figure class=\"figure text-center\"><img decoding=\"async\" class=\"article-img img-responsive-l\" src=\"https:\/\/img.bfmtv.com\/c\/0\/708\/989\/4c1a87996292b3fe967952eb429b2.jpg\" alt=\"\"\/><figcaption class=\"figure-caption figcaption color-txt-0 title-xs hidden-xs\"\/><\/figure>\n<h3 style=\"color:#333; font-family:arial,helvetica,sans-serif; font-size:23px; font-weight:700\">La force de la lumi\u00e8re<\/h3>\n<p>Selon le document, Apple pourrait faire appel \u00e0 des projecteurs lumineux et\/ou infrarouges coupl\u00e9s \u00e0 des algorithmes pour d\u00e9terminer pr\u00e9cis\u00e9ment l&rsquo;impact d&rsquo;un profil lumineux pr\u00e9d\u00e9termin\u00e9 sur le visage enregistr\u00e9, en fonction de la luminosit\u00e9 ambiante. Ainsi, impossible d&rsquo;ouvrir une session en utilisant une photo de la personne ou par tout autre moyen visant \u00e0 reproduire les traits d&rsquo;un ami, d&rsquo;un coll\u00e8gue.<\/p>\n<p>Si Apple ajoute la reconnaissance faciale \u00e0 l&rsquo;arsenal de s\u00e9curit\u00e9 de ses machines, il sera \u00e0 \u00e9galit\u00e9 avec Microsoft qui, via Windows Hello, propose aussi &#8211; sur les ordinateurs compatibles &#8211; le d\u00e9verrouillage de session par ce biais, ainsi que le chiffrement de donn\u00e9es, fichiers, etc.<\/p>\n<blockquote>\n<p><strong>\u00c0 lire aussi :<\/strong> <a href=\"https:\/\/www.01net.com\/actualites\/les-iphone-12-integreraient-enfin-un-capteur-tof-et-un-face-id-plus-efficace-1842355.html\" target=\"_blank\" rel=\"noopener noreferrer\">Les iPhone 12 int\u00e9greraient enfin un capteur ToF et un Face ID plus<\/a><\/p>\n<\/blockquote>\n<h3 style=\"color:#333; font-family:arial,helvetica,sans-serif; font-size:23px; font-weight:700\">Du travail en plus pour la puce T2 ou celle qui lui succ\u00e8dera<\/h3>\n<p>Apple envisage aussi d&rsquo;utiliser Face ID pour ouvrir ou sceller des enclaves de s\u00e9curit\u00e9, contenant des donn\u00e9es sensibles. C&rsquo;est sans doute la puce T2 (ou la future T3 ?) qui serait mise \u00e0 contribution, comme elle l&rsquo;est d\u00e9j\u00e0 pour la s\u00e9curit\u00e9, notamment via Touch ID (paiement Apple Pay, d\u00e9marrage et ouverture de session, etc.), sur les Mac Mini, <a href=\"https:\/\/www.01net.com\/tests\/test-imac-pro-une-machine-pro-surpuissante-qui-flirte-avec-les-limites-du-tout-en-un-5895.html\" target=\"_blank\" rel=\"noopener noreferrer\">iMac Pro<\/a>, <a href=\"https:\/\/www.01net.com\/tests\/test-du-macbook-pro-16-pouces-apple-agrandit-et-ameliore-le-portable-que-les-pro-attendaient-6367.html\" target=\"_blank\" rel=\"noopener noreferrer\">les MacBook Pro<\/a> et <a href=\"https:\/\/www.01net.com\/tests\/test-macbook-air-2019-apple-ameliore-sa-dalle-mais-pas-l-essentiel-6262.html\" target=\"_blank\" rel=\"noopener noreferrer\">Air<\/a> commercialis\u00e9s depuis 2018\/2019.<\/p>\n<figure class=\"figure text-center\"><img decoding=\"async\" class=\"article-img img-responsive-l\" src=\"https:\/\/img.bfmtv.com\/c\/0\/708\/851\/68ef4253704ab64cf2e182a0e8a41.jpg\" alt=\"\"\/><figcaption class=\"figure-caption figcaption color-txt-0 title-xs hidden-xs\"\/><\/figure>\n<p>Selon Apple, \u00ab <em>le processeur\u00a0ISP de la puce\u00a0T2 et la cam\u00e9ra FaceTime\u00a0HD travaillent de concert pour am\u00e9liorer le mappage des tons, le contr\u00f4le de l\u2019exposition et les fonctions automatiques d\u2019exposition et de balance des blancs bas\u00e9es sur la d\u00e9tection des visages<\/em>\u00a0\u00bb.<\/p>\n<p>Am\u00e9liorer l&rsquo;existant ou implanter un dispositif de reconnaissance faciale encore plus abouti semble tout \u00e0 fait possible, Apple a d\u00e9j\u00e0 presque tous les outils sur l&rsquo;\u00e9tabli. Retravailler l&rsquo;interface de macOS pour la rendre compatible et exploitable avec une encoche est aussi dans ses cordes, il l&rsquo;a bien fait sur iOS.<br \/>Seul le fait de tailler une encoche dans les grands \u00e9crans des machines portables ou des iMac pourrait poser un petit souci industriel \u00e0 Apple : il devrait trouver un partenaire capable de lui livrer ces dalles aux formes exotiques sans que cela mette en p\u00e9ril tous les autres atouts des Retina Display.<\/p>\n<p><strong>Sources :<\/strong> <a href=\"http:\/\/appft.uspto.gov\/netacgi\/nph-Parser?Sect1=PTO2&amp;Sect2=HITOFF&amp;u=%2Fnetahtml%2FPTO%2Fsearch-adv.html&amp;r=46&amp;p=1&amp;f=G&amp;l=50&amp;d=PG01&amp;S1=apple.AANM.&amp;OS=aanm\/apple&amp;RS=AANM\/apple\" target=\"_blank\" rel=\"noopener noreferrer\">USPTO<\/a> via <a href=\"https:\/\/appleinsider.com\/articles\/20\/03\/26\/apple-planning-face-id-for-macbook-pro-and-imac----plus-a-notch\" target=\"_blank\" rel=\"noopener noreferrer\">AppleInsiders<\/a><\/p>\n<\/p><\/div>\n<p><script>\n         !function(f,b,e,v,n,t,s){if(f.fbq)return;n=f.fbq=function()\n         {n.callMethod? n.callMethod.apply(n,arguments):n.queue.push(arguments)}\n         ;if(!f._fbq)f._fbq=n;\n             n.push=n;n.loaded=!0;n.version='2.0';n.queue=[];t=b.createElement(e);t.async=!0;\n             t.src=v;s=b.getElementsByTagName(e)[0];s.parentNode.insertBefore(t,s)}(window,\n                 document,'script','https:\/\/connect.facebook.net\/en_US\/fbevents.js');\n         fbq('init', '1065890633454496');\n         fbq('track', 'PageView');\n     <\/script><br \/>\n<br \/>[ad_2]<br \/>\n<br \/><a href=\"https:\/\/www.01net.com\/actualites\/apple-pourrait-introduire-face-id-dans-ses-mac-1883269.html\">Source link <\/a><\/p>\n","protected":false},"excerpt":{"rendered":"<p>[ad_1] D\u00e9verrouiller votre iMac ou votre MacBook Pro comme vous le faites avec votre iPhone, juste en lui montrant votre &hellip; <a href=\"http:\/\/www.affinite.fr\/index.php\/2020\/03\/27\/apple-pourrait-introduire-face-id-dans-ses-mac\/\" class=\"more-link\">Plus <span class=\"screen-reader-text\">Apple pourrait introduire Face ID dans ses Mac<\/span> <span class=\"meta-nav\">&rarr;<\/span><\/a><\/p>\n","protected":false},"author":1,"featured_media":1210,"comment_status":"open","ping_status":"open","sticky":false,"template":"","format":"standard","meta":{"_sitemap_exclude":false,"_sitemap_priority":"","_sitemap_frequency":"","footnotes":""},"categories":[1],"tags":[],"class_list":["post-1209","post","type-post","status-publish","format-standard","has-post-thumbnail","hentry","category-tous"],"_links":{"self":[{"href":"http:\/\/www.affinite.fr\/index.php\/wp-json\/wp\/v2\/posts\/1209"}],"collection":[{"href":"http:\/\/www.affinite.fr\/index.php\/wp-json\/wp\/v2\/posts"}],"about":[{"href":"http:\/\/www.affinite.fr\/index.php\/wp-json\/wp\/v2\/types\/post"}],"author":[{"embeddable":true,"href":"http:\/\/www.affinite.fr\/index.php\/wp-json\/wp\/v2\/users\/1"}],"replies":[{"embeddable":true,"href":"http:\/\/www.affinite.fr\/index.php\/wp-json\/wp\/v2\/comments?post=1209"}],"version-history":[{"count":0,"href":"http:\/\/www.affinite.fr\/index.php\/wp-json\/wp\/v2\/posts\/1209\/revisions"}],"wp:featuredmedia":[{"embeddable":true,"href":"http:\/\/www.affinite.fr\/index.php\/wp-json\/wp\/v2\/media\/1210"}],"wp:attachment":[{"href":"http:\/\/www.affinite.fr\/index.php\/wp-json\/wp\/v2\/media?parent=1209"}],"wp:term":[{"taxonomy":"category","embeddable":true,"href":"http:\/\/www.affinite.fr\/index.php\/wp-json\/wp\/v2\/categories?post=1209"},{"taxonomy":"post_tag","embeddable":true,"href":"http:\/\/www.affinite.fr\/index.php\/wp-json\/wp\/v2\/tags?post=1209"}],"curies":[{"name":"wp","href":"https:\/\/api.w.org\/{rel}","templated":true}]}}