{"id":12068,"date":"2025-09-04T19:48:49","date_gmt":"2025-09-04T19:48:49","guid":{"rendered":"https:\/\/www.affinite.fr\/index.php\/2025\/09\/04\/mon-enfant-veut-changer-de-classe-quels-motifs-sont-acceptes\/"},"modified":"2025-09-04T19:48:49","modified_gmt":"2025-09-04T19:48:49","slug":"mon-enfant-veut-changer-de-classe-quels-motifs-sont-acceptes","status":"publish","type":"post","link":"http:\/\/www.affinite.fr\/index.php\/2025\/09\/04\/mon-enfant-veut-changer-de-classe-quels-motifs-sont-acceptes\/","title":{"rendered":"Mon enfant veut changer de classe\u00a0: quels motifs sont accept\u00e9s\u00a0?"},"content":{"rendered":"<p> [ad_1]<br \/>\n<br \/><img decoding=\"async\" src=\"https:\/\/img-3.journaldesfemmes.fr\/qU6FrB50AOQ4odVeNyziwoDxKXA=\/1280x\/smart\/dc837e2d63a044dea5d20b4a8d85bec6\/ccmcms-jdf\/40044482.jpg\" \/><\/p>\n<p>\n                Votre enfant traverse une p\u00e9riode difficile depuis la rentr\u00e9e scolaire\u00a0? Dans quelles situations peut-on obtenir un changement de classe\u00a0? Ma\u00eetre Clerc, expert en droit scolaire, fait le point sur cette question.            <\/p>\n<div>\n<aside class=\"ccmsummary marqueur_module ccmcss_cms_summary ccmcss_cms_summary--right\">\n<p>Sommaire<\/p>\n<\/aside>\n<p>Il n&rsquo;est pas rare qu&rsquo;apr\u00e8s la reprise des cours, des \u00e9l\u00e8ves \u00e9prouvent des difficult\u00e9s \u00e0 s&rsquo;adapter \u00e0 leur environnement de classe. Mal-\u00eatre dans ce nouveau cadre, isolement suite \u00e0 la s\u00e9paration d&rsquo;avec leurs camarades habituels, appr\u00e9hension face \u00e0 d&rsquo;\u00e9ventuelles brimades&#8230; Autant de situations qui am\u00e8nent ces jeunes \u00e0 solliciter de leurs parents une mutation vers une autre classe. Selon les arguments avanc\u00e9s, cette requ\u00eate peut recevoir un avis favorable ou d\u00e9favorable du directeur d&rsquo;\u00e9tablissement. Eclairage avec Ma\u00eetre Th\u00e9o Clerc, du cabinet Clerc avocat \u00e0 Paris.<\/p>\n<h2 id=\"quels-sont-les-motifs-valables-pour-changer-de-classe-\">Quels sont les motifs valables pour changer un enfant de classe ?<\/h2>\n<p>Pour <strong>obtenir un changement de classe<\/strong>, les parents de l&rsquo;\u00e9l\u00e8ve doivent pr\u00e9senter des arguments solides et l\u00e9gitimes. En effet, une demande bas\u00e9e uniquement sur le souhait d&rsquo;\u00e9viter les cours du mercredi apr\u00e8s-midi a tr\u00e8s peu de chances d&rsquo;aboutir. <em>\u00ab\u00a0Il faut savoir qu&rsquo;en droit, le changement de classe n&rsquo;est pas encadr\u00e9 par un texte de loi\u00a0\u00bb<\/em>, nous explique l&rsquo;avocat Th\u00e9o Clerc. La d\u00e9cision appartient enti\u00e8rement \u00e0 la direction de l&rsquo;\u00e9tablissement. G\u00e9n\u00e9ralement, plusieurs situations sont consid\u00e9r\u00e9es comme l\u00e9gitimes, en particulier lorsque\u00a0:<\/p>\n<ul>\n<li><strong>L&rsquo;enfant est victime de <a href=\"https:\/\/www.journaldesfemmes.fr\/maman\/guide-des-parents\/1434006-harcelement-scolaire-signes-que-faire-a-qui-parler\/\" title=\"Harc\u00e8lement \u00e0 l'\u00e9cole\">harc\u00e8lement scolaire<\/a>.<\/strong><\/li>\n<li><b>L&rsquo;enfant est en souffrance <\/b>(stress, angoisses, etc) et\u00a0qu&rsquo;un m\u00e9decin ou un psychologue\u00a0le justifie dans un courrier.\u00a0<\/li>\n<li><strong>L&rsquo;enfant a des probl\u00e8mes\u00a0avec un professeur <\/strong>(remarques humiliantes qui portent atteintes \u00e0 la sant\u00e9 et \u00e0 la scolarit\u00e9 de l&rsquo;\u00e9l\u00e8ve).<\/li>\n<li><strong>L&rsquo;enfant vit loin et fait du covoiturage. <\/strong><em>\u00ab\u00a0On peut consid\u00e9rer que cela pourrait porter atteinte \u00e0 la scolarit\u00e9 de l&rsquo;\u00e9l\u00e8ve et \u00e0 son organisation familiale.\u00a0\u00bb<\/em><\/li>\n<li><strong>L&rsquo;enfant a commis des faits r\u00e9pr\u00e9hensibles <\/strong>(perturbe le d\u00e9roul\u00e9 des cours, insultes et coups envers les camarades ou les professeurs, d\u00e9gradation de biens, etc).<\/li>\n<\/ul>\n<h2 id=\"peut-on-demander-un-changement-de-classe-pour-etre-avec-ses-copains-et-copines-\">Peut-on demander un changement de classe pour \u00eatre avec ses copains et copines ?<\/h2>\n<p>L&rsquo;avocat\u00a0en droit de l&rsquo;\u00e9ducation \u00e9voque aussi le fait que le <strong>changement de classe pour \u00eatre avec ses amis peut \u00eatre une <\/strong><em><strong>\u00ab\u00a0demande l\u00e9gitime<\/strong>, accord\u00e9e directement par les \u00e9tablissements, notamment lorsqu&rsquo;il y a un passage du CM2 \u00e0 la 6e.\u00a0\u00bb\u00a0<\/em>Par ailleurs, <strong>le soutien scolaire ou encore la <a href=\"https:\/\/www.journaldesfemmes.fr\/maman\/guide-bebe\/2404048-conseils-garde-partagee\/\" title=\"Garde partag\u00e9e\">garde partag\u00e9e<\/a> avec un \u00e9l\u00e8ve<\/strong> se trouvant dans une autre classe sont des arguments qui peuvent \u00eatre pr\u00e9sent\u00e9s au chef d&rsquo;\u00e9tablissement.\u00a0<\/p>\n<h2 id=\"quels-sont-les-motifs-qui-peuvent-etre-refuses-pour-changer-de-classe-\">Quels sont les motifs qui peuvent \u00eatre refus\u00e9s pour changer de classe ?<\/h2>\n<p><strong>Il n&rsquo;y a pas de motif sp\u00e9cifique qui peuvent \u00eatre refus\u00e9s<\/strong> lorsqu&rsquo;un parent fait une demande de changement de classe pour son enfant. <em>\u00ab\u00a0C&rsquo;est sp\u00e9cifique \u00e0 chaque \u00e9cole. En soi, tous les motifs cit\u00e9s plus haut peuvent \u00eatre refus\u00e9s.\u00a0Cela va d\u00e9pendre des politiques qui sont mises en place dans les \u00e9tablissements\u00a0\u00bb, <\/em>nuance Me Clerc.\u00a0<\/p>\n<p>Pour <strong>faire une demande de changement de classe<\/strong>, les parents de l&rsquo;\u00e9l\u00e8ve peuvent <strong>faire une lettre<\/strong><em><strong>\u00a0\u00ab\u00a0ou demander un rendez-vous avec la direction de l&rsquo;\u00e9cole<\/strong>.\u00a0\u00bb <\/em>Dans un premier temps, l&rsquo;avocat conseille aux parents d&rsquo;entamer\u00a0le dialogue\u00a0avec le professeur principal de leur enfant. \u00c0 cette occasion, vous pourrez ainsi expliquer ce qui motive la demande de votre enfant et <em>\u00ab\u00a0d\u00e9velopper les cons\u00e9quences que la situation a sur l&rsquo;\u00e9l\u00e8ve\u00a0\u00bb,<\/em> note l&rsquo;avocat.\u00a0<strong>Par \u00e9crit, la demande doit \u00eatre formelle. <\/strong>Les parents doivent avancer un argumentaire solide en expliquant le ou les raisons qui poussent l&rsquo;enfant \u00e0 vouloir changer de classe.\u00a0<\/p>\n<p><strong>Si la demande est refus\u00e9e, des recours sont possibles. <\/strong>Pour le primaire, vous devez vous adresser \u00e0 l&rsquo;inspection d&rsquo;acad\u00e9mie et formuler une nouvelle demande.\u00a0Pour le coll\u00e8ge et le lyc\u00e9e, vous devez joindre le directeur acad\u00e9mique des services de l&rsquo;\u00c9ducation nationale.<\/p>\n<p>Merci \u00e0 Me Th\u00e9o Clerc, avocat \u00e0 Paris, sp\u00e9cialis\u00e9 en droit de l&rsquo;\u00e9ducation et en droit public.<\/p>\n<p><lt-toolbar contenteditable=\"false\" data-lt-adjust-appearance=\"true\" data-lt-force-appearance=\"light\" style=\"display: none;\"><lt-div class=\"lt-toolbar__wrapper\" style=\"left: 973px; position: absolute !important; top: 80px !important; bottom: auto !important; z-index: 1;\"><lt-div class=\"lt-toolbar__status-icon lt-toolbar__status-icon--has-no-errors\" title=\"\"\/><lt-div class=\"lt-toolbar__premium-icon-dot\"\/><\/lt-div><\/lt-toolbar><lt-toolbar contenteditable=\"false\" data-lt-adjust-appearance=\"true\" data-lt-force-appearance=\"light\" style=\"display: none;\"><lt-div class=\"lt-toolbar__wrapper\" style=\"left: 968px; position: absolute !important; top: 104px !important; bottom: auto !important; z-index: 1;\"><lt-div class=\"lt-toolbar__status-icon lt-toolbar__status-icon--has-no-errors\" title=\"\"\/><lt-div class=\"lt-toolbar__premium-icon-dot lt-toolbar__premium-icon-dot--has-notification\"\/><\/lt-div><\/lt-toolbar><lt-toolbar contenteditable=\"false\" data-lt-adjust-appearance=\"true\" data-lt-force-appearance=\"light\" style=\"display: none;\"><lt-div class=\"lt-toolbar__wrapper lt-toolbar__wrapper--hide\"><lt-div class=\"lt-toolbar__status-icon lt-toolbar__status-icon--has-no-errors\" title=\"\"\/><lt-div class=\"lt-toolbar__premium-icon-dot\"\/><\/lt-div><\/lt-toolbar><lt-toolbar contenteditable=\"false\" data-lt-adjust-appearance=\"true\" data-lt-force-appearance=\"light\" style=\"display: none;\"><lt-div class=\"lt-toolbar__wrapper\" style=\"left: 975px; position: absolute !important; top: 104px !important; bottom: auto !important; z-index: 1; opacity: 1 !important; pointer-events: all !important;\"><lt-div class=\"lt-toolbar__status-icon lt-toolbar__status-icon--has-no-errors\" title=\"\"\/><lt-div class=\"lt-toolbar__premium-icon-dot\"\/><\/lt-div><\/lt-toolbar><lt-toolbar contenteditable=\"false\" data-lt-adjust-appearance=\"true\" data-lt-force-appearance=\"light\" style=\"display: none;\"><lt-div class=\"lt-toolbar__wrapper lt-toolbar__wrapper--hide\"><lt-div class=\"lt-toolbar__status-icon lt-toolbar__status-icon--has-no-errors\" title=\"\"\/><lt-div class=\"lt-toolbar__premium-icon-dot\"\/><\/lt-div><\/lt-toolbar><\/p><\/div>\n<p>[ad_2]<br \/>\n<br \/><a href=\"https:\/\/www.journaldesfemmes.fr\/maman\/guide-des-parents\/2847546-changer-de-classe-apres-la-rentree-scolaire\/\">Source link <\/a><\/p>\n","protected":false},"excerpt":{"rendered":"<p>[ad_1] Votre enfant traverse une p\u00e9riode difficile depuis la rentr\u00e9e scolaire\u00a0? Dans quelles situations peut-on obtenir un changement de classe\u00a0? &hellip; <a href=\"http:\/\/www.affinite.fr\/index.php\/2025\/09\/04\/mon-enfant-veut-changer-de-classe-quels-motifs-sont-acceptes\/\" class=\"more-link\">Plus <span class=\"screen-reader-text\">Mon enfant veut changer de classe\u00a0: quels motifs sont accept\u00e9s\u00a0?<\/span> <span class=\"meta-nav\">&rarr;<\/span><\/a><\/p>\n","protected":false},"author":1,"featured_media":12069,"comment_status":"","ping_status":"open","sticky":false,"template":"","format":"standard","meta":{"_sitemap_exclude":false,"_sitemap_priority":"","_sitemap_frequency":"","footnotes":""},"categories":[1],"tags":[],"class_list":["post-12068","post","type-post","status-publish","format-standard","has-post-thumbnail","hentry","category-tous"],"_links":{"self":[{"href":"http:\/\/www.affinite.fr\/index.php\/wp-json\/wp\/v2\/posts\/12068"}],"collection":[{"href":"http:\/\/www.affinite.fr\/index.php\/wp-json\/wp\/v2\/posts"}],"about":[{"href":"http:\/\/www.affinite.fr\/index.php\/wp-json\/wp\/v2\/types\/post"}],"author":[{"embeddable":true,"href":"http:\/\/www.affinite.fr\/index.php\/wp-json\/wp\/v2\/users\/1"}],"replies":[{"embeddable":true,"href":"http:\/\/www.affinite.fr\/index.php\/wp-json\/wp\/v2\/comments?post=12068"}],"version-history":[{"count":0,"href":"http:\/\/www.affinite.fr\/index.php\/wp-json\/wp\/v2\/posts\/12068\/revisions"}],"wp:featuredmedia":[{"embeddable":true,"href":"http:\/\/www.affinite.fr\/index.php\/wp-json\/wp\/v2\/media\/12069"}],"wp:attachment":[{"href":"http:\/\/www.affinite.fr\/index.php\/wp-json\/wp\/v2\/media?parent=12068"}],"wp:term":[{"taxonomy":"category","embeddable":true,"href":"http:\/\/www.affinite.fr\/index.php\/wp-json\/wp\/v2\/categories?post=12068"},{"taxonomy":"post_tag","embeddable":true,"href":"http:\/\/www.affinite.fr\/index.php\/wp-json\/wp\/v2\/tags?post=12068"}],"curies":[{"name":"wp","href":"https:\/\/api.w.org\/{rel}","templated":true}]}}