{"id":12062,"date":"2025-09-03T19:47:43","date_gmt":"2025-09-03T19:47:43","guid":{"rendered":"https:\/\/www.affinite.fr\/index.php\/2025\/09\/03\/une-salle-de-bains-demodee-sauvee-par-quelques-bonnes-idees\/"},"modified":"2025-09-03T19:47:43","modified_gmt":"2025-09-03T19:47:43","slug":"une-salle-de-bains-demodee-sauvee-par-quelques-bonnes-idees","status":"publish","type":"post","link":"http:\/\/www.affinite.fr\/index.php\/2025\/09\/03\/une-salle-de-bains-demodee-sauvee-par-quelques-bonnes-idees\/","title":{"rendered":"une salle de bains d\u00e9mod\u00e9e sauv\u00e9e par quelques bonnes id\u00e9es"},"content":{"rendered":"<p> [ad_1]<br \/>\n<\/p>\n<p>\n                En quatre mois et demi de travaux, cet appartement a fait un sacr\u00e9 bond dans le temps. En t\u00e9moigne la pi\u00e8ce d&rsquo;eau\u00a0: autrefois dans son jus, elle ne ressemble plus du tout \u00e0 \u00e7a et c&rsquo;est tant mieux\u00a0!            <\/p>\n<div>\n<p>Quand les propri\u00e9taires de ce 42\u00a0m\u00b2, situ\u00e9 XVe arrondissement de Paris,\u00a0ont fait appel \u00e0 l&rsquo;architecte Sabrina Julien, fondatrice du Studio BEAU FAIRE, ils h\u00e9sitaient encore \u00e0 le conserver, tant il ne leur plaisait plus.\u00a0Bien inspir\u00e9e, l&rsquo;architecte a rapidement d\u00e9cel\u00e9 tout le potentiel des\u00a0lieux et imagin\u00e9 un deux-pi\u00e8ces aux lignes douces et \u00e0 l&rsquo;\u00e9l\u00e9gance affirm\u00e9e. Principal d\u00e9faut de l&rsquo;appartement, jamais r\u00e9nov\u00e9 depuis son achat\u00a0: l&rsquo;absence de chambre s\u00e9par\u00e9e. \u00c0 cinquante ans pass\u00e9s, vivre entre un clic-clac et des espaces qui se m\u00e9langent, \u00e7a n&rsquo;avait plus rien de s\u00e9duisant ! Le Studio BEAU FAIRE a alors propos\u00e9 une transformation radicale\u00a0: convertir la cuisine ind\u00e9pendante en v\u00e9ritable chambre, \u00e0 la fois cosy et fonctionnelle. S\u00e9duits par le projet, les propri\u00e9taires ont fait confiance \u00e0 Sabrina Julien et n&rsquo;ont pas h\u00e9sit\u00e9 \u00e0 lancer de grands travaux pour rendre leur appartement aussi agr\u00e9able que parfaitement adapt\u00e9 \u00e0 la vie \u00e0 deux.<\/p>\n<p>Et outre la cuisine transform\u00e9e en chambre \u00e0 coucher, une autre pi\u00e8ce technique a demand\u00e9 pas mal d&rsquo;imagination pour s&rsquo;y projeter. Je veux bien s\u00fbr parler de la salle de bains.\u00a0Malgr\u00e9\u00a0de beaux volumes, elle n&rsquo;avait\u00a0jamais \u00e9t\u00e9 r\u00e9nov\u00e9e, \u00e0 l&rsquo;image du reste de l&rsquo;appartement. Pour preuve, s&rsquo;il en fallait une : le bidet qui tr\u00f4nait encore entre les WC et la baignoire&#8230; Tout \u00e9tait \u00e0 revoir !\u00a0<\/p>\n<div style=\"text-align:center\">\n<figure class=\"image\" style=\"display:inline-block\"><a class=\"fancy\" href=\"https:\/\/img-3.journaldesfemmes.fr\/NaxtJNcEBoA6e2n8CJfORBhA2C4=\/1080x\/smart\/10267d535d7d4cd1ba3732e43f9ce5cf\/ccmcms-jdf\/40044146.jpg\"><img decoding=\"async\" alt=\"salle-d-eau-apres-travaux\" src=\"https:\/\/img-3.journaldesfemmes.fr\/NaxtJNcEBoA6e2n8CJfORBhA2C4=\/1080x\/smart\/10267d535d7d4cd1ba3732e43f9ce5cf\/ccmcms-jdf\/40044146.jpg\"\/><\/a><figcaption data-credit=\"Agathe Tissier\"><small>\u00a9\u00a0Agathe Tissier<\/small><\/figcaption><\/figure>\n<\/div>\n<p>Et c&rsquo;est maintenant chose faite.\u00a0Si la nouvelle salle d&rsquo;eau du couple occupe le m\u00eame emplacement que l&rsquo;ancienne, cette derni\u00e8re a totalement chang\u00e9 de visage. L&rsquo;architecte a troqu\u00e9 la baignoire pour\u00a0une large douche, afin de mieux structurer l&rsquo;espace. On retrouve la signature de Sabrina Julien avec l&rsquo;arrondi qu&rsquo;elle ch\u00e9rit tant, en haut de la cloison, situ\u00e9 entre le meuble vasque et la douche. Le meuble, sign\u00e9 de la marque\u00a0Polopolo, sp\u00e9cialiste fran\u00e7ais du semi-sur-mesure, s&rsquo;accorde parfaitement avec la teinte sable du b\u00e9ton cir\u00e9 appliqu\u00e9 au sol, comme sur les murs. Une applique murale sign\u00e9e Micka\u00ebl Koska vient parfaire l&rsquo;ensemble.\u00a0<\/p>\n<div style=\"text-align:center\">\n<figure class=\"image\" style=\"display:inline-block\"><a class=\"fancy\" href=\"https:\/\/img-3.journaldesfemmes.fr\/RnKSra_MaLtYBH8POPPMUebn7so=\/1080x\/smart\/7662a0475e9c425e9f6dc9dba951d621\/ccmcms-jdf\/40044147.jpg\"><img decoding=\"async\" alt=\"salle-d-eau-douche-apres-travaux\" src=\"https:\/\/img-3.journaldesfemmes.fr\/RnKSra_MaLtYBH8POPPMUebn7so=\/1080x\/smart\/7662a0475e9c425e9f6dc9dba951d621\/ccmcms-jdf\/40044147.jpg\"\/><\/a><figcaption data-credit=\"Agathe Tissier\"><small>\u00a9\u00a0Agathe Tissier<\/small><\/figcaption><\/figure>\n<\/div>\n<p>\u00c0 l&rsquo;endroit o\u00f9 se trouvait l&rsquo;ancienne baignoire, une douche spacieuse (80\u00a0x 120\u00a0cm) a vu le jour.\u00a0R\u00e9alis\u00e9e en b\u00e2ti, elle reprend les codes des hammams traditionnels avec son b\u00e9ton cir\u00e9 et son\u00a0petit banc int\u00e9gr\u00e9 dans la niche du fond. Ce dernier, imagin\u00e9 pour contourner une contrainte technique li\u00e9e \u00e0 un coffrage impossible \u00e0 d\u00e9placer, est devenu un atout de charme qui donne \u00e0 la pi\u00e8ce tout son caract\u00e8re.\u00a0<\/p>\n<p>Ainsi m\u00e9tamorphos\u00e9, ce\u00a042 m\u00b2\u00a0offre\u00a0\u00e0 ses propri\u00e9taires un deux-pi\u00e8ces \u00e9l\u00e9gant, fonctionnel et taill\u00e9 pour durer.<\/p>\n<\/p><\/div>\n<p>[ad_2]<br \/>\n<br \/><a href=\"https:\/\/deco.journaldesfemmes.fr\/reportages-deco-et-visites-privees\/3239242-avant-apres-une-salle-de-bains-demodee-sauvee-par-quelques-bonnes-idees\/\">Source link <\/a><\/p>\n","protected":false},"excerpt":{"rendered":"<p>[ad_1] En quatre mois et demi de travaux, cet appartement a fait un sacr\u00e9 bond dans le temps. En t\u00e9moigne &hellip; <a href=\"http:\/\/www.affinite.fr\/index.php\/2025\/09\/03\/une-salle-de-bains-demodee-sauvee-par-quelques-bonnes-idees\/\" class=\"more-link\">Plus <span class=\"screen-reader-text\">une salle de bains d\u00e9mod\u00e9e sauv\u00e9e par quelques bonnes id\u00e9es<\/span> <span class=\"meta-nav\">&rarr;<\/span><\/a><\/p>\n","protected":false},"author":1,"featured_media":12063,"comment_status":"","ping_status":"open","sticky":false,"template":"","format":"standard","meta":{"_sitemap_exclude":false,"_sitemap_priority":"","_sitemap_frequency":"","footnotes":""},"categories":[1],"tags":[],"class_list":["post-12062","post","type-post","status-publish","format-standard","has-post-thumbnail","hentry","category-tous"],"_links":{"self":[{"href":"http:\/\/www.affinite.fr\/index.php\/wp-json\/wp\/v2\/posts\/12062"}],"collection":[{"href":"http:\/\/www.affinite.fr\/index.php\/wp-json\/wp\/v2\/posts"}],"about":[{"href":"http:\/\/www.affinite.fr\/index.php\/wp-json\/wp\/v2\/types\/post"}],"author":[{"embeddable":true,"href":"http:\/\/www.affinite.fr\/index.php\/wp-json\/wp\/v2\/users\/1"}],"replies":[{"embeddable":true,"href":"http:\/\/www.affinite.fr\/index.php\/wp-json\/wp\/v2\/comments?post=12062"}],"version-history":[{"count":0,"href":"http:\/\/www.affinite.fr\/index.php\/wp-json\/wp\/v2\/posts\/12062\/revisions"}],"wp:featuredmedia":[{"embeddable":true,"href":"http:\/\/www.affinite.fr\/index.php\/wp-json\/wp\/v2\/media\/12063"}],"wp:attachment":[{"href":"http:\/\/www.affinite.fr\/index.php\/wp-json\/wp\/v2\/media?parent=12062"}],"wp:term":[{"taxonomy":"category","embeddable":true,"href":"http:\/\/www.affinite.fr\/index.php\/wp-json\/wp\/v2\/categories?post=12062"},{"taxonomy":"post_tag","embeddable":true,"href":"http:\/\/www.affinite.fr\/index.php\/wp-json\/wp\/v2\/tags?post=12062"}],"curies":[{"name":"wp","href":"https:\/\/api.w.org\/{rel}","templated":true}]}}