{"id":12052,"date":"2025-09-01T08:55:37","date_gmt":"2025-09-01T08:55:37","guid":{"rendered":"http:\/\/www.affinite.fr\/index.php\/2025\/09\/01\/menu-de-la-semaine-sans-gluten-ni-lactose-septembre\/"},"modified":"2025-09-01T08:55:37","modified_gmt":"2025-09-01T08:55:37","slug":"menu-de-la-semaine-sans-gluten-ni-lactose-septembre","status":"publish","type":"post","link":"http:\/\/www.affinite.fr\/index.php\/2025\/09\/01\/menu-de-la-semaine-sans-gluten-ni-lactose-septembre\/","title":{"rendered":"Menu de la semaine sans gluten ni lactose septembre"},"content":{"rendered":"<p> [ad_1]<br \/>\n<\/p>\n<div>\n\t\t\t\t\t<!-- FeedbackWP Plugin - Results Widget --><\/p>\n<p>Vous aussi, vous avez parfois l\u2019impression que pr\u00e9parer un <strong>menu sans gluten et sans lactose<\/strong> rel\u00e8ve du casse-t\u00eate ? Rassurez-vous, je suis pass\u00e9e par l\u00e0. Pendant longtemps, je cherchais la moindre <strong>id\u00e9e recette sans gluten<\/strong> comme si c\u2019\u00e9tait le Graal\u2026 et je vous avoue qu\u2019il m\u2019est arriv\u00e9 de finir un soir avec une banale salade dans l\u2019assiette en guise de <strong>repas sans gluten<\/strong>. Pas franchement la victoire !<\/p>\n<p>Depuis, j\u2019ai appris \u00e0 jongler avec mes envies, mes contraintes et vos questions que je re\u00e7ois souvent. Comment se r\u00e9galer sans se prendre la t\u00eate ? Comment trouver une <strong>recette sans gluten et sans lactose<\/strong> qui plaise \u00e0 toute la famille ? Comment varier les <strong>desserts sans gluten<\/strong> sans tomber dans la sempiternelle d\u00e9ception ?<\/p>\n<p>Alors, j\u2019ai d\u00e9cid\u00e9 de partager avec vous mes d\u00e9couvertes, mes petites r\u00e9ussites et m\u00eame mes rat\u00e9s (parce que oui, un <strong>dessert sans gluten vite fait<\/strong> peut parfois finir un peu trop vite\u2026 \u00e0 la poubelle). L\u2019id\u00e9e, c\u2019est de vous donner de vraies <strong>id\u00e9es repas sans gluten<\/strong>, des <strong>menus sans gluten et sans lactose<\/strong> pens\u00e9s pour <strong>septembre<\/strong>, avec des produits de saison et des clins d\u2019\u0153il \u00e0 mon quotidien. Si vous cherchez une <strong>recette rapide sans gluten<\/strong> ou une <strong>recette sans gluten simple<\/strong> pour d\u00e9panner le soir apr\u00e8s le boulot, vous \u00eates pile au bon endroit.<\/p>\n<p>C\u00f4t\u00e9 <strong>petits d\u00e9jeuners sans gluten<\/strong>, vous aurez le choix : une version sal\u00e9e et une version sucr\u00e9e, selon vos humeurs. Moi, je l\u2019avoue, je fais partie de la team sal\u00e9e et prot\u00e9in\u00e9e\u2026 et je ne m\u2019en lasse pas !<\/p>\n<p>Ce format \u00ab Menu de la semaine sans gluten ni lactose \u00bb vous pla\u00eet ? <strong>Dites-le-moi en commentaire<\/strong> et je vous proposerai un nouveau menu chaque d\u00e9but de mois !<\/p>\n<div id=\"attachment_119001\" style=\"width: 1034px\" class=\"wp-caption alignnone\"><img loading=\"lazy\" decoding=\"async\" aria-describedby=\"caption-attachment-119001\" alt=\"Menu de la semaine sans gluten ni lactose septembre\" width=\"1024\" height=\"1536\" itemprop=\"image\" src=\"https:\/\/cuisine-saine.fr\/wp-content\/uploads\/2025\/09\/menu-semaine-sans-gluten-septembre.jpg\"\/><noscript><img loading=\"lazy\" decoding=\"async\" aria-describedby=\"caption-attachment-119001\" src=\"https:\/\/cuisine-saine.fr\/wp-content\/uploads\/2025\/09\/menu-semaine-sans-gluten-septembre.jpg\" alt=\"Menu de la semaine sans gluten ni lactose septembre\" width=\"1024\" height=\"1536\" itemprop=\"image\"\/><\/noscript><\/p>\n<p id=\"caption-attachment-119001\" class=\"wp-caption-text\">Menu de la semaine sans gluten ni lactose septembre<\/p>\n<\/div>\n<section class=\"liste-courses-paper\" lang=\"fr\">&#13;<br \/>\n  &#13;<br \/>\n&#13;<\/p>\n<div class=\"sheet\" role=\"document\" aria-label=\"Liste de courses \u2014 Menu sans gluten &amp; sans lactose (septembre)\">\n<h2>Liste de courses \u2014 Semaine de septembre<\/h2>\n<p class=\"meta\">Menu sans gluten &amp; sans lactose \u2022 format \u201ccahier\u201d \u00e0 cocher<\/p>\n<div class=\"grid\">\n      <!-- Fruits & L&eacute;gumes --><\/p>\n<section class=\"cat\">&#13;<\/p>\n<h3>Fruits &amp; L\u00e9gumes (saison)<\/h3>\n<p>&#13;<br \/>\n        &#13;<br \/>\n      <\/section>\n<p>      <!-- Prot&eacute;ines animales --><\/p>\n<section class=\"cat\">&#13;<\/p>\n<h3>Prot\u00e9ines animales<\/h3>\n<p>&#13;<br \/>\n        &#13;<br \/>\n      <\/section>\n<p>      <!-- Prot&eacute;ines v&eacute;g&eacute;tales --><\/p>\n<section class=\"cat\">&#13;<\/p>\n<h3>Prot\u00e9ines v\u00e9g\u00e9tales<\/h3>\n<p>&#13;<br \/>\n        &#13;<br \/>\n      <\/section>\n<p>      <!-- Alternatives & desserts --><\/p>\n<section class=\"cat\">&#13;<\/p>\n<h3>Alternatives &amp; desserts<\/h3>\n<p>&#13;<br \/>\n        &#13;<br \/>\n      <\/section>\n<p>      <!-- &Eacute;picerie & f&eacute;culents --><\/p>\n<section class=\"cat\">&#13;<\/p>\n<h3>\u00c9picerie &amp; f\u00e9culents<\/h3>\n<p>&#13;<br \/>\n        &#13;<br \/>\n      <\/section>\n<p>      <!-- Boulangerie & p&acirc;tisserie maison --><\/p>\n<section class=\"cat\">&#13;<\/p>\n<h3>Boulangerie &amp; p\u00e2tisserie maison<\/h3>\n<p>&#13;<br \/>\n        &#13;<br \/>\n      <\/section>\n<\/p><\/div>\n<p class=\"note\">Astuce batch-cooking : cuisez \u00e0 l\u2019avance riz\/quinoa, r\u00f4tissez une plaque de courgettes &amp; poivrons, et pr\u00e9parez une base de compote.<\/p>\n<\/p><\/div>\n<p>&#13;<br \/>\n<\/section>\n<section class=\"saison\" id=\"fruits-legumes-septembre\" lang=\"fr\">&#13;<\/p>\n<h2>Fruits et l\u00e9gumes de saison \u2013 septembre<\/h2>\n<p>&#13;<br \/>\n&#13;<\/p>\n<article class=\"bloc-fruits\">&#13;<\/p>\n<h3>Fruits<\/h3>\n<p>&#13;<\/p>\n<ul class=\"fruits\">&#13;<\/p>\n<li>Raisin<\/li>\n<p>&#13;<\/p>\n<li>Poire<\/li>\n<p>&#13;<\/p>\n<li>Pomme<\/li>\n<p>&#13;<\/p>\n<li>Prune (quetsche, mirabelle, reine-claude)<\/li>\n<p>&#13;<\/p>\n<li>Figue<\/li>\n<p>&#13;<\/p>\n<li>M\u00fbre<\/li>\n<p>&#13;<\/p>\n<li>Framboise <em>(fin de saison)<\/em><\/li>\n<p>&#13;<\/p>\n<li>Myrtille <em>(fin de saison)<\/em><\/li>\n<p>&#13;<\/p>\n<li>Melon <em>(fin de saison)<\/em><\/li>\n<p>&#13;<\/p>\n<li>Past\u00e8que <em>(fin de saison)<\/em><\/li>\n<p>&#13;<\/p>\n<li>P\u00eache <em>(fin de saison)<\/em><\/li>\n<p>&#13;<\/p>\n<li>Nectarine <em>(fin de saison)<\/em><\/li>\n<p>&#13;<\/p>\n<li>Noisette fra\u00eeche<\/li>\n<p>&#13;<\/p>\n<li>Ch\u00e2taigne <em>(d\u00e9but de saison)<\/em><\/li>\n<p>&#13;<\/p>\n<li>Coing <em>(d\u00e9but de saison)<\/em><\/li>\n<p>&#13;\n    <\/ul>\n<p>&#13;<br \/>\n  <\/article>\n<p>&#13;<br \/>\n&#13;<\/p>\n<article class=\"bloc-legumes\">&#13;<\/p>\n<h3>L\u00e9gumes<\/h3>\n<p>&#13;<\/p>\n<ul class=\"legumes\">&#13;<\/p>\n<li>Tomate<\/li>\n<p>&#13;<\/p>\n<li>Courgette<\/li>\n<p>&#13;<\/p>\n<li>Aubergine<\/li>\n<p>&#13;<\/p>\n<li>Poivron<\/li>\n<p>&#13;<\/p>\n<li>Concombre<\/li>\n<p>&#13;<\/p>\n<li>Ma\u00efs<\/li>\n<p>&#13;<\/p>\n<li>Haricot vert<\/li>\n<p>&#13;<\/p>\n<li>Betterave<\/li>\n<p>&#13;<\/p>\n<li>Carotte<\/li>\n<p>&#13;<\/p>\n<li>Radis<\/li>\n<p>&#13;<\/p>\n<li>Navet <em>(d\u00e9but d\u2019automne)<\/em><\/li>\n<p>&#13;<\/p>\n<li>Chou vert<\/li>\n<p>&#13;<\/p>\n<li>Chou rouge<\/li>\n<p>&#13;<\/p>\n<li>Brocoli<\/li>\n<p>&#13;<\/p>\n<li>Chou-fleur<\/li>\n<p>&#13;<\/p>\n<li>Poireau<\/li>\n<p>&#13;<\/p>\n<li>\u00c9pinard <em>(retour)<\/em><\/li>\n<p>&#13;<\/p>\n<li>Blette (bettes)<\/li>\n<p>&#13;<\/p>\n<li>Fenouil<\/li>\n<p>&#13;<\/p>\n<li>C\u00e9leri branche<\/li>\n<p>&#13;<\/p>\n<li>C\u00e9leri-rave<\/li>\n<p>&#13;<\/p>\n<li>Oignon<\/li>\n<p>&#13;<\/p>\n<li>\u00c9chalote<\/li>\n<p>&#13;<\/p>\n<li>Ail<\/li>\n<p>&#13;<\/p>\n<li>Pomme de terre<\/li>\n<p>&#13;<\/p>\n<li>Courges (potimarron, butternut) <em>(d\u00e9but de saison)<\/em><\/li>\n<p>&#13;<\/p>\n<li>Champignons des bois <em>(selon r\u00e9gions)<\/em><\/li>\n<p>&#13;<\/p>\n<li>Laitue<\/li>\n<p>&#13;<\/p>\n<li>Roquette<\/li>\n<p>&#13;<\/p>\n<li>Mesclun<\/li>\n<p>&#13;\n    <\/ul>\n<p>&#13;<br \/>\n  <\/article>\n<p>&#13;<br \/>\n&#13;<\/p>\n<p class=\"note\"> Septembre est un mois de transition : on profite encore des fruits d\u2019\u00e9t\u00e9 (melon, p\u00eache, nectarine, past\u00e8que) tout en voyant appara\u00eetre les fruits d\u2019automne (pomme, poire, raisin, coing, noisette).<\/p>\n<p>&#13;<br \/>\n&#13;<br \/>\n<\/section>\n<p style=\"padding-top:20px\">En refermant ce <strong>menu sans gluten sans lactose<\/strong>, j\u2019ai envie de vous glisser une confidence : au fond, manger autrement n\u2019est pas une punition, c\u2019est une lib\u00e9ration. Avant, je voyais les contraintes comme des cha\u00eenes. Aujourd\u2019hui, je les vis comme des tremplins pour explorer de nouvelles saveurs et partager avec vous mes trouvailles.<\/p>\n<p>Vous l\u2019avez s\u00fbrement constat\u00e9 en parcourant ces <strong>menus sans gluten et sans lactose<\/strong> : il existe mille et une fa\u00e7ons de transformer une assiette ordinaire en v\u00e9ritable festin. Un <strong>repas sans gluten facile et rapide<\/strong> ne demande pas forc\u00e9ment plus de temps qu\u2019un plat classique. Il suffit de quelques astuces, d\u2019un soup\u00e7on de curiosit\u00e9 et, avouons-le, parfois d\u2019un peu d\u2019audace. C\u2019est ainsi que naissent les meilleures <strong>recettes sans lactose et sans gluten<\/strong> : celles qui surprennent, qui rassasient et qui donnent envie de recommencer le lendemain.<\/p>\n<p>Je sais qu\u2019il n\u2019est pas toujours simple de jongler entre le travail, la famille et l\u2019envie de bien manger. C\u2019est l\u00e0 que mes <strong>id\u00e9es recette sans gluten<\/strong> et mes <strong>menus sans gluten sans lactose<\/strong> entrent en sc\u00e8ne. Loin de moi l\u2019id\u00e9e de vous imposer un parcours du combattant en cuisine ! Au contraire, je vous propose des raccourcis malins, des associations de saison et des plats que vos proches adopteront sans m\u00eame se rendre compte qu\u2019ils d\u00e9gustent un <strong>repas sans gluten et sans lactose<\/strong>.<\/p>\n<p>Et puis, n\u2019oublions pas le plaisir. Car oui, on peut savourer un <strong>dessert sans gluten<\/strong> qui soit \u00e0 la fois gourmand et \u00e9quilibr\u00e9. J\u2019aime l\u2019id\u00e9e de boucler la journ\u00e9e avec un petit clin d\u2019\u0153il sucr\u00e9, sans craindre les effets secondaires. Entre nous, qui a dit qu\u2019un <strong>menu sans gluten facile<\/strong> devait \u00eatre ennuyeux ? Certainement pas moi. Je vous encourage \u00e0 explorer, tester et, surtout, \u00e0 rire de vos rat\u00e9s. Parce que chaque \u201cflop\u201d en cuisine n\u2019est qu\u2019un pas de plus vers votre prochaine r\u00e9ussite.<\/p>\n<p>Alors, la prochaine fois que vous vous demanderez quoi pr\u00e9parer, pensez \u00e0 ce menu comme \u00e0 une bo\u00eete \u00e0 id\u00e9es. Un r\u00e9servoir d\u2019envies pour vos <strong>repas sans gluten sans lactose<\/strong>, vos soir\u00e9es press\u00e9es, vos d\u00e9jeuners improvis\u00e9s. Vous verrez : entre deux <strong>desserts sans gluten<\/strong> un peu trop vite engloutis et un <strong>repas sans gluten facile et rapide<\/strong> improvis\u00e9, vous vous surprendrez \u00e0 sourire. Et finalement, c\u2019est peut-\u00eatre \u00e7a, la meilleure des recettes : celle qui rend heureux, tout simplement.<\/p>\n<h3 class=\"conseil\">Le conseil de Karen<\/h3>\n<p><!-- FeedbackWP Plugin --><span class=\"et_bloom_bottom_trigger\"\/>\t\t\t\t\t<\/div>\n<p>[ad_2]<br \/>\n<br \/><a href=\"https:\/\/cuisine-saine.fr\/vie-saine\/menu-de-la-semaine-sans-gluten-ni-lactose-septembre\/\">Source link <\/a><\/p>\n","protected":false},"excerpt":{"rendered":"<p>[ad_1] Vous aussi, vous avez parfois l\u2019impression que pr\u00e9parer un menu sans gluten et sans lactose rel\u00e8ve du casse-t\u00eate ? &hellip; <a href=\"http:\/\/www.affinite.fr\/index.php\/2025\/09\/01\/menu-de-la-semaine-sans-gluten-ni-lactose-septembre\/\" class=\"more-link\">Plus <span class=\"screen-reader-text\">Menu de la semaine sans gluten ni lactose septembre<\/span> <span class=\"meta-nav\">&rarr;<\/span><\/a><\/p>\n","protected":false},"author":1,"featured_media":12053,"comment_status":"","ping_status":"open","sticky":false,"template":"","format":"standard","meta":{"_sitemap_exclude":false,"_sitemap_priority":"","_sitemap_frequency":"","footnotes":""},"categories":[1],"tags":[],"class_list":["post-12052","post","type-post","status-publish","format-standard","has-post-thumbnail","hentry","category-tous"],"_links":{"self":[{"href":"http:\/\/www.affinite.fr\/index.php\/wp-json\/wp\/v2\/posts\/12052"}],"collection":[{"href":"http:\/\/www.affinite.fr\/index.php\/wp-json\/wp\/v2\/posts"}],"about":[{"href":"http:\/\/www.affinite.fr\/index.php\/wp-json\/wp\/v2\/types\/post"}],"author":[{"embeddable":true,"href":"http:\/\/www.affinite.fr\/index.php\/wp-json\/wp\/v2\/users\/1"}],"replies":[{"embeddable":true,"href":"http:\/\/www.affinite.fr\/index.php\/wp-json\/wp\/v2\/comments?post=12052"}],"version-history":[{"count":0,"href":"http:\/\/www.affinite.fr\/index.php\/wp-json\/wp\/v2\/posts\/12052\/revisions"}],"wp:featuredmedia":[{"embeddable":true,"href":"http:\/\/www.affinite.fr\/index.php\/wp-json\/wp\/v2\/media\/12053"}],"wp:attachment":[{"href":"http:\/\/www.affinite.fr\/index.php\/wp-json\/wp\/v2\/media?parent=12052"}],"wp:term":[{"taxonomy":"category","embeddable":true,"href":"http:\/\/www.affinite.fr\/index.php\/wp-json\/wp\/v2\/categories?post=12052"},{"taxonomy":"post_tag","embeddable":true,"href":"http:\/\/www.affinite.fr\/index.php\/wp-json\/wp\/v2\/tags?post=12052"}],"curies":[{"name":"wp","href":"https:\/\/api.w.org\/{rel}","templated":true}]}}