{"id":12040,"date":"2025-08-29T19:41:38","date_gmt":"2025-08-29T19:41:38","guid":{"rendered":"http:\/\/www.affinite.fr\/index.php\/2025\/08\/29\/ce-nouveau-style-sera-partout-des-la-rentree\/"},"modified":"2025-08-29T19:41:38","modified_gmt":"2025-08-29T19:41:38","slug":"ce-nouveau-style-sera-partout-des-la-rentree","status":"publish","type":"post","link":"http:\/\/www.affinite.fr\/index.php\/2025\/08\/29\/ce-nouveau-style-sera-partout-des-la-rentree\/","title":{"rendered":"ce nouveau style sera partout d\u00e8s la rentr\u00e9e"},"content":{"rendered":"<p> [ad_1]<br \/>\n<br \/><img decoding=\"async\" src=\"https:\/\/img-3.journaldesfemmes.fr\/-fkjvY4JwHZa8nhHbkE8SG91xPI=\/1280x\/smart\/758a9325b63f4406b40671dadc6b8ea9\/ccmcms-jdf\/40043460.jpg\" \/><\/p>\n<p>\n                Plus qu&rsquo;un simple style, c&rsquo;est une v\u00e9ritable philosophie pour faire de votre int\u00e9rieur un espace o\u00f9 il fait bon vivre et sourire chaque jour. Mais de quoi s&rsquo;agit-il exactement\u00a0?            <\/p>\n<div>\n<p>Depuis quelque temps d\u00e9j\u00e0, la d\u00e9coration d&rsquo;int\u00e9rieur a entam\u00e9 une sacr\u00e9e transformation, d\u00e9laissant le minimalisme et la sobri\u00e9t\u00e9 monochrome au profit d&rsquo;une \u00e9nergie nouvelle. Vous avez peut-\u00eatre remarqu\u00e9 que vos envies \u00e9voluent, avec le besoin de\u00a0cr\u00e9er chez vous un espace plus vivant, chaleureux, et surtout porteur de bonne humeur.<\/p>\n<p>Fini les d\u00e9cors aseptis\u00e9s qui semblent parfois d\u00e9nu\u00e9s d&rsquo;\u00e2me, place \u00e0 des ambiances qui stimulent les sens et nourrissent votre bien-\u00eatre \u00e9motionnel. De plus en plus, les int\u00e9rieurs deviennent des terrains d&rsquo;exp\u00e9riences et de jeux o\u00f9 couleur, lumi\u00e8re, et textures sont choisies pour provoquer des \u00e9motions positives. Ce mouvement invite \u00e0 oser l&rsquo;exub\u00e9rance, \u00e0 m\u00ealer motifs, formes, et tonalit\u00e9s dans un joyeux m\u00e9lange qui s\u00e9duit \u00e0 la fois les passionn\u00e9s de design et ceux en qu\u00eate de (r\u00e9)confort.<\/p>\n<p>Mais alors, comment transformer cette envie d&rsquo;optimisme en r\u00e9alit\u00e9\u00a0? Ce n&rsquo;est pas une simple question de mobilier ou d&rsquo;agencement, mais bien une approche globale du d\u00e9cor qui prend en compte la psychologie de la couleur et le pouvoir des environnements stimulants. Il s&rsquo;agit d&rsquo;un style qui cherche \u00e0 r\u00e9veiller le plaisir, l&rsquo;\u00e9nergie et le bonheur \u00e0 travers chaque \u00e9l\u00e9ment choisi pour composer une pi\u00e8ce. Cette approche r\u00e9pond aussi au besoin profond que nous avons tous\u00a0: faire de notre maison un refuge o\u00f9 l&rsquo;on se sent bien, mais aussi un lieu dynamique qui invite \u00e0 la joie de vivre au quotidien. La recette\u00a0? Un savant dosage de couleurs vives, de motifs vivants, de textures riches et d&rsquo;objets qui ont du sens pour chacun.<\/p>\n<p>Cette tendance s&rsquo;appelle le dopamine decor. Comme son nom l&rsquo;indique plut\u00f4t tr\u00e8s bien, elle est inspir\u00e9e par la dopamine aka l&rsquo;hormone du bonheur, ce\u00a0neurotransmetteur li\u00e9 au plaisir et \u00e0 la satisfaction.\u00a0Concr\u00e8tement, elle utilise les couleurs vitamin\u00e9es \u2013 comme le jaune, l&rsquo;orange ou le rose \u2013 les formes organiques et les accessoires personnels pour cr\u00e9er des int\u00e9rieurs qui boostent la bonne humeur et le moral au quotidien.<\/p>\n<p>Au-del\u00e0 de l&rsquo;esth\u00e9tique pop et vitamin\u00e9e, ce style apporte aussi un cocon chaleureux avec des textures moelleuses, des plantes, et des pi\u00e8ces originales qui racontent une histoire, la v\u00f4tre. Le dopamine decor est tout sauf ordinaire\u00a0: il revitalise les espaces et invite \u00e0 vivre pleinement chaque instant chez soi. Alors, pr\u00eats \u00e0 insuffler lumi\u00e8re et joie dans votre int\u00e9rieur\u00a0? Nous, oui !<\/p>\n<\/p><\/div>\n<p>[ad_2]<br \/>\n<br \/><a href=\"https:\/\/deco.journaldesfemmes.fr\/styles-et-tendances\/3238608-c-est-un-tournant-dans-la-decoration-ce-nouveau-style-sera-partout-des-la-rentree\/\">Source link <\/a><\/p>\n","protected":false},"excerpt":{"rendered":"<p>[ad_1] Plus qu&rsquo;un simple style, c&rsquo;est une v\u00e9ritable philosophie pour faire de votre int\u00e9rieur un espace o\u00f9 il fait bon &hellip; <a href=\"http:\/\/www.affinite.fr\/index.php\/2025\/08\/29\/ce-nouveau-style-sera-partout-des-la-rentree\/\" class=\"more-link\">Plus <span class=\"screen-reader-text\">ce nouveau style sera partout d\u00e8s la rentr\u00e9e<\/span> <span class=\"meta-nav\">&rarr;<\/span><\/a><\/p>\n","protected":false},"author":1,"featured_media":12041,"comment_status":"","ping_status":"open","sticky":false,"template":"","format":"standard","meta":{"_sitemap_exclude":false,"_sitemap_priority":"","_sitemap_frequency":"","footnotes":""},"categories":[1],"tags":[],"class_list":["post-12040","post","type-post","status-publish","format-standard","has-post-thumbnail","hentry","category-tous"],"_links":{"self":[{"href":"http:\/\/www.affinite.fr\/index.php\/wp-json\/wp\/v2\/posts\/12040"}],"collection":[{"href":"http:\/\/www.affinite.fr\/index.php\/wp-json\/wp\/v2\/posts"}],"about":[{"href":"http:\/\/www.affinite.fr\/index.php\/wp-json\/wp\/v2\/types\/post"}],"author":[{"embeddable":true,"href":"http:\/\/www.affinite.fr\/index.php\/wp-json\/wp\/v2\/users\/1"}],"replies":[{"embeddable":true,"href":"http:\/\/www.affinite.fr\/index.php\/wp-json\/wp\/v2\/comments?post=12040"}],"version-history":[{"count":0,"href":"http:\/\/www.affinite.fr\/index.php\/wp-json\/wp\/v2\/posts\/12040\/revisions"}],"wp:featuredmedia":[{"embeddable":true,"href":"http:\/\/www.affinite.fr\/index.php\/wp-json\/wp\/v2\/media\/12041"}],"wp:attachment":[{"href":"http:\/\/www.affinite.fr\/index.php\/wp-json\/wp\/v2\/media?parent=12040"}],"wp:term":[{"taxonomy":"category","embeddable":true,"href":"http:\/\/www.affinite.fr\/index.php\/wp-json\/wp\/v2\/categories?post=12040"},{"taxonomy":"post_tag","embeddable":true,"href":"http:\/\/www.affinite.fr\/index.php\/wp-json\/wp\/v2\/tags?post=12040"}],"curies":[{"name":"wp","href":"https:\/\/api.w.org\/{rel}","templated":true}]}}