{"id":12032,"date":"2025-08-28T19:40:54","date_gmt":"2025-08-28T19:40:54","guid":{"rendered":"http:\/\/www.affinite.fr\/index.php\/2025\/08\/28\/une-nouvelle-moyenne-a-obtenir-points-jury-limites\/"},"modified":"2025-08-28T19:40:54","modified_gmt":"2025-08-28T19:40:54","slug":"une-nouvelle-moyenne-a-obtenir-points-jury-limites","status":"publish","type":"post","link":"http:\/\/www.affinite.fr\/index.php\/2025\/08\/28\/une-nouvelle-moyenne-a-obtenir-points-jury-limites\/","title":{"rendered":"une nouvelle moyenne \u00e0 obtenir, \u00ab\u00a0points jury\u00a0\u00bb limit\u00e9s"},"content":{"rendered":"<p> [ad_1]<br \/>\n<br \/><img decoding=\"async\" src=\"https:\/\/img-3.journaldesfemmes.fr\/8kphPnDE7ru-iBqEq-HNKwk7tD8=\/1280x\/smart\/b016e6e656334e5182c60f477564b594\/ccmcms-jdf\/40044478.jpg\" \/><\/p>\n<p>\n                La ministre de l&rsquo;\u00c9ducation nationale Elisabeth Borne a annonc\u00e9 de nouvelles r\u00e8gles concernant le rattrapage du baccalaur\u00e9at pour la session 2026. Voici ce qui va changer cette ann\u00e9e.            <\/p>\n<div>\n<aside class=\"ccmsummary marqueur_module ccmcss_cms_summary ccmcss_cms_summary--right\">\n<p>Sommaire<\/p>\n<\/aside>\n<p>Jusqu&rsquo;\u00e0 pr\u00e9sent, les\u00a0candidats recal\u00e9s de justesse au <a href=\"https:\/\/www.journaldesfemmes.fr\/maman\/guide-des-parents\/2726805-bac-2024\/\" title=\"Dates du bac\">bac<\/a>, avec une moyenne comprise entre 8 et\u00a09,99\/20, avaient droit \u00e0 une seconde chance, gr\u00e2ce aux\u00a0<strong>\u00e9preuves de rattrapage<\/strong>. Pour la session 2026, les r\u00e8gles changent.\u00a0C&rsquo;est ce qu&rsquo;a annonc\u00e9 la\u00a0ministre de l&rsquo;\u00c9ducation nationale Elisabeth Borne lors d&rsquo;une conf\u00e9rence de presse organis\u00e9e le 27 ao\u00fbt 2025..\u00a0<\/p>\n<h2 id=\"quelle-moyenne-faut-il-pour-passer-les-rattrapages-du-baccalaureat-\">Quelle moyenne faut-il pour passer les rattrapages du baccalaur\u00e9at ?<\/h2>\n<p>L&rsquo;acc\u00e8s au rattrapage sera d\u00e9sormais conditionn\u00e9 \u00e0 l&rsquo;obtention d&rsquo;<strong>au moins 9,5\/20<\/strong>\u00a0: les candidats en dessous de ce seuil ne pourront plus passer par cette voie pour d\u00e9crocher le baccalaur\u00e9at.\u00a0<em>\u00ab\u00a0Aucun \u00e9l\u00e8ve ne pourra donc \u00eatre dispens\u00e9 d&rsquo;\u00e9preuve de rattrapage ou obtenir le bac sans avoir atteint au moins 9,5\u00a0de moyenne\u00a0\u00bb <\/em>a-t-elle d\u00e9clar\u00e9.<\/p>\n<h2 id=\"la-fin-des-points-jury-\">La fin des points jury ?<\/h2>\n<p>\u00c0 partir de la session 2026\u00a0du baccalaur\u00e9at, les jurys ne pourront plus cr\u00e9diter les \u00e9l\u00e8ves de mani\u00e8re excessive lorsqu&rsquo;ils n&rsquo;atteignent pas la moyenne\u00a0: d\u00e9sormais, le bonus accord\u00e9 sera plafonn\u00e9 :\u00a0\u00ab\u00a0les jurys ne pourront attribuer plus que 50\u00a0points \u00e0 un candidat qui n&rsquo;aurait pas la moyenne, contre parfois plus de 100\u00a0aujourd&rsquo;hui\u00a0\u00bb, a insist\u00e9 la ministre de l&rsquo;\u00c9ducation nationale, rappelant par ailleurs que \u00ab\u00a0le niveau d&rsquo;exigence des \u00e9preuves de rattrapage est exactement le m\u00eame que celui des \u00e9preuves \u00e9crites\u00a0\u00bb.<\/p>\n<h2 id=\"quelles-sont-les-dates-des-epreuves-de-rattrapage-du-bac-\">Quelles sont les dates des \u00e9preuves de rattrapage du bac ?\u00a0<\/h2>\n<p>Les \u00e9preuves de rattrapage du bac ont g\u00e9n\u00e9ralement lieu au<strong> d\u00e9but du mois de juillet,<\/strong> juste apr\u00e8s les <a href=\"https:\/\/www.journaldesfemmes.fr\/maman\/guide-des-parents\/2724265-resultats-bac\/\" title=\"R\u00e9sultats du bac\">r\u00e9sultats du baccalaur\u00e9at<\/a>.\u00a0<\/p>\n<p><strong>Les \u00e9preuves orales de rattrapage<\/strong> se d\u00e9roulent dans les centres d&rsquo;examen des candidats. Selon les \u00e9preuves, <strong>l&rsquo;oral de rattrapage\u00a0dure en tout 40 minutes : 20 minutes de pr\u00e9paration et 20 minutes de pr\u00e9sentation<\/strong>.\u00a0L&rsquo;examinateur choisi les questions pos\u00e9es. Par ailleurs, aux\u00a0rattrapages, seules les notes les plus hautes sont retenues. Si la nouvelle note obtenue \u00e0 l&rsquo;oral d\u00e9passe celle du premier tour, elle la remplace. Le coefficient de chaque mati\u00e8re reste le m\u00eame que lors des \u00e9preuves initiales.<\/p>\n<p>Pour le bac professionnel, l&rsquo;\u00e9preuve de contr\u00f4le pr\u00e9voit d\u00e9sormais une interrogation sur les disciplines suivantes\u00a0: math\u00e9matiques et\/ou physique-chimie et\/ou \u00e9conomie-droit ou \u00e9conomie-gestion et\/ou pr\u00e9vention-sant\u00e9-environnement d&rsquo;une part, fran\u00e7ais ou histoire-g\u00e9ographie-enseignement moral et civique d&rsquo;autre part ; et la possibilit\u00e9 pour les candidats de choisir les deux disciplines sur lesquelles ils souhaitent \u00eatre interrog\u00e9s.\u00a0<\/p>\n<h2 id=\"quelles-sont-les-epreuves-au-rattrapage-du-bac-\">Quelles sont les deux \u00e9preuves orales \u00e0 choisir lors du rattrapage\u00a0?<\/h2>\n<p><strong>Les \u00e9preuves de rattrapage du bac sont constitu\u00e9es de deux \u00e9preuves orales,<\/strong> qui portent sur deux mati\u00e8res d&rsquo;enseignement diff\u00e9rentes.\u00a0<span style=\"font-size: 1rem;\"><em>\u00ab\u00a0\u00c0 l&rsquo;issue des r\u00e9sultats des \u00e9preuves du premier groupe, les candidats \u00e9ligibles aux \u00e9preuves de rattrapage passent une \u00e9preuve orale dans deux enseignements choisis <strong>parmi le fran\u00e7ais, la philosophie et les <a href=\"https:\/\/www.journaldesfemmes.fr\/maman\/guide-des-parents\/2805813-epreuves-specialite-bac\/\" title=\"Enseignement de sp\u00e9cialit\u00e9\">enseignements de sp\u00e9cialit\u00e9<\/a> suivis en classe de terminale<\/strong><\/em>\u00ab\u00a0, d\u00e9taille l&rsquo;acad\u00e9mie Aix-Marseille.\u00a0<\/span><\/p>\n<p>Pour bien les choisir, trois crit\u00e8res sont d\u00e9cisifs\u00a0: \u00ab\u00a0<strong><em>il faut tenir compte de la note obtenue au bac, de ses capacit\u00e9s et du coefficient de la mati\u00e8re<\/em><\/strong>\u00ab\u00a0, indique Isabelle Dumas, fondatrice et directrice de\u00a0<a href=\"http:\/\/www.cours-ado.com\/\" target=\"_blank\" rel=\"noopener\">Cours Ado<\/a>. Elle poursuit\u00a0: \u00ab\u00a0<em>Beaucoup de lyc\u00e9ens font l&rsquo;erreur de choisir la mati\u00e8re dans laquelle ils se sentent le plus \u00e0 l&rsquo;aise. Or, <strong>il vaut mieux choisir une mati\u00e8re dans laquelle on peut rattraper le plus de points\u00a0!<\/strong><\/em>\u00ab\u00a0. Autrement dit, si vous avez\u00a0obtenu une mauvaise note dans une <strong>mati\u00e8re \u00e0 fort coefficient<\/strong>, il sera judicieux de la repasser aux rattrapages, car il\u00a0y aura potentiellement plus de points \u00e0 rattraper.<\/p>\n<p>Avant les oraux, r\u00e9visez les fondamentaux de chaque mati\u00e8re, en allant \u00e0 l&rsquo;essentiel. <em>\u00ab\u00a0Si vous passez en maths ou en physique-chimie, mieux vaut ma\u00eetriser parfaitement vos formules\u00a0\u00bb<\/em>, conseille Isabelle Dumas. Refaire les sujets tomb\u00e9s au bac peut aussi aider \u00e0 se remettre dans le bain. Pour convaincre les jur\u00e9s, il faut \u00eatre clair, structur\u00e9 et pr\u00e9cis. Entrainez-vous devant vos parents ou vos fr\u00e8res et s\u0153urs&#8230; Veillez \u00e0 regarder votre auditoire dans les yeux et ne soyez pas riv\u00e9s sur vos notes. Et \u00e0 la fin, demandez-leur de vous poser des questions pi\u00e8ges. Cela vous entra\u00eenera \u00e0 argumenter et \u00e0 justifier vos choix.\u00a0<\/p>\n<h3>Soigner sa pr\u00e9sentation et rester organis\u00e9<\/h3>\n<p>Pas question d&rsquo;arriver \u00e0 l&rsquo;oral de rattrapage en dilettante ! L&rsquo;impression que vous donnerez \u00e0 votre\u00a0examinateur est d\u00e9terminante. \u00ab\u00a0<em><strong>Veillez donc \u00e0 arriver repos\u00e9, d\u00e9tendu et organis\u00e9, mais \u00e9galement poli et s\u00e9rieux. <\/strong>Vous devrez ainsi\u00a0emmener avec vous tous les outils inh\u00e9rents \u00e0 la mati\u00e8re : les textes si c&rsquo;est l&rsquo;oral de fran\u00e7ais ou de langues ou une calculatrice si c&rsquo;est celui de math\u00e9matiques. Il faudra tout prendre dans une pochette. L&rsquo;examinateur appr\u00e9ciera que vous soyez structur\u00e9 et organis\u00e9.<\/em>\u00a0\u00bb conseille la sp\u00e9cialiste.<\/p>\n<h3>\u00c9voquer son projet professionnel<\/h3>\n<p>Par ailleurs, vous pouvez\u00a0\u00e9voquer votre projet professionnel pendant l&rsquo;oral, si l&rsquo;examinateur vous y invite. Par exemple, si vous \u00eates est d\u00e9j\u00e0 accept\u00e9 dans une \u00e9cole sur Parcoursup et qu&rsquo;il ne vous manque plus que le bac, l&rsquo;examinateur sera plus enclin \u00e0 vous accorder une bonne note. N&rsquo;oubliez pas que l&rsquo;examinateur n&rsquo;est pas l\u00e0 pour \u00ab\u00a0casser\u00a0\u00bb le candidat ou le d\u00e9stabiliser, mais pour juger ses connaissances et voir ce qu&rsquo;il a retenu du sujet.<\/p>\n<p><lt-toolbar contenteditable=\"false\" data-lt-adjust-appearance=\"true\" data-lt-force-appearance=\"light\" style=\"display: none;\"><lt-div class=\"lt-toolbar__wrapper\" style=\"left: 968px; position: absolute !important; top: 197px !important; bottom: auto !important; z-index: 1;\"><lt-div class=\"lt-toolbar__status-icon lt-toolbar__status-icon--loading lt-toolbar__status-icon--has-errors lt-toolbar__status-icon--has-1-errors\" title=\"\"\/><lt-div class=\"lt-toolbar__premium-icon-dot\"\/><\/lt-div><\/lt-toolbar><lt-toolbar contenteditable=\"false\" data-lt-adjust-appearance=\"true\" data-lt-force-appearance=\"light\" style=\"display: none;\"><lt-div class=\"lt-toolbar__wrapper lt-toolbar--small\" style=\"left: 975px; position: absolute !important; top: 127px !important; bottom: auto !important; z-index: 1; opacity: 1 !important; pointer-events: all !important;\"><lt-div class=\"lt-toolbar__status-icon lt-toolbar__status-icon--loading lt-toolbar__status-icon--has-no-errors\" title=\"\"\/><lt-div class=\"lt-toolbar__premium-icon-dot\"\/><\/lt-div><\/lt-toolbar><lt-toolbar contenteditable=\"false\" data-lt-adjust-appearance=\"true\" data-lt-force-appearance=\"light\" style=\"display: none;\"><lt-div class=\"lt-toolbar__wrapper lt-toolbar__wrapper--hide\"><lt-div class=\"lt-toolbar__status-icon lt-toolbar__status-icon--has-no-errors\" title=\"\"\/><lt-div class=\"lt-toolbar__premium-icon-dot\"\/><\/lt-div><\/lt-toolbar><lt-toolbar contenteditable=\"false\" data-lt-adjust-appearance=\"true\" data-lt-force-appearance=\"light\" style=\"display: none;\"><lt-div class=\"lt-toolbar__wrapper\" style=\"left: 974px; position: absolute !important; top: 173px !important; bottom: auto !important; z-index: 1; opacity: 1 !important; pointer-events: all !important;\"><lt-div class=\"lt-toolbar__status-icon lt-toolbar__status-icon--has-no-errors\" title=\"\"\/><lt-div class=\"lt-toolbar__premium-icon-dot\"\/><\/lt-div><\/lt-toolbar><\/p><\/div>\n<p>[ad_2]<br \/>\n<br \/><a href=\"https:\/\/www.journaldesfemmes.fr\/maman\/guide-des-parents\/1140978-rattrapage-bac-2023-dates\/\">Source link <\/a><\/p>\n","protected":false},"excerpt":{"rendered":"<p>[ad_1] La ministre de l&rsquo;\u00c9ducation nationale Elisabeth Borne a annonc\u00e9 de nouvelles r\u00e8gles concernant le rattrapage du baccalaur\u00e9at pour la &hellip; <a href=\"http:\/\/www.affinite.fr\/index.php\/2025\/08\/28\/une-nouvelle-moyenne-a-obtenir-points-jury-limites\/\" class=\"more-link\">Plus <span class=\"screen-reader-text\">une nouvelle moyenne \u00e0 obtenir, \u00ab\u00a0points jury\u00a0\u00bb limit\u00e9s<\/span> <span class=\"meta-nav\">&rarr;<\/span><\/a><\/p>\n","protected":false},"author":1,"featured_media":12033,"comment_status":"","ping_status":"open","sticky":false,"template":"","format":"standard","meta":{"_sitemap_exclude":false,"_sitemap_priority":"","_sitemap_frequency":"","footnotes":""},"categories":[1],"tags":[],"class_list":["post-12032","post","type-post","status-publish","format-standard","has-post-thumbnail","hentry","category-tous"],"_links":{"self":[{"href":"http:\/\/www.affinite.fr\/index.php\/wp-json\/wp\/v2\/posts\/12032"}],"collection":[{"href":"http:\/\/www.affinite.fr\/index.php\/wp-json\/wp\/v2\/posts"}],"about":[{"href":"http:\/\/www.affinite.fr\/index.php\/wp-json\/wp\/v2\/types\/post"}],"author":[{"embeddable":true,"href":"http:\/\/www.affinite.fr\/index.php\/wp-json\/wp\/v2\/users\/1"}],"replies":[{"embeddable":true,"href":"http:\/\/www.affinite.fr\/index.php\/wp-json\/wp\/v2\/comments?post=12032"}],"version-history":[{"count":0,"href":"http:\/\/www.affinite.fr\/index.php\/wp-json\/wp\/v2\/posts\/12032\/revisions"}],"wp:featuredmedia":[{"embeddable":true,"href":"http:\/\/www.affinite.fr\/index.php\/wp-json\/wp\/v2\/media\/12033"}],"wp:attachment":[{"href":"http:\/\/www.affinite.fr\/index.php\/wp-json\/wp\/v2\/media?parent=12032"}],"wp:term":[{"taxonomy":"category","embeddable":true,"href":"http:\/\/www.affinite.fr\/index.php\/wp-json\/wp\/v2\/categories?post=12032"},{"taxonomy":"post_tag","embeddable":true,"href":"http:\/\/www.affinite.fr\/index.php\/wp-json\/wp\/v2\/tags?post=12032"}],"curies":[{"name":"wp","href":"https:\/\/api.w.org\/{rel}","templated":true}]}}