{"id":1203,"date":"2020-03-27T09:40:22","date_gmt":"2020-03-27T09:40:22","guid":{"rendered":"https:\/\/www.affinite.fr\/index.php\/2020\/03\/27\/pic-de-lepidemie-de-coronavirus-en-france-ce-week-end\/"},"modified":"2020-03-27T09:40:22","modified_gmt":"2020-03-27T09:40:22","slug":"pic-de-lepidemie-de-coronavirus-en-france-ce-week-end","status":"publish","type":"post","link":"http:\/\/www.affinite.fr\/index.php\/2020\/03\/27\/pic-de-lepidemie-de-coronavirus-en-france-ce-week-end\/","title":{"rendered":"Pic de l&rsquo;\u00e9pid\u00e9mie de coronavirus en France\u00a0: ce week-end\u00a0?"},"content":{"rendered":"<p> [ad_1]<br \/>\n<\/p>\n<p>\n                A quelle date le pic de l&rsquo;\u00e9pid\u00e9mie Covid-19\u00a0sera-t-il atteint en France\u00a0? Certains experts, qui ont trouv\u00e9 un lien entre les courbes d&rsquo;\u00e9volution du coronavirus en Italie et celles en France, estiment que le pic pourrait \u00eatre atteint ce week end. Un autre \u00e9tude d\u00e9termine le pic plut\u00f4t fin avril\/d\u00e9but mai.            <\/p>\n<div>\n<aside class=\"ccmsummary marqueur_module ccmcss_cms_summary ccmcss_cms_summary--right\">\n<p>Sommaire<\/p>\n<\/aside>\n<p><strong>[Mis \u00e0 jour le vendredi 27 mars \u00e0 9h57]<\/strong> Chaque jour, le bilan des personnes malades et des d\u00e9c\u00e8s dus au <a href=\"https:\/\/sante.journaldesfemmes.fr\/maladies\/2605417-coronavirus-france-pic-epidemie-monde-deces-nouveaux-cas-hospitalisation-carte-temps-reel-regions\/\" target=\"_blank\" rel=\"noopener noreferrer\">coronavirus<\/a> s&rsquo;alourdit. Mais la maladie, qualifi\u00e9e depuis le 11 mars de <a href=\"https:\/\/sante.journaldesfemmes.fr\/maladies\/2619795-pandemie-coronavirus-covid-19-definition-signification-difference-epidemie-exemple-historique\/\" target=\"_blank\" rel=\"noopener noreferrer\">pand\u00e9mie<\/a> par l&rsquo;Organisation mondiale de la Sant\u00e9, est-elle \u00e0 son paroxysme ? <strong>La France doit s&rsquo;attendre \u00e0 des \u00ab\u00a0jours difficiles\u00a0\u00bb<\/strong>, a pr\u00e9cis\u00e9\u00a0le directeur g\u00e9n\u00e9ral de la Sant\u00e9. J\u00e9r\u00f4me Salomon, lors de son point de situation quotidien du 25 mars. Dans ce contexte \u00e9pid\u00e9mique, des chercheurs ont tent\u00e9\u00a0de\u00a0<strong>pr\u00e9dire l&rsquo;\u00e9volution de la propagation du coronavirus<\/strong> lors de ces prochains mois, en tenant compte des facteurs sociaux ainsi que des mesures d&rsquo;hygi\u00e8ne et de confinement mises en place par les autorit\u00e9s de chaque pays. Ils se basent \u00e9galement\u00a0sur le nombre de personnes qu&rsquo;un malade peut infecter, soit\u00a0<strong>la vitesse de transmission de la maladie<\/strong>.\u00a0<\/p>\n<blockquote>\n<p style=\"text-align: right;\">Le pic de l&rsquo;\u00e9pid\u00e9mie en France devrait en effet avoir lieu <strong>autour du samedi 28\u00a0mars<\/strong>.\u00a0<\/p>\n<\/blockquote>\n<p>Le nombre de nouveaux cas <strong>augmente de fa\u00e7on croissante<\/strong> <strong>depuis le 8\u00a0mars<\/strong> : 177\u00a0nouveaux cas le 8\u00a0mars, 286\u00a0nouveaux cas le 9\u00a0mars, 372\u00a0nouveaux cas le 10\u00a0mars, 497\u00a0nouveaux cas le 11\u00a0mars, 595\u00a0nouveaux cas le 12\u00a0mars&#8230; \u00ab\u00a0<em>Le\u00a0nombre de cas\u00a0double d\u00e9sormais tous les 4\u00a0jours<\/em>\u00ab\u00a0, a confirm\u00e9 J\u00e9r\u00f4me Salomon, directeur de la Sant\u00e9 lors d&rsquo;un point presse du\u00a019\u00a0mars.\u00a0Pour autant, il est difficile de pr\u00e9voir si le nombre de cas poursuivra son ascension, se stabilisera ou si au contraire,\u00a0chutera.\u00a0Le pic de l&rsquo;\u00e9pid\u00e9mie pourrait \u00eatre atteint entre <strong>le 25\u00a0et le 28\u00a0mars<\/strong>, signale J\u00e9r\u00f4me Salomon, Directeur G\u00e9n\u00e9ral de la Sant\u00e9 lors de son point de situation du vendredi 20\u00a0mars. Par ailleurs, l&rsquo;\u00e9volution de l&rsquo;\u00e9pid\u00e9mie en France semble suivre celle de l&rsquo;Italie, avec <strong>un d\u00e9calage de 8\u00a0jours<\/strong>, si on analyse les courbes des nouveaux cas et des d\u00e9c\u00e8s. Comme le pic en Italie semble avoir \u00e9t\u00e9 atteint (depuis la mise en place\u00a0du confinement) vers le 20\u00a0mars 2020\u00a0(augmentation des cas de +15% ce jour-l\u00e0), le pic de l&rsquo;\u00e9pid\u00e9mie en France devrait en effet avoir lieu <strong>autour du samedi 28\u00a0mars<\/strong>. Enfin, la\u00a0<strong>date du pic\u00a0\u00e9pid\u00e9mique peut diff\u00e9rer en fonction des r\u00e9gions<\/strong>. Par exemple, le bilan dans <strong>la r\u00e9gion Grand Est<\/strong> a fait un bond vertigineux en ce milieu de semaine (faisant 173 d\u00e9c\u00e8s suppl\u00e9mentaires entre le\u00a025-26 mars), ce qui semble indiquer que le pic de l&rsquo;\u00e9pid\u00e9mie dans cette r\u00e9gion est proche.\u00a0<\/p>\n<p>Dans ce contexte pand\u00e9mique, <a href=\"https:\/\/sante.journaldesfemmes.fr\/maladies\/2626091-coronavirus-confinement-total-effets-psychologiques-rester-a-la-maison-solitude-deprime-ennui\/\" target=\"_blank\" rel=\"noopener noreferrer\">le confinement de la population<\/a>, mis en place en France le mardi 17\u00a0mars 2020, autrement dit <strong>le respect de la distanciation sociale<\/strong>, semble \u00eatre indispensable pour r\u00e9duire le nombre de cas, retarder voire att\u00e9nuer le\u00a0pic \u00e9pid\u00e9mique et limiter son influence sur le syst\u00e8me de sant\u00e9. \u00ab\u00a0<em>Il faudra entre\u00a0<strong>10\u00a0\u00e0 28\u00a0jours pour obtenir un r\u00e9sultat de la modification des comportements et du confinement\u00a0\u00bb<\/strong><\/em>, poursuit-il.\u00a0<strong>\u00ab\u00a0<\/strong><em><strong>Le pic, on n&rsquo;y est pas du tout. <\/strong>Ce n&rsquo;est qu&rsquo;\u00e0 partir du moment o\u00f9 l&rsquo;on constatera une <strong>diminution du nombre de cas quotidiens qu&rsquo;on aura franchi le pic \u00e9pid\u00e9mique<\/strong><\/em>\u00ab\u00a0, indique au contraire le Professeur Fran\u00e7ois Bricaire, infectiologue et membre de l&rsquo;Acad\u00e9mie nationale de m\u00e9decine, contact\u00e9 par Capital.<\/p>\n<blockquote>\n<p style=\"text-align: right;\">Le pic de l&rsquo;\u00e9pid\u00e9mie se situerait entre le mois d&rsquo;avril et le mois de mai.<\/p>\n<\/blockquote>\n<p><a href=\"https:\/\/www.thelancet.com\/journals\/lancet\/article\/PIIS0140-6736(20)30260-9\/fulltext#seccestitle10\" target=\"_blank\" rel=\"noopener noreferrer\">Une\u00a0\u00e9tude*<\/a>\u00a0publi\u00e9e le 31 janvier 2020 dans la revue sp\u00e9cialis\u00e9e <em>The Lancet<\/em>, a estim\u00e9 que la maladie atteindrait probablement un pic entre les mois d&rsquo;<strong>avril et mai 2020<\/strong>. Pour parvenir \u00e0 cette conclusion, les chercheurs ont r\u00e9alis\u00e9 <strong>de nombreuses courbes pr\u00e9dictives<\/strong> dans plusieurs villes chinoises particuli\u00e8rement touch\u00e9es par le virus (P\u00e9kin, Wuhan,\u00a0Shanghai&#8230;).\u00a0Pour chacune d&rsquo;entre elles, ils ont constitu\u00e9 des \u00ab\u00a0sc\u00e9narios\u00a0\u00bb, en faisant \u00e0 chaque fois varier deux param\u00e8tres : la transmissibilit\u00e9 du coronavirus (c&rsquo;est-\u00e0-dire la capacit\u00e9 du virus \u00e0 se transmettre) et la mobilit\u00e9 inter-urbaine dans la ville. <strong>R\u00e9sultats : <\/strong>pour chacun des sc\u00e9narios, le pic de l&rsquo;\u00e9pid\u00e9mie se situe entre le mois d&rsquo;avril et le mois de mai 2020. \u00ab\u00a0<em>S&rsquo;il n&rsquo;y a pas de r\u00e9duction de la transmissibilit\u00e9, l&rsquo;\u00e9pid\u00e9mie\u00a0atteindrait un pic vers avril 2020\u00a0et les \u00e9pid\u00e9mies locales dans les villes de Chine continentale seraient en retard de 1\u00a0\u00e0 2\u00a0semaines. En revanche, si la transmissibilit\u00e9 est r\u00e9duite de 25% dans toutes les villes du pays, le taux de croissance et l&rsquo;ampleur des \u00e9pid\u00e9mies locales seraient consid\u00e9rablement r\u00e9duites\u00a0: le pic \u00e9pid\u00e9mique serait retard\u00e9 d&rsquo;environ 1\u00a0mois <\/em>(ce qui am\u00e8ne au mois de mai, ndlr)<em> et<strong> son ampleur serait r\u00e9duite d&rsquo;environ 50%<\/strong><\/em>\u00ab\u00a0, expliquent les auteurs de l&rsquo;\u00e9tude.\u00a0Pour autant, la Commission nationale chinoise de la sant\u00e9 a indiqu\u00e9, jeudi 12 mars 2020, que le pic de l&rsquo;\u00e9pid\u00e9mie de coronavirus dans le pays \u00e9tait d\u00e9sormais pass\u00e9 et que <strong>le nombre de nouvelles infections continuait \u00e0 diminuer<\/strong>. En effet, la Chine a fait \u00e9tat ce jour-l\u00e0 de son niveau de nouveaux cas le plus bas (15 nouvelles infections et 11 d\u00e9c\u00e8s) depuis l&rsquo;apparition du coronavirus en d\u00e9cembre 2019 \u00e0 Wuhan.\u00a0<\/p>\n<h3 style=\"text-align: center;\">Quelques courbes pr\u00e9dictives du pic de l&rsquo;\u00e9pid\u00e9mie Covid-19 en Chine<\/h3>\n<div style=\"text-align:center\">\n<figure class=\"image\" style=\"display:inline-block\"><a class=\"fancy\" href=\"https:\/\/img-3.journaldesfemmes.fr\/lFrY1X-dqtNqx5GgCgRC3UA2k3Q=\/1080x\/smart\/9cc4ffbd538d46528fd6e95d86b6606c\/ccmcms-jdf\/14299719.jpg\"><img decoding=\"async\" alt=\"pic epidemie de coronavirus\" src=\"https:\/\/img-3.journaldesfemmes.fr\/mgDkuFaYC3CghM5qtfwOCulhNuo=\/600x\/smart\/9cc4ffbd538d46528fd6e95d86b6606c\/ccmcms-jdf\/14299719.jpg\"\/><\/a><figcaption data-credit=\"The Lancet\" data-legend=\"Pr\u00e9visions \u00e9pid\u00e9miques pour Wuhan et cinq autres villes chinoises selon diff\u00e9rents sc\u00e9narios de r\u00e9duction de la transmissibilit\u00e9 et de la mobilit\u00e9 interurbaine. \">Pr\u00e9visions \u00e9pid\u00e9miques pour Wuhan et cinq autres villes chinoises selon diff\u00e9rents sc\u00e9narios de r\u00e9duction de la transmissibilit\u00e9 et de la mobilit\u00e9 interurbaine. <small>\u00a9\u00a0The Lancet<\/small><\/figcaption><\/figure>\n<\/div>\n<p>Les r\u00e9sultats de l&rsquo;\u00e9tude ne sont que <strong>des pr\u00e9dictions<\/strong>\u00a0et ne seraient donc pas fiables \u00e0 100%. Et ce, pour plusieurs raisons.\u00a0Le virus responsable du <a href=\"https:\/\/sante.journaldesfemmes.fr\/maladies\/2619933-covid-19-premiers-symptomes-personnes-a-risque-combien-de-temps-coronavirus\/\" target=\"_blank\" rel=\"noopener noreferrer\">Covid-19<\/a> a \u00e9t\u00e9 d\u00e9couvert tr\u00e8s r\u00e9cemment\u00a0:\u00a0<strong>sa p\u00e9riode d&rsquo;incubation<\/strong> (temps qui s&rsquo;\u00e9coule entre l&rsquo;\u00e9poque de la contagion et l&rsquo;apparition des sympt\u00f4mes d&rsquo;une maladie) qui varie\u00a0de <strong>3 \u00e0 14 jours<\/strong> n&rsquo;est pas assez pr\u00e9cise\u00a0pour d\u00e9terminer de mani\u00e8re formelle la date du\u00a0pic.\u00a0De plus,\u00a0<em>80%\u00a0des gens ne font pas ou peu de sympt\u00f4mes, donc c&rsquo;est un virus qui est asymptomatique ou b\u00e9nin chez l&rsquo;immense majorit\u00e9 des Fran\u00e7ais\u00a0\u00bb, <\/em>a pr\u00e9cis\u00e9<em>\u00a0<\/em>le ministre de la Sant\u00e9, Olivier V\u00e9ran\u00a0le lundi 9 mars 2020,\u00a0ce qui ne permet pas de d\u00e9terminer avec pr\u00e9cision le nombre de personnes qu&rsquo;un malade peut contaminer.\u00a0<\/p>\n<p>Enfin, <strong><a href=\"https:\/\/sante.journaldesfemmes.fr\/maladies\/2619933-covid-19-premiers-symptomes-personnes-a-risque-combien-de-temps-coronavirus\/#mutation-covid-19-coronavirus\" target=\"_blank\" rel=\"noopener noreferrer\">ce virus serait capable de muter<\/a>\u00a0tr\u00e8s facilement<\/strong>, selon les derni\u00e8res donn\u00e9es scientifiques. Pourraient alors se d\u00e9velopper d&rsquo;autres souches du virus (actuellement, il n&rsquo;y aurait que deux souches qui circulent\u00a0 : L et S), plus ou moins contagieuses et\u00a0plus ou moins pathog\u00e8nes. \u00ab\u00a0<em>\u00c7a, c&rsquo;est impossible de le pr\u00e9dire\u00a0\u00bb, <\/em>insiste Christophe d&rsquo;Enfert, Professeur \u00e0 l&rsquo;Institut Pasteur et Directeur de l&rsquo;Unit\u00e9 Biologie et Pathog\u00e9nicit\u00e9 Fongiques. Et on peut facilement imaginer que si le coronavirus est capable d&rsquo;acqu\u00e9rir\u00a0d&rsquo;autres mutations, il est tr\u00e8s difficile, voire impossible \u00e0 ce jour, de d\u00e9terminer sa vitesse de transmission, sa contagiosit\u00e9,\u00a0son taux de reproduction et donc le pic maximal de l&rsquo;\u00e9pid\u00e9mie. Voil\u00e0 pourquoi en l&rsquo;absence de donn\u00e9es fiables, le gouvernement continue d&rsquo;appliquer des mesures de confinement et d&rsquo;endiguement du virus.<\/p>\n<aside id=\"NL_305166273\" class=\"newsletter_subscription jNlBlock\"><noscript><br \/>\n            <\/noscript><\/p>\n<h3 class=\"newsletter_subscription-title\">Newsletter <\/h3>\n<p><a href=\"\/\/mailing.ccmbg.com\/archive\/last-85\" target=\"_blank\" class=\"a_hover\" rel=\"noopener noreferrer\">Voir un exemple<\/a><\/p>\n<\/aside>\n<p><em>*Etude \u00ab\u00a0Nowcasting and forecasting the potential domestic and international spread of the 2019-nCoV outbreak originating in Wuhan, China: a modelling study\u00a0\u00bb, publi\u00e9e le 31 janvier 2020 et paru le 29 f\u00e9vrier\u00a0dans la revue sp\u00e9cialis\u00e9e The Lancet.\u00a0<\/em><\/p>\n<\/p><\/div>\n<p>[ad_2]<br \/>\n<br \/><a href=\"https:\/\/sante.journaldesfemmes.fr\/maladies\/2625401-coronavirus-pic-epidemie-france-date-contamination-courbe-monde-weekend-28-mars\/\">Source link <\/a><\/p>\n","protected":false},"excerpt":{"rendered":"<p>[ad_1] A quelle date le pic de l&rsquo;\u00e9pid\u00e9mie Covid-19\u00a0sera-t-il atteint en France\u00a0? Certains experts, qui ont trouv\u00e9 un lien entre &hellip; <a href=\"http:\/\/www.affinite.fr\/index.php\/2020\/03\/27\/pic-de-lepidemie-de-coronavirus-en-france-ce-week-end\/\" class=\"more-link\">Plus <span class=\"screen-reader-text\">Pic de l&rsquo;\u00e9pid\u00e9mie de coronavirus en France\u00a0: ce week-end\u00a0?<\/span> <span class=\"meta-nav\">&rarr;<\/span><\/a><\/p>\n","protected":false},"author":1,"featured_media":1204,"comment_status":"open","ping_status":"open","sticky":false,"template":"","format":"standard","meta":{"_sitemap_exclude":false,"_sitemap_priority":"","_sitemap_frequency":"","footnotes":""},"categories":[1],"tags":[],"class_list":["post-1203","post","type-post","status-publish","format-standard","has-post-thumbnail","hentry","category-tous"],"_links":{"self":[{"href":"http:\/\/www.affinite.fr\/index.php\/wp-json\/wp\/v2\/posts\/1203"}],"collection":[{"href":"http:\/\/www.affinite.fr\/index.php\/wp-json\/wp\/v2\/posts"}],"about":[{"href":"http:\/\/www.affinite.fr\/index.php\/wp-json\/wp\/v2\/types\/post"}],"author":[{"embeddable":true,"href":"http:\/\/www.affinite.fr\/index.php\/wp-json\/wp\/v2\/users\/1"}],"replies":[{"embeddable":true,"href":"http:\/\/www.affinite.fr\/index.php\/wp-json\/wp\/v2\/comments?post=1203"}],"version-history":[{"count":0,"href":"http:\/\/www.affinite.fr\/index.php\/wp-json\/wp\/v2\/posts\/1203\/revisions"}],"wp:featuredmedia":[{"embeddable":true,"href":"http:\/\/www.affinite.fr\/index.php\/wp-json\/wp\/v2\/media\/1204"}],"wp:attachment":[{"href":"http:\/\/www.affinite.fr\/index.php\/wp-json\/wp\/v2\/media?parent=1203"}],"wp:term":[{"taxonomy":"category","embeddable":true,"href":"http:\/\/www.affinite.fr\/index.php\/wp-json\/wp\/v2\/categories?post=1203"},{"taxonomy":"post_tag","embeddable":true,"href":"http:\/\/www.affinite.fr\/index.php\/wp-json\/wp\/v2\/tags?post=1203"}],"curies":[{"name":"wp","href":"https:\/\/api.w.org\/{rel}","templated":true}]}}